{"id":100,"date":"2024-12-04T19:58:00","date_gmt":"2024-12-04T19:58:00","guid":{"rendered":"https:\/\/www.bfv.cloud\/ajedrezeuropa\/index.php\/2024\/12\/04\/nuestro-ajedrez-en-europa-subcampeon-de-toledo-por-equipos-de-1a-division\/"},"modified":"2025-11-20T10:13:23","modified_gmt":"2025-11-20T10:13:23","slug":"nuestro-ajedrez-en-europa-subcampeon-de-toledo-por-equipos-de-1a-division","status":"publish","type":"post","link":"https:\/\/www.bfv.cloud\/ajedrezeuropa\/nuestro-ajedrez-en-europa-subcampeon-de-toledo-por-equipos-de-1a-division\/","title":{"rendered":"NUESTRO AJEDREZ EN EUROPA, SUBCAMPE\u00d3N DE TOLEDO POR EQUIPOS DE 1\u00aa DIVISI\u00d3N"},"content":{"rendered":"<table align=\"center\" cellpadding=\"0\" cellspacing=\"0\" class=\"tr-caption-container\" style=\"margin-left: auto;margin-right: auto\">\n<tbody>\n<tr>\n<td style=\"text-align: center\"><a href=\"https:\/\/www.bfv.cloud\/ajedrezeuropa\/wp-content\/uploads\/2024\/12\/120FOTO20GENEREL20GRUPO.jpg\" style=\"margin-left: auto;margin-right: auto\"><img fetchpriority=\"high\" decoding=\"async\" border=\"0\" data-original-height=\"679\" data-original-width=\"1795\" height=\"242\" src=\"https:\/\/blogger.googleusercontent.com\/img\/b\/R29vZ2xl\/AVvXsEgoecbdra90ejNUPyqXlloMj6ZELeEDg8V6mZ2EONvLUFimWNdURLV0Zs9HWWW3xwO-Yyv-BxmtW3Q56RF5DDvDU3sDGGhZyZDj6cUvFcC8IyF67GRQOJ77V9zkfVM6JgykJdOwC9KbYfSGkPGvA06ogVpTJLPy7urGGlUzQ8OiZg_8qGfOfEmsgM4foTQ\/w640-h242\/1%20FOTO%20GENEREL%20GRUPO.jpg\" width=\"640\" \/><\/a><\/td>\n<\/tr>\n<tr>\n<td class=\"tr-caption\" style=\"text-align: center\">Foto de grupo de los participantes de Nuestro Ajedrez en Europa<\/td>\n<\/tr>\n<\/tbody>\n<\/table>\n<p>&nbsp;<span style=\"font-size: 14pt;text-align: justify\">El campeonato provincial de Toledo por equipos de club de 1\u00aa<br \/>\ndivisi\u00f3n finaliz\u00f3 el pasado domingo, d\u00eda 1 de diciembre, tras 3 fines de semana<br \/>\ndonde se midieron las fuerzas 14 equipos pertenecientes a 9 clubes de la<br \/>\nprovincia. En esta 1\u00aa divisi\u00f3n, m\u00e1xima categor\u00eda del ajedrez toledano, el<br \/>\ntorneo cont\u00f3 con la participaci\u00f3n de 3 equipos pertenecientes al proyecto <\/span><b style=\"font-size: 14pt;text-align: justify\">Nuestro<br \/>\nAjedrez en Europa<\/b><span style=\"font-size: 14pt;text-align: justify\">, repitiendo el n\u00famero de pasadas temporadas, 2 de estas formaciones<br \/>\nde Europa y una de <\/span><b style=\"font-size: 14pt;text-align: justify\">Nuestro Ajedrez por la Igualdad<\/b><span style=\"font-size: 14pt;text-align: justify\">. En la suma total de<br \/>\nlas 3 divisiones la representaci\u00f3n del proyecto, incluyendo al club de <\/span><b style=\"font-size: 14pt;text-align: justify\">Ajedrez<br \/>\nen la Escuela de Illescas<\/b><span style=\"font-size: 14pt;text-align: justify\">, alcanz\u00f3 la cifra de 11 equipos, con cerca de 60<br \/>\najedrecistas desde los 7 hasta los 58 a\u00f1os de edad. El balance total de equipos<br \/>\nque compitieron en las tres divisiones fue de 58.<\/span><\/p>\n<p class=\"MsoNormal\" style=\"text-align: justify\"><b><i><u><span style=\"font-size: 14.0pt;line-height: 107%\">Nuestro Ajedrez en Europa, subcampe\u00f3n de 1\u00aa divisi\u00f3n<\/span><\/u><\/i><\/b><span style=\"font-size: 14.0pt;line-height: 107%\"><\/span><\/p>\n<p class=\"MsoNormal\" style=\"text-align: justify\"><b><i><u><\/p>\n<table cellpadding=\"0\" cellspacing=\"0\" class=\"tr-caption-container\" style=\"float: left\">\n<tbody>\n<tr>\n<td style=\"text-align: center\"><a href=\"https:\/\/www.bfv.cloud\/ajedrezeuropa\/wp-content\/uploads\/2024\/12\/120TROFEO20EUROPA20A20SUBCAMPEON.jpeg\" style=\"clear: left;margin-bottom: 1em;margin-left: auto;margin-right: auto\"><img decoding=\"async\" border=\"0\" data-original-height=\"838\" data-original-width=\"811\" height=\"400\" src=\"https:\/\/blogger.googleusercontent.com\/img\/b\/R29vZ2xl\/AVvXsEhZvf0x-qpGj9XznVeq6hnNQNqiaaKqHyYQ4okK2k020_iNM9OVklhYftMypQ_UoK1trVDdOUV666fKEcm6-F5pM1Nnh5oTvblnvq8OdfpmHn5a4JqaOsXBhlV7_oAFHrUXbOKCtAhH-ogSlrFVCcZJuzAERFq3XkgDy4BAGGJXOEEb7DozuZINzoVihqU\/w388-h400\/1%20TROFEO%20EUROPA%20A%20SUBCAMPEON.jpeg\" width=\"388\" \/><\/a><\/td>\n<\/tr>\n<tr>\n<td class=\"tr-caption\" style=\"text-align: center\"><\/td>\n<\/tr>\n<\/tbody>\n<\/table>\n<p><\/u><\/i><\/b><\/p>\n<p class=\"MsoNormal\" style=\"text-align: justify\"><span style=\"font-size: 14.0pt;line-height: 107%\">La 1\u00aa divisi\u00f3n toledana ofreci\u00f3 un duelo de gran nivel entre<br \/>\nel club de ajedrez de Noblejas y Nuestro Ajedrez en Europa, llegando empatados<br \/>\na puntos a la \u00faltima ronda, decidiendo la clasificaci\u00f3n final una peque\u00f1a<br \/>\ndiferencia de 1,5 puntos en el primer desempate a favor de los noblejanos. A<br \/>\npesar de ello, Nuestro Ajedrez en Europa, gan\u00f3 con autoridad al fuerte equipo<br \/>\nde maestros de Noblejas, por 3-1, y se impuso con eficiencia por 2,5 a 1,5 al finalmente<br \/>\ntercer clasificado, Bargas A. La \u00fanica derrota para Europa A surgi\u00f3 de su<br \/>\nenfrentamiento en 1\u00aa ronda con su equipo filial Europa B, logrando sendas<br \/>\nvictorias en las siguientes 5 rondas con lo que sum\u00f3 10 puntos, al igual que el<br \/>\ncampe\u00f3n, y 2 puntos m\u00e1s que el tercer clasificado. Por su parte, Europa B,<br \/>\nfinaliz\u00f3 en el puesto 10\u00ba con 5 puntos, mientras que Nuestro Ajedrez por la Igualdad<br \/>\nacab\u00f3 como 12\u00ba clasificado con 3 puntos.<\/span><\/p>\n<p class=\"MsoNormal\" style=\"text-align: justify\"><span style=\"font-size: 14.0pt;line-height: 107%\">Entre los 4 tableros que formaron el equipo habitual de<br \/>\nEuropa A, cabe destacar la actuaci\u00f3n de <b>Ana Isabel Gonz\u00e1lez<\/b> con el 100%<br \/>\nde victorias (6 puntos de 6 partidas) y de <b>\u00c1ngel Collado<\/b>, con 5 puntos<br \/>\nde 6. En los tableros 1 y 2, estuvieron<b>: Rub\u00e9n Valhondo<\/b> 3,5 puntos y <b>Alonso<br \/>\nL\u00f3pez<\/b> con 2 puntos, ambos tuvieron una gran actuaci\u00f3n, con partidas muy<br \/>\nluchadas. Mientras los 6 ajedrecistas que jugaron en Europa B: <b>Jorge Sim\u00f3n,<br \/>\nRoberto L\u00f3pez, Jos\u00e9 \u00c1ngel Vela, Oswaldo Carbayo, Irene Sim\u00f3n y Aday Berm\u00fadez,<\/b><br \/>\nlograron mejorar 4 puestos la clasificaci\u00f3n del a\u00f1o pasado. Por \u00faltimo, Nuestro<br \/>\nAjedrez por la Igualdad, finaliz\u00f3 en el puesto 12\u00ba, misma posici\u00f3n de la que<br \/>\npart\u00eda en el ranking inicial, contando con los siguientes 4 jugadores durante<br \/>\ntodo el campeonato: <b>Antonio Albo, Jaime Vila, Rub\u00e9n Escribano y Rafael<br \/>\nAbu-Bakr.<\/b><\/span><\/p>\n<p class=\"MsoNormal\" style=\"text-align: justify\"><span style=\"font-size: 14.0pt;line-height: 107%\"><\/p>\n<table align=\"center\" cellpadding=\"0\" cellspacing=\"0\" class=\"tr-caption-container\" style=\"margin-left: auto;margin-right: auto\">\n<tbody>\n<tr>\n<td style=\"text-align: center\"><a href=\"https:\/\/www.bfv.cloud\/ajedrezeuropa\/wp-content\/uploads\/2024\/12\/120EUROPA.jpg\" style=\"margin-left: auto;margin-right: auto\"><img decoding=\"async\" border=\"0\" data-original-height=\"901\" data-original-width=\"1970\" height=\"292\" src=\"https:\/\/blogger.googleusercontent.com\/img\/b\/R29vZ2xl\/AVvXsEiyiT3Ybe5S3szdvQpG1PbPxj55C_GGJuQ9nB1mO6RRud0YzSKWFrqQVVUX-_Z7Zu4D6VITA6-I833ftjw7PkbPZPCnHRG9IYyFN3Mijz_vaX3TO1kU0jF_WgN56atov3lYrEDV7RAQ4rxxYeWc79bVFCLV9HOIjscNyQyYLNuuojzEC2B-rFTP5QD7gqA\/w640-h292\/1%20EUROPA.jpg\" width=\"640\" \/><\/a><\/td>\n<\/tr>\n<tr>\n<td class=\"tr-caption\" style=\"text-align: center\">Equipo de Nuestro Ajedrez en Europa A<\/td>\n<\/tr>\n<\/tbody>\n<\/table>\n<p><\/p>\n<table align=\"center\" cellpadding=\"0\" cellspacing=\"0\" class=\"tr-caption-container\" style=\"margin-left: auto;margin-right: auto\">\n<tbody>\n<tr>\n<td style=\"text-align: center\"><a href=\"https:\/\/www.bfv.cloud\/ajedrezeuropa\/wp-content\/uploads\/2024\/12\/220EUROPA20B.jpg\" style=\"margin-left: auto;margin-right: auto\"><img loading=\"lazy\" decoding=\"async\" border=\"0\" data-original-height=\"760\" data-original-width=\"1833\" height=\"266\" src=\"https:\/\/blogger.googleusercontent.com\/img\/b\/R29vZ2xl\/AVvXsEgUuW9sbffk_Ik-GbVcx3mwNK6Adw8wFCJpbXHGSNSoNl-jJwCZgp3UXvl1kFNYQdvHXRj_MGmkZcYJoIRxEpv9XSgZb1YCdUz4uXNK46kjXMIkazO3bsYO20aPzT-x13o6NQU5meWNFJVMWk8Kd4tRAfSgBRf0cqCKKNCxN-AMgGXIt3hQOtOewrzNseA\/w640-h266\/2%20EUROPA%20B.jpg\" width=\"640\" \/><\/a><\/td>\n<\/tr>\n<tr>\n<td class=\"tr-caption\" style=\"text-align: center\">Equipo de Nuestro Ajedrez en Europa B<\/td>\n<\/tr>\n<\/tbody>\n<\/table>\n<p><b><span style=\"font-size: 14.0pt;line-height: 107%\"><br \/><\/span><\/b><\/span><\/p>\n<p class=\"MsoNormal\" style=\"text-align: justify\"><span style=\"font-size: 14.0pt;line-height: 107%\"><b><span style=\"font-size: 14.0pt;line-height: 107%\">&nbsp;<\/span><\/b><b><u><span style=\"font-size: 14.0pt;line-height: 107%\">M\u00e1s de 35 ajedrecistas de nuestros clubes en 2\u00aa y 3\u00aa<br \/>\ndivisi\u00f3n<\/span><\/u><\/b><\/span><\/p>\n<p class=\"MsoNormal\" style=\"text-align: justify\"><span style=\"font-size: 14.0pt;line-height: 107%\">Los campeonatos de 2\u00aa y 3\u00aa divisi\u00f3n, pensados para la<br \/>\npromoci\u00f3n deportiva, cont\u00f3 con 8 equipos de nuestro proyecto. En 2\u00aa divisi\u00f3n: <b>Ajedrez<br \/>\nen la Escuela de Illescas<\/b> sum\u00f3 5 puntos con los siguientes jugadores: <b>Ismael<br \/>\nP\u00e9rez, Daniel Fern\u00e1ndez, Javier Garc\u00eda, Juan Francisco Verbo y Carlos Casanova.<br \/>\nNuestro Ajedrez por la Igualdad<\/b> logr\u00f3 4 puntos con <b>Carlos Morales, Unai<br \/>\nOrtega, Elvira Cicuendez, Carla Rodr\u00edguez y Manuel Casanova <\/b>en sus<br \/>\nalineaciones. La participaci\u00f3n en esta categor\u00eda se complet\u00f3 con un equipo de <b>Nuestro<br \/>\nAjedrez en Europa<\/b> que obtuvo 3 puntos con los siguientes jugadores: <b>Aday<br \/>\nBerm\u00fadez, Santiago Linares, Omar Benammou, Paula \u00c1vila, Mario Ortega<\/b> y<b><br \/>\nAlberto Valle.<\/b><\/span><\/p>\n<p class=\"MsoNormal\" style=\"text-align: justify\"><span style=\"font-size: 14.0pt;line-height: 107%\"><\/span><\/p>\n<div class=\"separator\" style=\"clear: both;text-align: center\"><a href=\"https:\/\/www.bfv.cloud\/ajedrezeuropa\/wp-content\/uploads\/2024\/12\/120EQUIPO20MERYEM.jpg\" style=\"margin-left: 1em;margin-right: 1em\"><img loading=\"lazy\" decoding=\"async\" border=\"0\" data-original-height=\"923\" data-original-width=\"2048\" height=\"288\" src=\"https:\/\/blogger.googleusercontent.com\/img\/b\/R29vZ2xl\/AVvXsEhaeuvsbcvWQ_QPi4DGox9dr3MYXtGEFSZNduEsONiaF6pufiOS9kb_u_QqN8TyHcy-xo8C7xjznj6umR-tw52ByZzXQIasewmYOHORNY3OvjLYXcoaqsRDd1Gq8SHHlrq59UsN8s-IeL4mv7iuJAaeJvU4uOMSTWAHJZ8mn7K7h9NxRx6QpoUP2jlQwkI\/w640-h288\/1%20EQUIPO%20MERYEM.jpg\" width=\"640\" \/><\/a><\/div>\n<p><span style=\"font-size: 14pt\"><\/p>\n<p class=\"MsoNormal\" style=\"text-align: justify\"><span style=\"font-size: 14.0pt;line-height: 107%\"><span style=\"font-size: 14pt\"><br \/><\/span><\/span><\/p>\n<p>Finalmente, en la 3\u00aa divisi\u00f3n, reservada para chicas y chicos<br \/>\nde hasta 16 a\u00f1os de edad, participamos con 5 formaciones de las escuelas de<br \/>\najedrez de <\/span><b style=\"font-size: 14pt\">Alc\u00e1zar de San Juan, Illescas, Consuegra, Villafranca de los<br \/>\nCaballeros y Camu\u00f1as, <\/b><span style=\"font-size: 14pt\">obteniendo los siguientes resultados de entre los 20<br \/>\nequipos que compitieron:<\/span><\/p>\n<p class=\"MsoNormal\" style=\"text-align: justify\"><span style=\"font-size: 14.0pt;line-height: 107%\"><\/span><\/p>\n<div class=\"separator\" style=\"clear: both;text-align: center\"><a href=\"https:\/\/www.bfv.cloud\/ajedrezeuropa\/wp-content\/uploads\/2024\/12\/220ILLESCAS20A.jpg\" style=\"margin-left: 1em;margin-right: 1em\"><img loading=\"lazy\" decoding=\"async\" border=\"0\" data-original-height=\"1122\" data-original-width=\"1808\" height=\"398\" src=\"https:\/\/blogger.googleusercontent.com\/img\/b\/R29vZ2xl\/AVvXsEiYee_Ny3FO7iMp9LXQMi8-jLvhSJp0ubVL0gJ76xTRn_afuXCpncZ4r8R1W_vyB1Ry6GrTqK4t7zK6eQYcmOotH1VpR-gMN46nHPGTnP6ut2D7312f_3hYD3bsjLpK87W8X1WRAqplKqGGK98AN2JkKZ1hwF3tdMxcIfOgVy5Y7G0gIvQpBH2qJYv-Ac4\/w640-h398\/2%20ILLESCAS%20A.jpg\" width=\"640\" \/><\/a><\/div>\n<p><span style=\"font-size: 14pt\"><br \/><\/span><\/p>\n<p class=\"MsoListParagraphCxSpFirst\" style=\"text-align: justify;text-indent: -18.0pt\"><!--[if !supportLists]--><span style=\"font-size: 14.0pt;line-height: 107%\"><span>&#8211;<span>&nbsp;&nbsp;&nbsp;&nbsp;&nbsp;&nbsp;&nbsp;&nbsp;<br \/>\n<\/span><\/span><\/span><!--[endif]--><b><span style=\"font-size: 14.0pt;line-height: 107%\">Nuestro Ajedrez en Europa D, <\/span><\/b><span style=\"font-size: 14.0pt;line-height: 107%\">8\u00ba clasificado, compuesto por: <b>Mario Ortega, Alberto<br \/>\nValle, \u00c1ngel Puente, Adri\u00e1n Valle, V\u00edctor Mo\u00f1ino y Luis Gonz\u00e1lez.<\/b><\/span><\/p>\n<p class=\"MsoListParagraphCxSpMiddle\" style=\"text-align: justify;text-indent: -18.0pt\"><!--[if !supportLists]--><span style=\"font-size: 14.0pt;line-height: 107%\"><span>&#8211;<span>&nbsp;&nbsp;&nbsp;&nbsp;&nbsp;&nbsp;&nbsp;&nbsp;<br \/>\n<\/span><\/span><\/span><!--[endif]--><b><span style=\"font-size: 14.0pt;line-height: 107%\">Ajedrez en la Escuela Illescas B, <\/span><\/b><span style=\"font-size: 14.0pt;line-height: 107%\">9\u00ba clasificado, compuesto por: <b>Mario Moreno, Iker Lara,<br \/>\nGonzalo Moreno, Marcos Argumanez, Bianca Mart\u00edn y Miriam D\u00edaz del Campo.<\/b><\/span><\/p>\n<p class=\"MsoListParagraphCxSpMiddle\" style=\"text-align: justify;text-indent: -18.0pt\"><span style=\"font-size: 14.0pt;line-height: 107%\"><\/span><\/p>\n<div class=\"separator\" style=\"clear: both;text-align: center\"><a href=\"https:\/\/www.bfv.cloud\/ajedrezeuropa\/wp-content\/uploads\/2024\/12\/220ILLESCAS20B.jpg\" style=\"margin-left: 1em;margin-right: 1em\"><img loading=\"lazy\" decoding=\"async\" border=\"0\" data-original-height=\"803\" data-original-width=\"1245\" height=\"412\" src=\"https:\/\/blogger.googleusercontent.com\/img\/b\/R29vZ2xl\/AVvXsEjwAem_Y_Ku1cNAYQPaXKjv9nlYvi9r8IwZB7gUlE68O7sfe7NvbXzZc4gZBJ5w9Sst4EOBTk92o0Kld56lEckTXBUm1Zht5Strhu58Jx8aWN66_ButfEh_GV0gxiRwRCmNp5TJflbCNQofXRLoFFjYWsB7ZMyymTYRig93_vPUYYfyNMQuPRl1N7bdjhM\/w640-h412\/2%20ILLESCAS%20B.jpg\" width=\"640\" \/><\/a><\/div>\n<p><b><br \/><\/b><\/p>\n<p class=\"MsoListParagraphCxSpMiddle\" style=\"text-align: justify;text-indent: -18.0pt\"><span style=\"font-size: 14.0pt;line-height: 107%\"><b><br \/><\/b><\/span><\/p>\n<p class=\"MsoListParagraphCxSpMiddle\" style=\"text-align: justify;text-indent: -18.0pt\"><!--[if !supportLists]--><span style=\"font-size: 14.0pt;line-height: 107%\"><span>&#8211;<span>&nbsp; &nbsp; &nbsp; &nbsp; &nbsp;<\/span><\/span><\/span><b><span style=\"font-size: 14.0pt;line-height: 107%\">Nuestro Ajedrez por la Igualdad C, <\/span><\/b><span style=\"font-size: 14.0pt;line-height: 107%\">10\u00ba clasificado, compuesto por: <b>Manuel Casanova,<br \/>\nJorge Rodr\u00edguez, Sergio Chocano, V\u00edctor Verbo y Juanfran Verbo.<\/b><\/span><\/p>\n<p class=\"MsoListParagraphCxSpMiddle\" style=\"text-align: justify;text-indent: -18.0pt\"><span style=\"font-size: 14.0pt;line-height: 107%\"><\/span><\/p>\n<div class=\"separator\" style=\"clear: both;text-align: center\"><a href=\"https:\/\/blogger.googleusercontent.com\/img\/b\/R29vZ2xl\/AVvXsEgFFfl3gAw1IBiZH8CzXdaCDPa5s2V7VhwV2mPBKp8OVX8Ds55rQMkor-ML3OD0lAj8i3eA4hhE_YOnQeDwbgqjiZ0rnngIKANTWNvd8N7_tR6Kofypnfe8xUPDOMLU2z9UgcQ-BLYp0Rom-2nFXFI3it364VAwNEZ85z0BYy4UkrIx_fijSJ_uGZVK5hY\/s2048\/781b1dde-3226-41b6-8d4d-15bf71d82690.jfif\" style=\"margin-left: 1em;margin-right: 1em\"><img loading=\"lazy\" decoding=\"async\" border=\"0\" data-original-height=\"923\" data-original-width=\"2048\" height=\"288\" src=\"https:\/\/blogger.googleusercontent.com\/img\/b\/R29vZ2xl\/AVvXsEgFFfl3gAw1IBiZH8CzXdaCDPa5s2V7VhwV2mPBKp8OVX8Ds55rQMkor-ML3OD0lAj8i3eA4hhE_YOnQeDwbgqjiZ0rnngIKANTWNvd8N7_tR6Kofypnfe8xUPDOMLU2z9UgcQ-BLYp0Rom-2nFXFI3it364VAwNEZ85z0BYy4UkrIx_fijSJ_uGZVK5hY\/w640-h288\/781b1dde-3226-41b6-8d4d-15bf71d82690.jfif\" width=\"640\" \/><\/a><\/div>\n<p><b><br \/><\/b><\/p>\n<p class=\"MsoListParagraphCxSpMiddle\" style=\"text-align: justify;text-indent: -18.0pt\"><!--[if !supportLists]--><span style=\"font-size: 14.0pt;line-height: 107%\"><span>&#8211;<span>&nbsp;&nbsp;&nbsp;&nbsp;&nbsp;&nbsp;&nbsp;&nbsp;<br \/>\n<\/span><\/span><\/span><!--[endif]--><b><span style=\"font-size: 14.0pt;line-height: 107%\">Nuestro Ajedrez en Europa E, <\/span><\/b><span style=\"font-size: 14.0pt;line-height: 107%\">14\u00ba clasificado, compuesto por: <b>Leo Diawara, Meryem<br \/>\nBenammou, Santiago Polo, Gabriel Pati\u00f1o y Elisa Pati\u00f1o.<\/b><\/span><\/p>\n<p class=\"MsoListParagraphCxSpLast\" style=\"text-align: justify;text-indent: -18.0pt\"><!--[if !supportLists]--><span style=\"font-size: 14.0pt;line-height: 107%\"><span>&#8211;<span>&nbsp;&nbsp;&nbsp;&nbsp;&nbsp;&nbsp;&nbsp;&nbsp;<br \/>\n<\/span><\/span><\/span><!--[endif]--><b><span style=\"font-size: 14.0pt;line-height: 107%\">Ajedrez en la Escuela Illescas C, <\/span><\/b><span style=\"font-size: 14.0pt;line-height: 107%\">18\u00ba clasificado, compuesto por: <b>H\u00e9ctor Dom\u00ednguez, Jos\u00e9<br \/>\nMart\u00edn, Adri\u00e1n Plaza y Alejandro Escribano.<\/b><\/span><\/p>\n<p class=\"MsoNormal\" style=\"text-align: justify\"><span style=\"font-size: 14.0pt;line-height: 107%\">Agradecemos a todos, ajedrecistas y familias, la colaboraci\u00f3n<br \/>\npara hacer posible esta gran participaci\u00f3n.<\/span><\/p>\n","protected":false},"excerpt":{"rendered":"<p>Foto de grupo de los participantes de Nuestro Ajedrez en Europa &nbsp;El campeonato provincial de Toledo por equipos de club de 1\u00aa divisi\u00f3n finaliz\u00f3 el pasado domingo, d\u00eda 1 de diciembre, tras 3 fines de semana donde se midieron las fuerzas 14 equipos pertenecientes a 9 clubes de la provincia. En esta 1\u00aa divisi\u00f3n, m\u00e1xima [&hellip;]<\/p>\n","protected":false},"author":1,"featured_media":101,"comment_status":"open","ping_status":"closed","sticky":false,"template":"","format":"standard","meta":{"footnotes":""},"categories":[1],"tags":[],"class_list":["post-100","post","type-post","status-publish","format-standard","has-post-thumbnail","hentry","category-noticias"],"_links":{"self":[{"href":"https:\/\/www.bfv.cloud\/ajedrezeuropa\/wp-json\/wp\/v2\/posts\/100","targetHints":{"allow":["GET"]}}],"collection":[{"href":"https:\/\/www.bfv.cloud\/ajedrezeuropa\/wp-json\/wp\/v2\/posts"}],"about":[{"href":"https:\/\/www.bfv.cloud\/ajedrezeuropa\/wp-json\/wp\/v2\/types\/post"}],"author":[{"embeddable":true,"href":"https:\/\/www.bfv.cloud\/ajedrezeuropa\/wp-json\/wp\/v2\/users\/1"}],"replies":[{"embeddable":true,"href":"https:\/\/www.bfv.cloud\/ajedrezeuropa\/wp-json\/wp\/v2\/comments?post=100"}],"version-history":[{"count":1,"href":"https:\/\/www.bfv.cloud\/ajedrezeuropa\/wp-json\/wp\/v2\/posts\/100\/revisions"}],"predecessor-version":[{"id":108,"href":"https:\/\/www.bfv.cloud\/ajedrezeuropa\/wp-json\/wp\/v2\/posts\/100\/revisions\/108"}],"wp:featuredmedia":[{"embeddable":true,"href":"https:\/\/www.bfv.cloud\/ajedrezeuropa\/wp-json\/wp\/v2\/media\/101"}],"wp:attachment":[{"href":"https:\/\/www.bfv.cloud\/ajedrezeuropa\/wp-json\/wp\/v2\/media?parent=100"}],"wp:term":[{"taxonomy":"category","embeddable":true,"href":"https:\/\/www.bfv.cloud\/ajedrezeuropa\/wp-json\/wp\/v2\/categories?post=100"},{"taxonomy":"post_tag","embeddable":true,"href":"https:\/\/www.bfv.cloud\/ajedrezeuropa\/wp-json\/wp\/v2\/tags?post=100"}],"curies":[{"name":"wp","href":"https:\/\/api.w.org\/{rel}","templated":true}]}}