{"id":1002,"date":"2013-07-22T21:58:00","date_gmt":"2013-07-22T21:58:00","guid":{"rendered":"https:\/\/www.bfv.cloud\/ajedrezeuropa\/index.php\/2013\/07\/22\/carlos-alvarez-7o-del-torneo-internacional-sant-marti-de-cataluna\/"},"modified":"2025-11-20T10:25:08","modified_gmt":"2025-11-20T10:25:08","slug":"carlos-alvarez-7o-del-torneo-internacional-sant-marti-de-cataluna","status":"publish","type":"post","link":"https:\/\/www.bfv.cloud\/ajedrezeuropa\/carlos-alvarez-7o-del-torneo-internacional-sant-marti-de-cataluna\/","title":{"rendered":"CARLOS \u00c1LVAREZ, 7\u00ba DEL TORNEO INTERNACIONAL SANT MART\u00cd DE CATALU\u00d1A"},"content":{"rendered":"<table cellpadding=\"0\" cellspacing=\"0\" class=\"tr-caption-container\" style=\"float: left;margin-right: 1em;text-align: left\">\n<tbody>\n<tr>\n<td style=\"text-align: center\"><a href=\"https:\/\/www.bfv.cloud\/ajedrezeuropa\/wp-content\/uploads\/2013\/07\/santmarti2.jpg\" style=\"clear: left;margin-bottom: 1em;margin-left: auto;margin-right: auto\"><img fetchpriority=\"high\" decoding=\"async\" border=\"0\" height=\"393\" src=\"https:\/\/blogger.googleusercontent.com\/img\/b\/R29vZ2xl\/AVvXsEh817emKHshhXuYTvYwA9VHeEQ816WeG09zC2Jnt7xFgYzCXqbmaFBBOJMo6jRMR-icWXQVdgjrvE46ZH4LEQXyW4VehxwzuxuJPNa_Hi1IZU__O8oD-v1vr9mkBIKEuZgAbkJHVx7a_HM\/s400\/sant+marti+2.jpg\" width=\"400\" \/><\/a><\/td>\n<\/tr>\n<tr>\n<td class=\"tr-caption\" style=\"text-align: center\">Carlos recibiendo su premio de la mano del presidente<br \/>de la federaci\u00f3n catalana, Toni &nbsp;Ayza<\/td>\n<\/tr>\n<\/tbody>\n<\/table>\n<p><span style=\"font-family: Verdana, sans-serif\">La pasada semana se jugaba en Barcelona la 15\u00aa edici\u00f3n del torneo internacional organizado por el club de ajedrez Sant Mart\u00ed. El abierto se disputa en 2 grupos, estando el \u00abB\u00bb destinado para los jugadores con un elo FIDE inferior a 2.000. En 2013 este grupo reun\u00eda a 174 ajedrecistas, estando Carlos situado en el puesto 27 del ranking inicial. Su magn\u00edfica actuaci\u00f3n le ha proporcionado la suma de 7 puntos, quedando en la s\u00e9ptima posici\u00f3n en la clasificaci\u00f3n final a tan solo medio punto de los dos primeros. A 2 rondas del final, Carlos, lideraba el torneo habiendo cedido solamente unas tablas. Carlos \u00c1lvarez es jugador del club Nuestro Ajedrez en Europa desde finales de 2011 y el \u00faltimo a\u00f1o escolar ha estado cursando sus estudios en Irlanda, lo que le hizo no poder jugar la final del campeonato de Espa\u00f1a por equipos con nuestro equipo sub-16. \u00a1\u00a1Enhorabuena!! &nbsp;<\/span><\/p>\n","protected":false},"excerpt":{"rendered":"<p>Carlos recibiendo su premio de la mano del presidentede la federaci\u00f3n catalana, Toni &nbsp;Ayza La pasada semana se jugaba en Barcelona la 15\u00aa edici\u00f3n del torneo internacional organizado por el club de ajedrez Sant Mart\u00ed. El abierto se disputa en 2 grupos, estando el \u00abB\u00bb destinado para los jugadores con un elo FIDE inferior a [&hellip;]<\/p>\n","protected":false},"author":1,"featured_media":1003,"comment_status":"open","ping_status":"closed","sticky":false,"template":"","format":"standard","meta":{"footnotes":""},"categories":[1],"tags":[],"class_list":["post-1002","post","type-post","status-publish","format-standard","has-post-thumbnail","hentry","category-noticias"],"_links":{"self":[{"href":"https:\/\/www.bfv.cloud\/ajedrezeuropa\/wp-json\/wp\/v2\/posts\/1002","targetHints":{"allow":["GET"]}}],"collection":[{"href":"https:\/\/www.bfv.cloud\/ajedrezeuropa\/wp-json\/wp\/v2\/posts"}],"about":[{"href":"https:\/\/www.bfv.cloud\/ajedrezeuropa\/wp-json\/wp\/v2\/types\/post"}],"author":[{"embeddable":true,"href":"https:\/\/www.bfv.cloud\/ajedrezeuropa\/wp-json\/wp\/v2\/users\/1"}],"replies":[{"embeddable":true,"href":"https:\/\/www.bfv.cloud\/ajedrezeuropa\/wp-json\/wp\/v2\/comments?post=1002"}],"version-history":[{"count":1,"href":"https:\/\/www.bfv.cloud\/ajedrezeuropa\/wp-json\/wp\/v2\/posts\/1002\/revisions"}],"predecessor-version":[{"id":1004,"href":"https:\/\/www.bfv.cloud\/ajedrezeuropa\/wp-json\/wp\/v2\/posts\/1002\/revisions\/1004"}],"wp:featuredmedia":[{"embeddable":true,"href":"https:\/\/www.bfv.cloud\/ajedrezeuropa\/wp-json\/wp\/v2\/media\/1003"}],"wp:attachment":[{"href":"https:\/\/www.bfv.cloud\/ajedrezeuropa\/wp-json\/wp\/v2\/media?parent=1002"}],"wp:term":[{"taxonomy":"category","embeddable":true,"href":"https:\/\/www.bfv.cloud\/ajedrezeuropa\/wp-json\/wp\/v2\/categories?post=1002"},{"taxonomy":"post_tag","embeddable":true,"href":"https:\/\/www.bfv.cloud\/ajedrezeuropa\/wp-json\/wp\/v2\/tags?post=1002"}],"curies":[{"name":"wp","href":"https:\/\/api.w.org\/{rel}","templated":true}]}}