{"id":1005,"date":"2010-09-09T22:28:00","date_gmt":"2010-09-09T22:28:00","guid":{"rendered":"https:\/\/www.bfv.cloud\/ajedrezeuropa\/index.php\/2010\/09\/09\/campeones-de-castilla-la-mancha-por-equipos-sub-16\/"},"modified":"2025-11-20T10:25:13","modified_gmt":"2025-11-20T10:25:13","slug":"campeones-de-castilla-la-mancha-por-equipos-sub-16","status":"publish","type":"post","link":"https:\/\/www.bfv.cloud\/ajedrezeuropa\/campeones-de-castilla-la-mancha-por-equipos-sub-16\/","title":{"rendered":"\u00a1\u00a1 CAMPEONES DE CASTILLA-LA MANCHA POR EQUIPOS SUB-16 !!"},"content":{"rendered":"<div class=\"separator\" style=\"clear: both;text-align: center\"><a href=\"https:\/\/www.bfv.cloud\/ajedrezeuropa\/wp-content\/uploads\/2010\/09\/ELEQUIPOENUNBANCOSESEA\u0091A2010.jpg\" style=\"margin-left: 1em;margin-right: 1em\"><img fetchpriority=\"high\" decoding=\"async\" border=\"0\" height=\"300\" src=\"https:\/\/www.bfv.cloud\/ajedrezeuropa\/wp-content\/uploads\/2010\/09\/ELEQUIPOENUNBANCOSESEC391A2010.jpg\" width=\"400\" \/><\/a><\/div>\n<p><span style=\"font-family: Verdana, sans-serif\">El Campeonato Regional por Equipos de Castilla-La Mancha sub-16 nos ha deparado la mejor noticia del a\u00f1o, hasta ahora: NUESTRO AJEDREZ EN EUROPA, CAMPE\u00d3N DE LA 1\u00aa EDICI\u00d3N DE ESTA COMPETICI\u00d3N. Los n\u00fameros de nuestros chicos son apabullantes, 6 encuentros jugados y 6 ganados con 20,5 puntos en la suma total de partidas ganadas, aventajando al 2\u00ba clasificado (Bargas)&nbsp;en 4 puntos, al 3\u00ba (Ateneo de Albacete) en 6 puntos y al 4\u00ba clasificado (Almansa) en 9 puntos. Finalmente, los otros 3 clasificados para esta fase&nbsp;regional han obtenido las siguientes puntuaciones: 5\u00ba. \u00abAjedrez Cuenca 2016\u00bb con 10 puntos; 6\u00ba. Tomelloso con 7,5 puntos y 7\u00ba. Almagro con 3,5 puntos. <\/span><br \/>\n<span style=\"font-family: Verdana\">La actuaci\u00f3n de nuestros 5 jugadores ha sido la siguiente:<\/span><br \/>\n<span style=\"font-family: Verdana\">&#8211; <u>Santiago Talavera Garc\u00eda<\/u>: 4,5 puntos&nbsp;de 5 partidas jugadas.&nbsp;4 victorias y unas tablas defendiendo el 1er. tablero de nuestro equipo.<\/span><br \/>\n<span style=\"font-family: Verdana\">&#8211; <u>Daniel P\u00edriz Fern\u00e1ndez<\/u>: 4,5 puntos&nbsp;de 5 partidas jugadas. 1 victoria como 1er. tablero con otras 3 victorias y unas tablas como 2\u00ba tablero.<\/span><br \/>\n<span style=\"font-family: Verdana\">&#8211; <u>Jorge Sim\u00f3n Escalona<\/u>: 5 puntos de 5 partidas jugadas. 2 victorias como 2\u00ba tablero y 3 m\u00e1s como 3er. tablero. Ha obtenido un rendimiento en su rating performance de 2316.<\/span><br \/>\n<span style=\"font-family: Verdana\">&#8211; <u>Sergio Valencia de Loma<\/u>: 3,5 puntos de 4 partidas jugadas. 2 victorias y unas tablas como 3er. tablero y 1 victoria como cuarto.<\/span><br \/>\n<span style=\"font-family: Verdana\">&#8211; <u>Daniel Salas Lloret<\/u>: 3 puntos de 5 encuentros jugados, defendiendo en todos ellos el 4\u00ba tablero y sumando 2 victorias, unas tablas y una derrota.<\/span><br \/>\n<span style=\"font-family: Verdana\">Estos 5 chicos, junto a su delegado&nbsp;Luis Miguel Monreal Bejarano,&nbsp;han sido los encargados de defender el proyecto \u00abNuestro Ajedrez en Europa\u00bb, consiguiendo el triunfo m\u00e1s importante en la historia de las escuelas de Alc\u00e1zar y Villafranca. Ellos&nbsp;acompa\u00f1ados de&nbsp;otro jugador m\u00e1s representar\u00e1n a nuestro club, y como campeones que son al ajedrez castellano-manchego, en la fase final del Campeonato de Espa\u00f1a por Equipos de Club sub-16 que se celebrar\u00e1 en el Hotel Bali de Benidorm a partir del 4 de diciembre de 2010.<\/span><\/p>\n<div class=\"separator\" style=\"clear: both;text-align: center\"><a href=\"https:\/\/www.bfv.cloud\/ajedrezeuropa\/wp-content\/uploads\/2010\/09\/EquipoganadorS-16SeseA\u00b1a2010.jpg\" style=\"margin-left: 1em;margin-right: 1em\"><img decoding=\"async\" border=\"0\" height=\"300\" src=\"https:\/\/www.bfv.cloud\/ajedrezeuropa\/wp-content\/uploads\/2010\/09\/EquipoganadorS-16SeseC3B1a2010.jpg\" width=\"400\" \/><\/a><\/div>\n<p><span style=\"font-family: Verdana\">Muy pronto podremos ofreceros otras noticias importantes en el desarrollo del proyecto que estamos realizando, pero ,de momento, disfrutemos de este magn\u00edfico resultado fruto del esfuerzo y del trabajo de todos.<\/span><\/p>\n","protected":false},"excerpt":{"rendered":"<p>El Campeonato Regional por Equipos de Castilla-La Mancha sub-16 nos ha deparado la mejor noticia del a\u00f1o, hasta ahora: NUESTRO AJEDREZ EN EUROPA, CAMPE\u00d3N DE LA 1\u00aa EDICI\u00d3N DE ESTA COMPETICI\u00d3N. Los n\u00fameros de nuestros chicos son apabullantes, 6 encuentros jugados y 6 ganados con 20,5 puntos en la suma total de partidas ganadas, aventajando [&hellip;]<\/p>\n","protected":false},"author":1,"featured_media":1006,"comment_status":"open","ping_status":"closed","sticky":false,"template":"","format":"standard","meta":{"footnotes":""},"categories":[1],"tags":[],"class_list":["post-1005","post","type-post","status-publish","format-standard","has-post-thumbnail","hentry","category-noticias"],"_links":{"self":[{"href":"https:\/\/www.bfv.cloud\/ajedrezeuropa\/wp-json\/wp\/v2\/posts\/1005","targetHints":{"allow":["GET"]}}],"collection":[{"href":"https:\/\/www.bfv.cloud\/ajedrezeuropa\/wp-json\/wp\/v2\/posts"}],"about":[{"href":"https:\/\/www.bfv.cloud\/ajedrezeuropa\/wp-json\/wp\/v2\/types\/post"}],"author":[{"embeddable":true,"href":"https:\/\/www.bfv.cloud\/ajedrezeuropa\/wp-json\/wp\/v2\/users\/1"}],"replies":[{"embeddable":true,"href":"https:\/\/www.bfv.cloud\/ajedrezeuropa\/wp-json\/wp\/v2\/comments?post=1005"}],"version-history":[{"count":1,"href":"https:\/\/www.bfv.cloud\/ajedrezeuropa\/wp-json\/wp\/v2\/posts\/1005\/revisions"}],"predecessor-version":[{"id":1010,"href":"https:\/\/www.bfv.cloud\/ajedrezeuropa\/wp-json\/wp\/v2\/posts\/1005\/revisions\/1010"}],"wp:featuredmedia":[{"embeddable":true,"href":"https:\/\/www.bfv.cloud\/ajedrezeuropa\/wp-json\/wp\/v2\/media\/1006"}],"wp:attachment":[{"href":"https:\/\/www.bfv.cloud\/ajedrezeuropa\/wp-json\/wp\/v2\/media?parent=1005"}],"wp:term":[{"taxonomy":"category","embeddable":true,"href":"https:\/\/www.bfv.cloud\/ajedrezeuropa\/wp-json\/wp\/v2\/categories?post=1005"},{"taxonomy":"post_tag","embeddable":true,"href":"https:\/\/www.bfv.cloud\/ajedrezeuropa\/wp-json\/wp\/v2\/tags?post=1005"}],"curies":[{"name":"wp","href":"https:\/\/api.w.org\/{rel}","templated":true}]}}