{"id":1011,"date":"2013-11-25T23:08:00","date_gmt":"2013-11-25T23:08:00","guid":{"rendered":"https:\/\/www.bfv.cloud\/ajedrezeuropa\/index.php\/2013\/11\/25\/el-club-de-ajedrez-talavera-vence-en-el-campeonato-por-equipos-de-toledo-a-falta-de-la-ultima-jornada\/"},"modified":"2025-11-20T10:25:18","modified_gmt":"2025-11-20T10:25:18","slug":"el-club-de-ajedrez-talavera-vence-en-el-campeonato-por-equipos-de-toledo-a-falta-de-la-ultima-jornada","status":"publish","type":"post","link":"https:\/\/www.bfv.cloud\/ajedrezeuropa\/el-club-de-ajedrez-talavera-vence-en-el-campeonato-por-equipos-de-toledo-a-falta-de-la-ultima-jornada\/","title":{"rendered":"EL CLUB DE AJEDREZ TALAVERA VENCE EN EL CAMPEONATO POR EQUIPOS DE TOLEDO A FALTA DE LA \u00daLTIMA JORNADA"},"content":{"rendered":"<table cellpadding=\"0\" cellspacing=\"0\" class=\"tr-caption-container\" style=\"float: left;margin-right: 1em;text-align: left\">\n<tbody>\n<tr>\n<td style=\"text-align: center\"><a href=\"https:\/\/www.bfv.cloud\/ajedrezeuropa\/wp-content\/uploads\/2013\/11\/fotosprovincialequipos2014011.jpg\" style=\"clear: left;margin-bottom: 1em;margin-left: auto;margin-right: auto\"><img fetchpriority=\"high\" decoding=\"async\" border=\"0\" src=\"https:\/\/www.bfv.cloud\/ajedrezeuropa\/wp-content\/uploads\/2013\/11\/fotosprovincialequipos2014011.jpg\" height=\"303\" width=\"400\" \/><\/a><\/td>\n<\/tr>\n<tr>\n<td class=\"tr-caption\" style=\"text-align: center\">Algunos de los ajedrecistas de nuestros equipos<br \/>\nparticipantes en la jornada del pasado domingo<\/td>\n<\/tr>\n<\/tbody>\n<\/table>\n<div class=\"MsoTitle\" style=\"text-align: justify\">\n<span style=\"font-size: 12pt\"><span style=\"font-family: Georgia, Times New Roman, serif\">Completadas la 5\u00aa y 6\u00aa ronda de este<br \/>\nprovincial, se ha proclamado campe\u00f3n el Club de Ajedrez Talavera tras sumar<br \/>\n20,5 puntos con el MF, Carlos Garc\u00eda Moreno, al frente del equipo. La victoria,<br \/>\nun a\u00f1o m\u00e1s, del club talaverano es el mejor homenaje que pueden rendir estos<br \/>\njugadores a su recientemente desaparecido presidente y fundador, Carlos Garc\u00eda<br \/>\nLinares. Felicitamos a los campeones por este renovado \u00e9xito deportivo.<\/span><\/span><\/div>\n<p><\/p>\n<div class=\"MsoTitle\" style=\"text-align: justify\">\n<span style=\"font-size: 12pt\"><span style=\"font-family: Georgia, Times New Roman, serif\">El resto de posiciones se definir\u00e1n en la 7\u00aa y \u00faltima ronda del domingo pr\u00f3ximo. En la clasificaci\u00f3n provisional Nuestro Ajedrez en Europa \u00abA\u00bb ocupa la 3\u00aa plaza con 13 puntos y Europa \u00abB\u00bb la 7\u00aa con 11,5 puntos. Mientras tanto, Nuestro Ajedrez por la Igualdad \u00abA\u00bb en la 8\u00aa posici\u00f3n suma 11 puntos y el \u00abB\u00bb de la Igualdad se sit\u00faa d\u00e9cimo primero con 4 puntos. El 1 de diciembre finalizar\u00e1 la competici\u00f3n, quedando el emparejamiento final de esta forma:<\/span><\/span><\/div>\n<div class=\"MsoTitle\" style=\"text-align: center\">\n<span style=\"font-family: Georgia, Times New Roman, serif\">Club Ajedrez Talavera A &#8211; Nuestro Ajedrez en Europa A<\/span><\/div>\n<div class=\"MsoTitle\" style=\"text-align: center\">\n<span style=\"font-family: Georgia, Times New Roman, serif\">Club Ajedrez Bargas A &#8211; Club Ajedrez Talavera B<\/span><\/div>\n<div class=\"MsoTitle\" style=\"text-align: center\">\n<span style=\"font-family: Georgia, Times New Roman, serif\">Nuestro Ajedrez por la Igualdad B &#8211; Club Ajedrez Bargas B<\/span><\/div>\n<div class=\"MsoTitle\" style=\"text-align: center\">\n<span style=\"font-family: Georgia, Times New Roman, serif\">Club Ajedrez Coordinadora &#8211; Club Ajedrez Los Navalmorales<\/span><\/div>\n<div class=\"MsoTitle\" style=\"text-align: center\">\n<span style=\"font-family: Georgia, Times New Roman, serif\">Club Ajedrez Yebel &#8211; Nuestro Ajedrez por la Igualdad A<\/span><\/div>\n<div class=\"MsoTitle\" style=\"text-align: center\">\n<span style=\"font-family: Georgia, Times New Roman, serif\">Decansa: Nuestro Ajedrez en Europa B<\/span><\/div>\n<div class=\"MsoTitle\" style=\"text-align: center\">\n<span style=\"font-family: Georgia, Times New Roman, serif\"><br \/><\/span><\/div>\n<div class=\"MsoTitle\" style=\"text-align: left\">\n<span style=\"font-family: Georgia, Times New Roman, serif\"><u style=\"font-weight: bold\">2\u00aa divisi\u00f3n:<\/u><\/span><\/div>\n<div style=\"font-weight: bold;text-align: right;text-decoration: underline\">\n<span style=\"font-family: Georgia, Times New Roman, serif\"><a href=\"https:\/\/www.bfv.cloud\/ajedrezeuropa\/wp-content\/uploads\/2013\/11\/fotosprovincialequipos2014019.jpg\" style=\"clear: right;float: right;margin-bottom: 1em;margin-left: 1em\"><img decoding=\"async\" border=\"0\" src=\"https:\/\/www.bfv.cloud\/ajedrezeuropa\/wp-content\/uploads\/2013\/11\/fotosprovincialequipos2014019.jpg\" height=\"300\" width=\"400\" \/><\/a><\/span><\/div>\n<table cellpadding=\"0\" cellspacing=\"0\" class=\"tr-caption-container\" style=\"float: left;font-weight: bold;text-align: right;text-decoration: underline\">\n<tbody>\n<tr>\n<td style=\"text-align: center\"><a href=\"https:\/\/www.bfv.cloud\/ajedrezeuropa\/wp-content\/uploads\/2013\/11\/fotosprovincialequipos2014017.jpg\" style=\"clear: right;margin-bottom: 1em;margin-left: auto;margin-right: auto\"><img decoding=\"async\" border=\"0\" src=\"https:\/\/www.bfv.cloud\/ajedrezeuropa\/wp-content\/uploads\/2013\/11\/fotosprovincialequipos2014017.jpg\" height=\"300\" width=\"400\" \/><\/a><\/td>\n<\/tr>\n<tr>\n<td class=\"tr-caption\" style=\"text-align: center\"><\/td>\n<\/tr>\n<\/tbody>\n<\/table>\n<p><span style=\"font-family: Georgia, Times New Roman, serif\">Tambi\u00e9n la categor\u00eda te\u00f3ricamente destinada para la participaci\u00f3n de los chicos y chicas de menor edad ver\u00e1 finalizada su competici\u00f3n este domingo con la disputa de las 2 \u00faltimas rondas. Los equipos C de nuestros 2 clubes siguen preparando sus pr\u00f3ximos campeonatos escolares, lejos de cualquier pretensi\u00f3n de lucha por la clasificaci\u00f3n final. Seg\u00fan la falsa estructura actual, en este provincial absoluto por equipos, los incentivos competitivos se limitan a la 1\u00aa divisi\u00f3n, dejando la 2\u00aa para la promoci\u00f3n deportiva. Sin embargo, desde que algunos reinterpretaron libremente sus objetivos, est\u00e1 sirviendo para la manifestaci\u00f3n de las ambiciones de triunfo de algunos clubes. En estas circunstancias es recomendable reorganizar este campeonato en sus distintas categor\u00edas, estudiando la finalidad y la composici\u00f3n de cada una de sus futuras divisiones. &nbsp;<\/span><\/p>\n","protected":false},"excerpt":{"rendered":"<p>Algunos de los ajedrecistas de nuestros equipos participantes en la jornada del pasado domingo Completadas la 5\u00aa y 6\u00aa ronda de este provincial, se ha proclamado campe\u00f3n el Club de Ajedrez Talavera tras sumar 20,5 puntos con el MF, Carlos Garc\u00eda Moreno, al frente del equipo. La victoria, un a\u00f1o m\u00e1s, del club talaverano es [&hellip;]<\/p>\n","protected":false},"author":1,"featured_media":1012,"comment_status":"open","ping_status":"closed","sticky":false,"template":"","format":"standard","meta":{"footnotes":""},"categories":[1],"tags":[],"class_list":["post-1011","post","type-post","status-publish","format-standard","has-post-thumbnail","hentry","category-noticias"],"_links":{"self":[{"href":"https:\/\/www.bfv.cloud\/ajedrezeuropa\/wp-json\/wp\/v2\/posts\/1011","targetHints":{"allow":["GET"]}}],"collection":[{"href":"https:\/\/www.bfv.cloud\/ajedrezeuropa\/wp-json\/wp\/v2\/posts"}],"about":[{"href":"https:\/\/www.bfv.cloud\/ajedrezeuropa\/wp-json\/wp\/v2\/types\/post"}],"author":[{"embeddable":true,"href":"https:\/\/www.bfv.cloud\/ajedrezeuropa\/wp-json\/wp\/v2\/users\/1"}],"replies":[{"embeddable":true,"href":"https:\/\/www.bfv.cloud\/ajedrezeuropa\/wp-json\/wp\/v2\/comments?post=1011"}],"version-history":[{"count":1,"href":"https:\/\/www.bfv.cloud\/ajedrezeuropa\/wp-json\/wp\/v2\/posts\/1011\/revisions"}],"predecessor-version":[{"id":1015,"href":"https:\/\/www.bfv.cloud\/ajedrezeuropa\/wp-json\/wp\/v2\/posts\/1011\/revisions\/1015"}],"wp:featuredmedia":[{"embeddable":true,"href":"https:\/\/www.bfv.cloud\/ajedrezeuropa\/wp-json\/wp\/v2\/media\/1012"}],"wp:attachment":[{"href":"https:\/\/www.bfv.cloud\/ajedrezeuropa\/wp-json\/wp\/v2\/media?parent=1011"}],"wp:term":[{"taxonomy":"category","embeddable":true,"href":"https:\/\/www.bfv.cloud\/ajedrezeuropa\/wp-json\/wp\/v2\/categories?post=1011"},{"taxonomy":"post_tag","embeddable":true,"href":"https:\/\/www.bfv.cloud\/ajedrezeuropa\/wp-json\/wp\/v2\/tags?post=1011"}],"curies":[{"name":"wp","href":"https:\/\/api.w.org\/{rel}","templated":true}]}}