{"id":1016,"date":"2019-08-28T12:21:00","date_gmt":"2019-08-28T12:21:00","guid":{"rendered":"https:\/\/www.bfv.cloud\/ajedrezeuropa\/index.php\/2019\/08\/28\/celebrado-el-xvii-torneo-de-feria-de-alcazar-de-san-juan\/"},"modified":"2025-11-20T10:25:18","modified_gmt":"2025-11-20T10:25:18","slug":"celebrado-el-xvii-torneo-de-feria-de-alcazar-de-san-juan","status":"publish","type":"post","link":"https:\/\/www.bfv.cloud\/ajedrezeuropa\/celebrado-el-xvii-torneo-de-feria-de-alcazar-de-san-juan\/","title":{"rendered":"CELEBRADO EL XVII TORNEO DE FERIA DE ALC\u00c1ZAR DE SAN JUAN"},"content":{"rendered":"<div class=\"separator\" style=\"clear: both;text-align: center\">\n<iframe allowfullscreen=\"\" class=\"YOUTUBE-iframe-video\" frameborder=\"0\" height=\"266\" src=\"https:\/\/www.youtube.com\/embed\/IJpMH-SMADU?feature=player_embedded\" width=\"320\"><\/iframe><\/div>\n<p><span style=\", serif;font-size: large\"><b>El domingo pasado se jug\u00f3 el Torneo de Feria de Alc\u00e1zar en su edici\u00f3n 17\u00aa. M\u00e1s de 50 ni\u00f1os, j\u00f3venes y adultos dispusieron de las instalaciones del Centro C\u00edvico para competir en los torneos o disfrutar de las actividades sobre el tablero de ajedrez gigante y la resoluci\u00f3n de ejercicios.<\/b><\/span><br \/>\n<b style=\", serif\"><span style=\"font-size: large\">Agradecemos a todos los participantes el buen \u00e1nimo con el que acogieron las victorias y las derrotas, colaborando en el aprendizaje de los m\u00e1s peque\u00f1os en las partidas del torneo y en las actividades paralelas.<\/span><\/b><br \/>\n<b style=\", serif\"><span style=\"font-size: large\">Aqu\u00ed ten\u00e9is el reportaje que ha elaborado ManchaCentro TV con las im\u00e1genes grabadas durante la celebraci\u00f3n del torneo.<\/span><\/b><\/p>\n","protected":false},"excerpt":{"rendered":"<p>El domingo pasado se jug\u00f3 el Torneo de Feria de Alc\u00e1zar en su edici\u00f3n 17\u00aa. M\u00e1s de 50 ni\u00f1os, j\u00f3venes y adultos dispusieron de las instalaciones del Centro C\u00edvico para competir en los torneos o disfrutar de las actividades sobre el tablero de ajedrez gigante y la resoluci\u00f3n de ejercicios. Agradecemos a todos los participantes [&hellip;]<\/p>\n","protected":false},"author":1,"featured_media":0,"comment_status":"open","ping_status":"closed","sticky":false,"template":"","format":"standard","meta":{"footnotes":""},"categories":[1],"tags":[],"class_list":["post-1016","post","type-post","status-publish","format-standard","hentry","category-noticias"],"_links":{"self":[{"href":"https:\/\/www.bfv.cloud\/ajedrezeuropa\/wp-json\/wp\/v2\/posts\/1016","targetHints":{"allow":["GET"]}}],"collection":[{"href":"https:\/\/www.bfv.cloud\/ajedrezeuropa\/wp-json\/wp\/v2\/posts"}],"about":[{"href":"https:\/\/www.bfv.cloud\/ajedrezeuropa\/wp-json\/wp\/v2\/types\/post"}],"author":[{"embeddable":true,"href":"https:\/\/www.bfv.cloud\/ajedrezeuropa\/wp-json\/wp\/v2\/users\/1"}],"replies":[{"embeddable":true,"href":"https:\/\/www.bfv.cloud\/ajedrezeuropa\/wp-json\/wp\/v2\/comments?post=1016"}],"version-history":[{"count":1,"href":"https:\/\/www.bfv.cloud\/ajedrezeuropa\/wp-json\/wp\/v2\/posts\/1016\/revisions"}],"predecessor-version":[{"id":1017,"href":"https:\/\/www.bfv.cloud\/ajedrezeuropa\/wp-json\/wp\/v2\/posts\/1016\/revisions\/1017"}],"wp:attachment":[{"href":"https:\/\/www.bfv.cloud\/ajedrezeuropa\/wp-json\/wp\/v2\/media?parent=1016"}],"wp:term":[{"taxonomy":"category","embeddable":true,"href":"https:\/\/www.bfv.cloud\/ajedrezeuropa\/wp-json\/wp\/v2\/categories?post=1016"},{"taxonomy":"post_tag","embeddable":true,"href":"https:\/\/www.bfv.cloud\/ajedrezeuropa\/wp-json\/wp\/v2\/tags?post=1016"}],"curies":[{"name":"wp","href":"https:\/\/api.w.org\/{rel}","templated":true}]}}