{"id":1018,"date":"2014-01-15T23:43:00","date_gmt":"2014-01-15T23:43:00","guid":{"rendered":"https:\/\/www.bfv.cloud\/ajedrezeuropa\/index.php\/2014\/01\/15\/y-el-sabado-empieza-el-escolar-de-toledo-en-mora\/"},"modified":"2025-11-20T10:25:19","modified_gmt":"2025-11-20T10:25:19","slug":"y-el-sabado-empieza-el-escolar-de-toledo-en-mora","status":"publish","type":"post","link":"https:\/\/www.bfv.cloud\/ajedrezeuropa\/y-el-sabado-empieza-el-escolar-de-toledo-en-mora\/","title":{"rendered":"&#8230; Y EL S\u00c1BADO EMPIEZA EL ESCOLAR DE TOLEDO EN MORA"},"content":{"rendered":"<div class=\"separator\" style=\"clear: both;text-align: center\">\n<a href=\"https:\/\/www.bfv.cloud\/ajedrezeuropa\/wp-content\/uploads\/2014\/01\/logojccm.png\" style=\"clear: right;float: right;margin-bottom: 1em;margin-left: 1em\"><img fetchpriority=\"high\" decoding=\"async\" border=\"0\" src=\"https:\/\/www.bfv.cloud\/ajedrezeuropa\/wp-content\/uploads\/2014\/01\/logojccm.png\" height=\"171\" width=\"320\" \/><\/a><\/div>\n<p><span style=\"color: #38761d;font-family: Verdana, sans-serif\"><b>El servicio de deportes de Toledo de la JCCM, encargado de organizar la fase provincial del Campeonato del Deporte en Edad Escolar, ha publicado las rutas de autobuses para la jornada inaugural prevista para este s\u00e1bado. Los chicos y chicas de la escuela de ajedrez de Villafranca viajar\u00e1n a las 9 de la ma\u00f1ana, acompa\u00f1ados de los participantes de Quintanar de la Orden y de Quero, con destino a la casa de la cultura de Mora. En el listado provisional de jugadores figuran 19 ajedrecistas en la categor\u00eda cadete y 89 en la infantil, a los que habr\u00e1 que a\u00f1adir los j\u00f3venes del sub-18. Por parte de los clubes y la escuela dependientes de nuestro proyecto en la provincia toledana asistir\u00e1n:<\/b><\/span><\/p>\n<div style=\"text-align: center\">\n<span style=\"color: #38761d;font-family: Verdana, sans-serif\"><b>Isaac Lozano<\/b><\/span><\/div>\n<div style=\"text-align: center\">\n<span style=\"color: #38761d;font-family: Verdana, sans-serif\"><b>Jes\u00fas M\u00aa Bricio<\/b><\/span><\/div>\n<div style=\"text-align: center\">\n<span style=\"color: #38761d;font-family: Verdana, sans-serif\"><b>Silvia Toribio<\/b><\/span><\/div>\n<div style=\"text-align: center\">\n<span style=\"color: #38761d;font-family: Verdana, sans-serif\"><b>Alba P\u00edriz<\/b><\/span><\/div>\n<div style=\"text-align: center\">\n<span style=\"color: #38761d;font-family: Verdana, sans-serif\"><b>Irene Sim\u00f3n<\/b><\/span><\/div>\n<div style=\"text-align: center\">\n<span style=\"color: #38761d;font-family: Verdana, sans-serif\"><b>Iv\u00e1n Valencia<\/b><\/span><\/div>\n<div style=\"text-align: center\">\n<span style=\"color: #38761d;font-family: Verdana, sans-serif\"><b>Mar\u00eda Oliver<\/b><\/span><\/div>\n<div style=\"text-align: center\">\n<span style=\"color: #38761d;font-family: Verdana, sans-serif\"><b>\u00c1lvaro Alberca<\/b><\/span><\/div>\n<div style=\"text-align: center\">\n<span style=\"color: #38761d;font-family: Verdana, sans-serif\"><b>Diego Carrero<\/b><\/span><\/div>\n<div style=\"text-align: center\">\n<span style=\"color: #38761d;font-family: Verdana, sans-serif\"><b>Juan Francisco Mar\u00edn<\/b><\/span><\/div>\n<div style=\"text-align: center\">\n<span style=\"color: #38761d;font-family: Verdana, sans-serif\"><b>Hector Nieves<\/b><\/span><\/div>\n<div style=\"text-align: center\">\n<span style=\"color: #38761d;font-family: Verdana, sans-serif\"><b>\u00d3scar Roncero<\/b><\/span><\/div>\n<div style=\"text-align: left\">\n<span style=\"color: #38761d;font-family: Verdana, sans-serif\"><b>Les deseamos un buen fin de semana ajedrec\u00edstico a los 24 chicos y chicas de las escuelas de Alc\u00e1zar y Villafranca que comienzan su competici\u00f3n escolar de 2014. &nbsp;<\/b><\/span><\/div>\n","protected":false},"excerpt":{"rendered":"<p>El servicio de deportes de Toledo de la JCCM, encargado de organizar la fase provincial del Campeonato del Deporte en Edad Escolar, ha publicado las rutas de autobuses para la jornada inaugural prevista para este s\u00e1bado. Los chicos y chicas de la escuela de ajedrez de Villafranca viajar\u00e1n a las 9 de la ma\u00f1ana, acompa\u00f1ados [&hellip;]<\/p>\n","protected":false},"author":1,"featured_media":1019,"comment_status":"open","ping_status":"closed","sticky":false,"template":"","format":"standard","meta":{"footnotes":""},"categories":[1],"tags":[],"class_list":["post-1018","post","type-post","status-publish","format-standard","has-post-thumbnail","hentry","category-noticias"],"_links":{"self":[{"href":"https:\/\/www.bfv.cloud\/ajedrezeuropa\/wp-json\/wp\/v2\/posts\/1018","targetHints":{"allow":["GET"]}}],"collection":[{"href":"https:\/\/www.bfv.cloud\/ajedrezeuropa\/wp-json\/wp\/v2\/posts"}],"about":[{"href":"https:\/\/www.bfv.cloud\/ajedrezeuropa\/wp-json\/wp\/v2\/types\/post"}],"author":[{"embeddable":true,"href":"https:\/\/www.bfv.cloud\/ajedrezeuropa\/wp-json\/wp\/v2\/users\/1"}],"replies":[{"embeddable":true,"href":"https:\/\/www.bfv.cloud\/ajedrezeuropa\/wp-json\/wp\/v2\/comments?post=1018"}],"version-history":[{"count":1,"href":"https:\/\/www.bfv.cloud\/ajedrezeuropa\/wp-json\/wp\/v2\/posts\/1018\/revisions"}],"predecessor-version":[{"id":1020,"href":"https:\/\/www.bfv.cloud\/ajedrezeuropa\/wp-json\/wp\/v2\/posts\/1018\/revisions\/1020"}],"wp:featuredmedia":[{"embeddable":true,"href":"https:\/\/www.bfv.cloud\/ajedrezeuropa\/wp-json\/wp\/v2\/media\/1019"}],"wp:attachment":[{"href":"https:\/\/www.bfv.cloud\/ajedrezeuropa\/wp-json\/wp\/v2\/media?parent=1018"}],"wp:term":[{"taxonomy":"category","embeddable":true,"href":"https:\/\/www.bfv.cloud\/ajedrezeuropa\/wp-json\/wp\/v2\/categories?post=1018"},{"taxonomy":"post_tag","embeddable":true,"href":"https:\/\/www.bfv.cloud\/ajedrezeuropa\/wp-json\/wp\/v2\/tags?post=1018"}],"curies":[{"name":"wp","href":"https:\/\/api.w.org\/{rel}","templated":true}]}}