{"id":1021,"date":"2016-06-28T22:20:00","date_gmt":"2016-06-28T22:20:00","guid":{"rendered":"https:\/\/www.bfv.cloud\/ajedrezeuropa\/index.php\/2016\/06\/28\/campeonato-de-espana-en-edad-escolar-por-selecciones-autonomicas\/"},"modified":"2025-11-20T10:25:23","modified_gmt":"2025-11-20T10:25:23","slug":"campeonato-de-espana-en-edad-escolar-por-selecciones-autonomicas","status":"publish","type":"post","link":"https:\/\/www.bfv.cloud\/ajedrezeuropa\/campeonato-de-espana-en-edad-escolar-por-selecciones-autonomicas\/","title":{"rendered":"CAMPEONATO DE ESPA\u00d1A EN EDAD ESCOLAR POR SELECCIONES AUTON\u00d3MICAS"},"content":{"rendered":"<table cellpadding=\"0\" cellspacing=\"0\" class=\"tr-caption-container\" style=\"float: right;margin-left: 1em;text-align: right\">\n<tbody>\n<tr>\n<td style=\"text-align: center\"><a href=\"https:\/\/www.bfv.cloud\/ajedrezeuropa\/wp-content\/uploads\/2016\/06\/IMG-20160626-WA001.jpg\" style=\"clear: right;margin-bottom: 1em;margin-left: auto;margin-right: auto\"><img fetchpriority=\"high\" decoding=\"async\" border=\"0\" height=\"257\" src=\"https:\/\/blogger.googleusercontent.com\/img\/b\/R29vZ2xl\/AVvXsEitu8UBxZWijHq1f1pF8oUdu3WeVig7kem0blz51ZSK43S2w_TvInOcRlIo4WRSv0nMWBQjShUgP5cMvYQVOd7Ra5d36kNRtY5P0VhyphenhyphenZ-RJJCX0QHsaN8w2dXQsfPdaFhzDcro0aRb8nkA\/s400\/IMG-20160626-WA001.jpg\" width=\"400\" \/><\/a><\/td>\n<\/tr>\n<tr>\n<td class=\"tr-caption\" style=\"text-align: center\">Isabel Marcos-Alberca con la selecci\u00f3n sub-14 de<br \/>\nCastilla-La Mancha<\/td>\n<\/tr>\n<\/tbody>\n<\/table>\n<table cellpadding=\"0\" cellspacing=\"0\" class=\"tr-caption-container\" style=\"float: left;margin-right: 1em;text-align: left\">\n<tbody>\n<tr>\n<td style=\"text-align: center\">\n<div class=\"separator\" style=\"clear: both;text-align: center\">\n<a href=\"https:\/\/www.bfv.cloud\/ajedrezeuropa\/wp-content\/uploads\/2016\/06\/Cartel_campeonato_espaa_1.jpg\" style=\"margin-left: 1em;margin-right: 1em\"><img decoding=\"async\" border=\"0\" height=\"320\" src=\"https:\/\/blogger.googleusercontent.com\/img\/b\/R29vZ2xl\/AVvXsEhh4Wn0UEaNlJWBkbK6i16i6kUIQXlVxxN8VR7NFrGEFsHPey1bX6RNf4LDsDGPrmL5GJRuKDA36j4p3QJy2gA5VMthcPCsYFVvRfy0LJQhEB4o6EAItJeg0QUF3ZLNi4419IIJAL6HIGM\/s320\/Cartel_campeonato_espaa_1.jpg\" width=\"232\" \/><\/a><\/div>\n<div class=\"separator\" style=\"clear: both;text-align: center\">\n<\/div>\n<div class=\"separator\" style=\"clear: both;text-align: center\">\n<\/div>\n<p><a href=\"https:\/\/www.bfv.cloud\/ajedrezeuropa\/wp-content\/uploads\/2016\/06\/IMG-20160626-WA003.jpg\" style=\"clear: right;margin-bottom: 1em;margin-left: auto;margin-right: auto\"><img decoding=\"async\" border=\"0\" height=\"207\" src=\"https:\/\/blogger.googleusercontent.com\/img\/b\/R29vZ2xl\/AVvXsEgj8H5eedZeJL7H3WBOhXXu0pNpNtuaeTipPpxJgrgQ7gfoHU3W8lT3ZFFlrPqo8KdGXkd1dnDUEE62DNw9WPxqf3f_9dq4pfeVaYIwD3EQYITVDhS9Fa7naMsCj0QqnDVl3CZ4EZchoCQ\/s400\/IMG-20160626-WA003.jpg\" width=\"400\" \/><\/a><\/td>\n<\/tr>\n<tr>\n<td class=\"tr-caption\" style=\"text-align: center\">El tablero 4 de Castilla-La Mancha ha estado defendido<br \/>\npor Isabel que ha logrado 3 puntos en las 4 partidas que ha disputado<\/td>\n<\/tr>\n<\/tbody>\n<\/table>\n<p><span style=\"font-family: Helvetica Neue, Arial, Helvetica, sans-serif\"><b>El pasado domingo finalizaba en la localidad coru\u00f1esa de Padr\u00f3n el Campeonato de Espa\u00f1a del Deporte en Edad Escolar en la categor\u00eda infantil (sub-14). La modalidad de competici\u00f3n, por equipos de selecciones auton\u00f3micas, llev\u00f3 a nuestra jugadora Isabel Marcos-Alberca, de la escuela de ajedrez de Alc\u00e1zar, a la representaci\u00f3n de Castilla-La Mancha. Tras disputar 4 de las 6 rondas, sum\u00f3 3 puntos, despu\u00e9s de 2 victorias y 2 tablas, acerc\u00e1ndose al premio al mejor 4\u00ba tablero de la competici\u00f3n. Su magn\u00edfica actuaci\u00f3n junto a la de sus compa\u00f1eros de expedici\u00f3n dej\u00f3 al equipo castellano-manchego en la 6\u00aa posici\u00f3n de la clasificaci\u00f3n final, aunque partieran de la 12\u00aa.&nbsp;<\/b><\/span><br \/>\n<span style=\"font-family: Helvetica Neue, Arial, Helvetica, sans-serif\"><b>Esta nueva experiencia ha servido para que Isabel sume 25 puntos de valoraci\u00f3n a su ELO FIDE.<\/b><\/span><\/p>\n<div class=\"separator\" style=\"clear: both;text-align: center\">\n<\/div>\n","protected":false},"excerpt":{"rendered":"<p>Isabel Marcos-Alberca con la selecci\u00f3n sub-14 de Castilla-La Mancha El tablero 4 de Castilla-La Mancha ha estado defendido por Isabel que ha logrado 3 puntos en las 4 partidas que ha disputado El pasado domingo finalizaba en la localidad coru\u00f1esa de Padr\u00f3n el Campeonato de Espa\u00f1a del Deporte en Edad Escolar en la categor\u00eda infantil [&hellip;]<\/p>\n","protected":false},"author":1,"featured_media":1022,"comment_status":"open","ping_status":"closed","sticky":false,"template":"","format":"standard","meta":{"footnotes":""},"categories":[1],"tags":[],"class_list":["post-1021","post","type-post","status-publish","format-standard","has-post-thumbnail","hentry","category-noticias"],"_links":{"self":[{"href":"https:\/\/www.bfv.cloud\/ajedrezeuropa\/wp-json\/wp\/v2\/posts\/1021","targetHints":{"allow":["GET"]}}],"collection":[{"href":"https:\/\/www.bfv.cloud\/ajedrezeuropa\/wp-json\/wp\/v2\/posts"}],"about":[{"href":"https:\/\/www.bfv.cloud\/ajedrezeuropa\/wp-json\/wp\/v2\/types\/post"}],"author":[{"embeddable":true,"href":"https:\/\/www.bfv.cloud\/ajedrezeuropa\/wp-json\/wp\/v2\/users\/1"}],"replies":[{"embeddable":true,"href":"https:\/\/www.bfv.cloud\/ajedrezeuropa\/wp-json\/wp\/v2\/comments?post=1021"}],"version-history":[{"count":1,"href":"https:\/\/www.bfv.cloud\/ajedrezeuropa\/wp-json\/wp\/v2\/posts\/1021\/revisions"}],"predecessor-version":[{"id":1025,"href":"https:\/\/www.bfv.cloud\/ajedrezeuropa\/wp-json\/wp\/v2\/posts\/1021\/revisions\/1025"}],"wp:featuredmedia":[{"embeddable":true,"href":"https:\/\/www.bfv.cloud\/ajedrezeuropa\/wp-json\/wp\/v2\/media\/1022"}],"wp:attachment":[{"href":"https:\/\/www.bfv.cloud\/ajedrezeuropa\/wp-json\/wp\/v2\/media?parent=1021"}],"wp:term":[{"taxonomy":"category","embeddable":true,"href":"https:\/\/www.bfv.cloud\/ajedrezeuropa\/wp-json\/wp\/v2\/categories?post=1021"},{"taxonomy":"post_tag","embeddable":true,"href":"https:\/\/www.bfv.cloud\/ajedrezeuropa\/wp-json\/wp\/v2\/tags?post=1021"}],"curies":[{"name":"wp","href":"https:\/\/api.w.org\/{rel}","templated":true}]}}