{"id":1031,"date":"2025-02-25T12:57:00","date_gmt":"2025-02-25T12:57:00","guid":{"rendered":"https:\/\/www.bfv.cloud\/ajedrezeuropa\/index.php\/2025\/02\/25\/la-gala-del-deporte-de-alcazar-premia-a-nuestro-ajedrez\/"},"modified":"2025-11-20T10:25:30","modified_gmt":"2025-11-20T10:25:30","slug":"la-gala-del-deporte-de-alcazar-premia-a-nuestro-ajedrez","status":"publish","type":"post","link":"https:\/\/www.bfv.cloud\/ajedrezeuropa\/la-gala-del-deporte-de-alcazar-premia-a-nuestro-ajedrez\/","title":{"rendered":"LA GALA DEL DEPORTE DE ALCAZAR PREMIA A NUESTRO AJEDREZ"},"content":{"rendered":"<p>&nbsp;<\/p>\n<table align=\"center\" cellpadding=\"0\" cellspacing=\"0\" class=\"tr-caption-container\" style=\"margin-left: auto;margin-right: auto\">\n<tbody>\n<tr>\n<td style=\"text-align: center\"><a href=\"https:\/\/www.bfv.cloud\/ajedrezeuropa\/wp-content\/uploads\/2025\/02\/320PREMIO20CLUB-1.jpg\" style=\"margin-left: auto;margin-right: auto\"><img fetchpriority=\"high\" decoding=\"async\" border=\"0\" data-original-height=\"1291\" data-original-width=\"1999\" height=\"414\" src=\"https:\/\/blogger.googleusercontent.com\/img\/b\/R29vZ2xl\/AVvXsEgpv8sXtHG193hrwWahDAtnDfV5HKp9vShO53GNF2VUfV_vqTDAlrTI1IjSe8eK6j9hejaXAwP-Yh26uWqAroc3AptB_YcQre6mKHfSe8Q7tU1zsbuJSOZOI5qY4dDSrHqLsimsL9Y8qRR3INkNyEBtQlGxJGuqi7mYk0z0-yI9ZHI31sOTqBALG8IWF6Q\/w640-h414\/3%20PREMIO%20CLUB.jpg\" width=\"640\" \/><\/a><\/td>\n<\/tr>\n<tr>\n<td class=\"tr-caption\" style=\"text-align: center\">Una representaci\u00f3n del club Nuestro Ajedrez en Europa<\/td>\n<\/tr>\n<\/tbody>\n<\/table>\n<p><span style=\"font-family: arial;font-size: large\">La gala del deporte de Alc\u00e1zar de San Juan premi\u00f3 a los deportistas y clubes m\u00e1s destacados en la temporada 2023\/24<\/span><span style=\"font-family: arial;font-size: large\">. De esta manera, nuestro club,<\/span><span style=\"font-size: large\"><span style=\"font-family: arial\">&nbsp;<\/span><span style=\"font-family: arial\">fue galardonado por el IMD y el ayuntamiento de Alc\u00e1zar&nbsp;<\/span><span style=\"font-family: arial\">tras un a\u00f1o muy importante en cuanto a resultados deportivos y sobresaliente en el terreno de los reconocimientos al proyecto educativo que se lleva realizando en Illescas desde 2017. Asimismo, \u00c1ngel Collado Alcolado, actual campe\u00f3n regional juvenil, y Jaime Vila Castillo, vigente campe\u00f3n de Castilla La Mancha sub-12, recogieron sus premios por los excelentes resultados conseguidos.&nbsp;<\/span><\/span><\/p>\n<table align=\"center\" cellpadding=\"0\" cellspacing=\"0\" class=\"tr-caption-container\" style=\"margin-left: auto;margin-right: auto\">\n<tbody>\n<tr>\n<td style=\"text-align: center\"><a href=\"https:\/\/www.bfv.cloud\/ajedrezeuropa\/wp-content\/uploads\/2025\/02\/220PREMIO20ANGEL20COLLADO.jpg\" style=\"margin-left: auto;margin-right: auto\"><img decoding=\"async\" border=\"0\" data-original-height=\"1366\" data-original-width=\"2048\" height=\"426\" src=\"https:\/\/blogger.googleusercontent.com\/img\/b\/R29vZ2xl\/AVvXsEjs34_3X-bS2wjnpgtKUCHaVVdLyyBkcpcCGYO_vdjzpsxwVv14boH2I7ks6_VlFMMT0SF5RmXCWaqp49zy2x3xo6Yz8i-_LUaSTGFghpe4jbkutwDElwVFa3FcYomnAuLVoNSsVJJffFD6hhryi9gPiGE22w9SPzslId2wZAUW03CuOuNOlIzu99eUtVQ\/w640-h426\/2%20PREMIO%20ANGEL%20COLLADO.jpg\" width=\"640\" \/><\/a><\/td>\n<\/tr>\n<tr>\n<td class=\"tr-caption\" style=\"text-align: center\">\u00c1ngel Collado recogiendo su premio<\/td>\n<\/tr>\n<\/tbody>\n<\/table>\n<table align=\"center\" cellpadding=\"0\" cellspacing=\"0\" class=\"tr-caption-container\" style=\"margin-left: auto;margin-right: auto\">\n<tbody>\n<tr>\n<td style=\"text-align: center\"><a href=\"https:\/\/www.bfv.cloud\/ajedrezeuropa\/wp-content\/uploads\/2025\/02\/120PREMIO20JAIME20VILA.jpg\" style=\"margin-left: auto;margin-right: auto\"><img decoding=\"async\" border=\"0\" data-original-height=\"1366\" data-original-width=\"2048\" height=\"426\" src=\"https:\/\/blogger.googleusercontent.com\/img\/b\/R29vZ2xl\/AVvXsEidIIbfQKzS1LkfNr5yQxtUW6nbOkI1gCLiK4yKUpMGx67LjgRZCSGgUHP-kh3UXoMzVZNtUUYWPgL5xXuJ-8q0n0RlF1U0UFk2EtvBiWZYMUdXogfbuNV2Yr8aexLf3d0ezOYHHoaAyPOxOaNoc9eH8a92cvpLWYk8eYWVMdY8Ras-KDz9RY85rEo4rgI\/w640-h426\/1%20PREMIO%20JAIME%20VILA.jpg\" width=\"640\" \/><\/a><\/td>\n<\/tr>\n<tr>\n<td class=\"tr-caption\" style=\"text-align: center\">Jaime Vila fue el primer galardonado de la noche<\/td>\n<\/tr>\n<\/tbody>\n<\/table>\n<p><\/p>\n<div><span style=\"font-family: arial;font-size: large\"><br \/><\/span><\/div>\n<div><span style=\"font-family: arial;font-size: large\">En 2025 esperamos continuar con m\u00e1s \u00e9xitos en los campos de trabajo del proyecto Nuestro Ajedrez en Europa.<\/span><\/div>\n","protected":false},"excerpt":{"rendered":"<p>&nbsp; Una representaci\u00f3n del club Nuestro Ajedrez en Europa La gala del deporte de Alc\u00e1zar de San Juan premi\u00f3 a los deportistas y clubes m\u00e1s destacados en la temporada 2023\/24. De esta manera, nuestro club,&nbsp;fue galardonado por el IMD y el ayuntamiento de Alc\u00e1zar&nbsp;tras un a\u00f1o muy importante en cuanto a resultados deportivos y sobresaliente [&hellip;]<\/p>\n","protected":false},"author":1,"featured_media":1032,"comment_status":"open","ping_status":"closed","sticky":false,"template":"","format":"standard","meta":{"footnotes":""},"categories":[1],"tags":[],"class_list":["post-1031","post","type-post","status-publish","format-standard","has-post-thumbnail","hentry","category-noticias"],"_links":{"self":[{"href":"https:\/\/www.bfv.cloud\/ajedrezeuropa\/wp-json\/wp\/v2\/posts\/1031","targetHints":{"allow":["GET"]}}],"collection":[{"href":"https:\/\/www.bfv.cloud\/ajedrezeuropa\/wp-json\/wp\/v2\/posts"}],"about":[{"href":"https:\/\/www.bfv.cloud\/ajedrezeuropa\/wp-json\/wp\/v2\/types\/post"}],"author":[{"embeddable":true,"href":"https:\/\/www.bfv.cloud\/ajedrezeuropa\/wp-json\/wp\/v2\/users\/1"}],"replies":[{"embeddable":true,"href":"https:\/\/www.bfv.cloud\/ajedrezeuropa\/wp-json\/wp\/v2\/comments?post=1031"}],"version-history":[{"count":1,"href":"https:\/\/www.bfv.cloud\/ajedrezeuropa\/wp-json\/wp\/v2\/posts\/1031\/revisions"}],"predecessor-version":[{"id":1035,"href":"https:\/\/www.bfv.cloud\/ajedrezeuropa\/wp-json\/wp\/v2\/posts\/1031\/revisions\/1035"}],"wp:featuredmedia":[{"embeddable":true,"href":"https:\/\/www.bfv.cloud\/ajedrezeuropa\/wp-json\/wp\/v2\/media\/1032"}],"wp:attachment":[{"href":"https:\/\/www.bfv.cloud\/ajedrezeuropa\/wp-json\/wp\/v2\/media?parent=1031"}],"wp:term":[{"taxonomy":"category","embeddable":true,"href":"https:\/\/www.bfv.cloud\/ajedrezeuropa\/wp-json\/wp\/v2\/categories?post=1031"},{"taxonomy":"post_tag","embeddable":true,"href":"https:\/\/www.bfv.cloud\/ajedrezeuropa\/wp-json\/wp\/v2\/tags?post=1031"}],"curies":[{"name":"wp","href":"https:\/\/api.w.org\/{rel}","templated":true}]}}