{"id":1036,"date":"2014-06-16T13:45:00","date_gmt":"2014-06-16T13:45:00","guid":{"rendered":"https:\/\/www.bfv.cloud\/ajedrezeuropa\/index.php\/2014\/06\/16\/un-compromiso-con-el-futuro\/"},"modified":"2025-11-20T10:25:33","modified_gmt":"2025-11-20T10:25:33","slug":"un-compromiso-con-el-futuro","status":"publish","type":"post","link":"https:\/\/www.bfv.cloud\/ajedrezeuropa\/un-compromiso-con-el-futuro\/","title":{"rendered":"UN COMPROMISO CON EL FUTURO"},"content":{"rendered":"<div class=\"MsoNormal\">\n<div class=\"separator\" style=\"clear: both;text-align: center\">\n<a href=\"https:\/\/www.bfv.cloud\/ajedrezeuropa\/wp-content\/uploads\/2014\/06\/SAM_0557.jpg\" style=\"margin-left: 1em;margin-right: 1em\"><img fetchpriority=\"high\" decoding=\"async\" border=\"0\" src=\"https:\/\/www.bfv.cloud\/ajedrezeuropa\/wp-content\/uploads\/2014\/06\/SAM_0557.jpg\" height=\"132\" width=\"640\" \/><\/a><\/div>\n<div class=\"MsoNormal\">\n<span><br \/><\/span><\/div>\n<div class=\"MsoNormal\">\n<span><span style=\"color: #660000\">Desde que en<br \/>\n2012 comenzara el proceso de renovaci\u00f3n de los equipos sub-16 vinculados a<br \/>\nnuestro proyecto, hemos puesto en marcha varios procesos de participaci\u00f3n en la<br \/>\ncompetici\u00f3n para los chicos y chicas de menor edad. De forma gradual, los<br \/>\nequipos sub-16 de \u201cEuropa y la \u201cIgualdad\u201d han ido renovando a sus jugadores,<br \/>\ndando entrada a otros m\u00e1s peque\u00f1os para favorecer su formaci\u00f3n en la<br \/>\ncompetici\u00f3n y en los valores de colaboraci\u00f3n y&nbsp;<br \/>\ncooperaci\u00f3n colectiva. En este compromiso con el futuro del proyecto hay<br \/>\ncircunstancias que nos obligan a acelerar el ritmo de trabajo con algunos<br \/>\njugadores. Algunos condicionantes surgidos especialmente esta temporada de<br \/>\n2014, nos obligan a cambiar el ritmo de renovaci\u00f3n y a replantear algunos campeonatos.<br \/>\n<\/span><\/span><\/div>\n<div class=\"separator\" style=\"clear: both;text-align: center\">\n<a href=\"https:\/\/www.bfv.cloud\/ajedrezeuropa\/wp-content\/uploads\/2014\/06\/SAM_0548.jpg\" style=\"clear: right;float: right;margin-bottom: 1em;margin-left: 1em\"><img decoding=\"async\" border=\"0\" src=\"https:\/\/www.bfv.cloud\/ajedrezeuropa\/wp-content\/uploads\/2014\/06\/SAM_0548.jpg\" height=\"300\" width=\"400\" \/><\/a><\/div>\n<div class=\"MsoNormal\">\n<span><span style=\"color: #660000\">As\u00ed ha<br \/>\nocurrido el s\u00e1bado 14 de junio en la celebraci\u00f3n del Campeonato Provincial por<br \/>\nEquipos sub-16 de Toledo. Los problemas impuestos por la fecha elegida nos<br \/>\nllevaron a pensar que esta vez ser\u00eda imposible nuestra inscripci\u00f3n, aunque<br \/>\ngracias al esfuerzo de jugadores y padres, finalmente, pudimos participar. Sin<br \/>\nentrar a valorar los pormenores organizativos, considero que, en lo sucesivo,<br \/>\nser\u00eda mucho m\u00e1s l\u00f3gico adelantar al mes de mayo la fecha de esta competici\u00f3n,<br \/>\nevitando los posibles conflictos de intereses del mes de junio, donde se dan<br \/>\ncita todo tipo de reuniones, ex\u00e1menes, viajes de fin de curso, fiestas<br \/>\nescolares y actividades deportivas. S\u00f3lo a \u00faltima hora, y con 3 bajas<br \/>\nimportantes en nuestros equipos, completamos la lista de participantes de los 2<br \/>\nclubes. Con nuestra presencia hemos querido dejar patente, una vez m\u00e1s, la<br \/>\nimportancia prioritaria que concedemos a las competiciones por equipos, seamos<br \/>\nfavoritos o no. Con una 3\u00aa plaza para el club \u201cNuestro Ajedrez en Europa\u201d y un<br \/>\n4\u00ba puesto para \u201cNuestro Ajedrez por la Igualdad\u201d se ha resuelto la<br \/>\nclasificaci\u00f3n final de los equipos del proyecto. Aunque lo m\u00e1s significativo ha<br \/>\nsido el juego elaborado por Nuria Lozano y Mar\u00eda Oliver, de 9 y 11 a\u00f1os de<br \/>\nedad, frente a rivales de 14 y 16 a\u00f1os.<\/span><\/span><\/div>\n<p><\/p>\n<div class=\"MsoNormal\">\n<span><span style=\"color: #660000\">\u00a1\u00a1Enhorabuena<br \/>\na todos nuestros chicos y chicas por el esfuerzo!!&nbsp;&nbsp;<\/span><\/span><\/div>\n<div class=\"MsoNormal\">\n<span><br \/><\/span><\/div>\n<div class=\"MsoNormal\">\n<b><u><span>De&nbsp;<br \/>\nnuevo, problemas con el calendario<\/span><\/u><\/b><\/div>\n<div class=\"MsoNormal\" style=\"text-align: justify\">\n<\/div>\n<div class=\"MsoNormal\">\n<\/div>\n<div class=\"MsoNormal\">\n<span>El calendario<br \/>\nde competiciones de la FACLM (Federaci\u00f3n de Ajedrez de Castilla-La Mancha) para<br \/>\nesta temporada repite algunos de los errores de la pasada y nos crea nuevas<br \/>\ndificultades en los&nbsp;campeonatos por equipos.<br \/>\nEs un hecho conocido que resulta muy dif\u00edcil encontrar fechas, por parte de los<br \/>\norganizadores de cualquier torneo, que no generen dificultades para alguno de<br \/>\nsus potenciales participantes. Tambi\u00e9n es cierto que, al menos los campeonatos<br \/>\noficiales, deben variar los d\u00edas de celebraci\u00f3n si han creado un problema<br \/>\ngeneralizado de asistencia, como as\u00ed ocurri\u00f3 el a\u00f1o pasado con el regional por<br \/>\nequipos de la categor\u00eda absoluta. Este importante campeonato, el de mayor rango<br \/>\nen la modalidad de equipos en Castilla-La Mancha, se celebrar\u00e1 en Albacete del<br \/>\n19 al 22 de junio, fechas que siguen siendo de ex\u00e1menes para los jugadores<br \/>\nuniversitarios de los distintos clubes. Ya en la temporada de 2013, por primera<br \/>\nvez en muchos a\u00f1os, tuvimos que renunciar a participar por la incompatibilidad<br \/>\nque supon\u00edan los d\u00edas elegidos para su celebraci\u00f3n con los ex\u00e1menes de la PAEG<br \/>\nde nuestros jugadores. Desafortunadamente, este a\u00f1o se ha vuelto a repetir la<br \/>\nsituaci\u00f3n. La consecuencia es que el equipo absoluto de NUESTRO AJEDREZ EN<br \/>\nEUROPA no acudir\u00e1 al regional, al no disponer de ninguno de los jugadores de<br \/>\nmayor edad para que acompa\u00f1en a varios de los sub-18 y sub-16.&nbsp;<\/span><\/div>\n<\/div>\n","protected":false},"excerpt":{"rendered":"<p>Desde que en 2012 comenzara el proceso de renovaci\u00f3n de los equipos sub-16 vinculados a nuestro proyecto, hemos puesto en marcha varios procesos de participaci\u00f3n en la competici\u00f3n para los chicos y chicas de menor edad. De forma gradual, los equipos sub-16 de \u201cEuropa y la \u201cIgualdad\u201d han ido renovando a sus jugadores, dando entrada [&hellip;]<\/p>\n","protected":false},"author":1,"featured_media":1037,"comment_status":"open","ping_status":"closed","sticky":false,"template":"","format":"standard","meta":{"footnotes":""},"categories":[1],"tags":[],"class_list":["post-1036","post","type-post","status-publish","format-standard","has-post-thumbnail","hentry","category-noticias"],"_links":{"self":[{"href":"https:\/\/www.bfv.cloud\/ajedrezeuropa\/wp-json\/wp\/v2\/posts\/1036","targetHints":{"allow":["GET"]}}],"collection":[{"href":"https:\/\/www.bfv.cloud\/ajedrezeuropa\/wp-json\/wp\/v2\/posts"}],"about":[{"href":"https:\/\/www.bfv.cloud\/ajedrezeuropa\/wp-json\/wp\/v2\/types\/post"}],"author":[{"embeddable":true,"href":"https:\/\/www.bfv.cloud\/ajedrezeuropa\/wp-json\/wp\/v2\/users\/1"}],"replies":[{"embeddable":true,"href":"https:\/\/www.bfv.cloud\/ajedrezeuropa\/wp-json\/wp\/v2\/comments?post=1036"}],"version-history":[{"count":1,"href":"https:\/\/www.bfv.cloud\/ajedrezeuropa\/wp-json\/wp\/v2\/posts\/1036\/revisions"}],"predecessor-version":[{"id":1039,"href":"https:\/\/www.bfv.cloud\/ajedrezeuropa\/wp-json\/wp\/v2\/posts\/1036\/revisions\/1039"}],"wp:featuredmedia":[{"embeddable":true,"href":"https:\/\/www.bfv.cloud\/ajedrezeuropa\/wp-json\/wp\/v2\/media\/1037"}],"wp:attachment":[{"href":"https:\/\/www.bfv.cloud\/ajedrezeuropa\/wp-json\/wp\/v2\/media?parent=1036"}],"wp:term":[{"taxonomy":"category","embeddable":true,"href":"https:\/\/www.bfv.cloud\/ajedrezeuropa\/wp-json\/wp\/v2\/categories?post=1036"},{"taxonomy":"post_tag","embeddable":true,"href":"https:\/\/www.bfv.cloud\/ajedrezeuropa\/wp-json\/wp\/v2\/tags?post=1036"}],"curies":[{"name":"wp","href":"https:\/\/api.w.org\/{rel}","templated":true}]}}