{"id":1040,"date":"2015-07-12T10:15:00","date_gmt":"2015-07-12T10:15:00","guid":{"rendered":"https:\/\/www.bfv.cloud\/ajedrezeuropa\/index.php\/2015\/07\/12\/alfredo-amador-en-el-campeonato-de-espana-sub-12\/"},"modified":"2025-11-20T10:25:35","modified_gmt":"2025-11-20T10:25:35","slug":"alfredo-amador-en-el-campeonato-de-espana-sub-12","status":"publish","type":"post","link":"https:\/\/www.bfv.cloud\/ajedrezeuropa\/alfredo-amador-en-el-campeonato-de-espana-sub-12\/","title":{"rendered":"ALFREDO AMADOR EN EL CAMPEONATO DE ESPA\u00d1A SUB-12"},"content":{"rendered":"<table align=\"center\" cellpadding=\"0\" cellspacing=\"0\" class=\"tr-caption-container\" style=\"float: right;margin-left: 1em;text-align: right\">\n<tbody>\n<tr>\n<td style=\"text-align: center\"><a href=\"https:\/\/www.bfv.cloud\/ajedrezeuropa\/wp-content\/uploads\/2015\/07\/FOTOALFREDO3.jpg\" style=\"margin-left: auto;margin-right: auto\"><img fetchpriority=\"high\" decoding=\"async\" border=\"0\" height=\"260\" src=\"https:\/\/blogger.googleusercontent.com\/img\/b\/R29vZ2xl\/AVvXsEhw50C3y9kCCAo76WqEGmSq7RoYbEP094n7hWM3Tbtj0tnCg-c_ygDWESlNs4pu_EQYwtnhTblihgs_j-WdM16UMfhlkhwQ9PO7zfo3F85GkqzLw5r-U9RPCThdbMCzqGqJiuhTh78x7_0\/s400\/FOTO+ALFREDO+3.jpg\" width=\"400\" \/><\/a><\/td>\n<\/tr>\n<tr>\n<td class=\"tr-caption\" style=\"text-align: center\">Alfredo en una de sus \u00fatlimas partidas<\/td>\n<\/tr>\n<\/tbody>\n<\/table>\n<p><\/p>\n<table cellpadding=\"0\" cellspacing=\"0\" class=\"tr-caption-container\" style=\"float: left;margin-right: 1em;text-align: left\">\n<tbody>\n<tr>\n<td style=\"text-align: center\"><a href=\"https:\/\/www.bfv.cloud\/ajedrezeuropa\/wp-content\/uploads\/2015\/07\/FOTOALFREDO2.jpg\" style=\"clear: left;margin-bottom: 1em;margin-left: auto;margin-right: auto\"><img decoding=\"async\" border=\"0\" height=\"236\" src=\"https:\/\/blogger.googleusercontent.com\/img\/b\/R29vZ2xl\/AVvXsEjjdpjvrUeu9nKs40CGPxzDjGtVy_a0TmT7CflQmRj1CbSLBos3OrwnpeTVm3Xqh872hjizogQ6LqyPmd1dajQn_xW-_TP6QC7q8PKo9JY2OGdqrMr2jQE0NvQ_HF4mmz1WUrujtdaReDk\/s400\/FOTO+ALFREDO+2.jpg\" width=\"400\" \/><\/a><\/td>\n<\/tr>\n<tr>\n<td class=\"tr-caption\" style=\"text-align: center\">Al comienzo del torneo en Salobre\u00f1a<\/td>\n<\/tr>\n<\/tbody>\n<\/table>\n<p><span style=\"font-family: Trebuchet MS, sans-serif\">Ha finalizado en Salobre\u00f1a (Granada) el Campeonato de Espa\u00f1a sub-12, que ha contado con la participaci\u00f3n de 134 ajedrecistas de todas las comunidades aut\u00f3nomas del estado. Como anunciamos en noticias anteriores, en esta ocasi\u00f3n ha sido Alfredo Amador And\u00fajar el que se ha encontrado con su primera participaci\u00f3n en un nacional individual por edades. Sus 4 puntos le han situado en la posici\u00f3n 82 de la clasificaci\u00f3n final, muy cerca de conseguir el 50% de la puntuaci\u00f3n total, aunque ante todo queremos reflejar su gran capacidad para afrontar nuevos retos. Ya se\u00f1alamos al concluir el sub-10 que los primeros pasos en este tipo de competiciones nacionales son dif\u00edciles, aunque muy interesantes de cara a lograr la experiencia y serenidad suficientes para seguir mejorando y creciendo en un deporte tan t\u00e9cnico y psicol\u00f3gicamente complejo como el ajedrez. Alfredo pertenece a esa jovenc\u00edsima generaci\u00f3n de chicos y chicas de nuestras escuelas llamados a abanderar los equipos que forman del proyecto NUESTRO AJEDREZ EN EUROPA durante los pr\u00f3ximos a\u00f1os. A todos ellos queremos seguir anim\u00e1ndoles a entrenar y, por supuesto, a competir en torneos de tanto nivel como los que habitualmente deben afrontar en esta segunda parte de la temporada.<\/span><\/p>\n<h4>\n<span style=\"font-family: Trebuchet MS, sans-serif\"><u>&#8230; Y MA\u00d1ANA COMIENZA EL SUB-14<\/u><\/span><\/h4>\n<p><span style=\"font-family: Trebuchet MS, sans-serif\">A partir de ma\u00f1ana ser\u00e1n Roberto L\u00f3pez e Isabel Marcos-Alberca los que tomar\u00e1n contacto con esta exigente competici\u00f3n y con los otros 114 jugadores que tienen confirmada su inscripci\u00f3n. El pr\u00f3ximo fin de semana daremos cuenta de sus resultados, pero seguiremos atentos al desarrollo de sus partidas desde ma\u00f1ana lunes.<\/span><br \/>\n<span style=\"font-family: Trebuchet MS, sans-serif\">\u00a1\u00a1BUEN CAMPEONATO Y A SEGUIR APRENDIENDO!!<\/span><\/p>\n","protected":false},"excerpt":{"rendered":"<p>Alfredo en una de sus \u00fatlimas partidas Al comienzo del torneo en Salobre\u00f1a Ha finalizado en Salobre\u00f1a (Granada) el Campeonato de Espa\u00f1a sub-12, que ha contado con la participaci\u00f3n de 134 ajedrecistas de todas las comunidades aut\u00f3nomas del estado. Como anunciamos en noticias anteriores, en esta ocasi\u00f3n ha sido Alfredo Amador And\u00fajar el que se [&hellip;]<\/p>\n","protected":false},"author":1,"featured_media":1041,"comment_status":"open","ping_status":"closed","sticky":false,"template":"","format":"standard","meta":{"footnotes":""},"categories":[1],"tags":[],"class_list":["post-1040","post","type-post","status-publish","format-standard","has-post-thumbnail","hentry","category-noticias"],"_links":{"self":[{"href":"https:\/\/www.bfv.cloud\/ajedrezeuropa\/wp-json\/wp\/v2\/posts\/1040","targetHints":{"allow":["GET"]}}],"collection":[{"href":"https:\/\/www.bfv.cloud\/ajedrezeuropa\/wp-json\/wp\/v2\/posts"}],"about":[{"href":"https:\/\/www.bfv.cloud\/ajedrezeuropa\/wp-json\/wp\/v2\/types\/post"}],"author":[{"embeddable":true,"href":"https:\/\/www.bfv.cloud\/ajedrezeuropa\/wp-json\/wp\/v2\/users\/1"}],"replies":[{"embeddable":true,"href":"https:\/\/www.bfv.cloud\/ajedrezeuropa\/wp-json\/wp\/v2\/comments?post=1040"}],"version-history":[{"count":1,"href":"https:\/\/www.bfv.cloud\/ajedrezeuropa\/wp-json\/wp\/v2\/posts\/1040\/revisions"}],"predecessor-version":[{"id":1043,"href":"https:\/\/www.bfv.cloud\/ajedrezeuropa\/wp-json\/wp\/v2\/posts\/1040\/revisions\/1043"}],"wp:featuredmedia":[{"embeddable":true,"href":"https:\/\/www.bfv.cloud\/ajedrezeuropa\/wp-json\/wp\/v2\/media\/1041"}],"wp:attachment":[{"href":"https:\/\/www.bfv.cloud\/ajedrezeuropa\/wp-json\/wp\/v2\/media?parent=1040"}],"wp:term":[{"taxonomy":"category","embeddable":true,"href":"https:\/\/www.bfv.cloud\/ajedrezeuropa\/wp-json\/wp\/v2\/categories?post=1040"},{"taxonomy":"post_tag","embeddable":true,"href":"https:\/\/www.bfv.cloud\/ajedrezeuropa\/wp-json\/wp\/v2\/tags?post=1040"}],"curies":[{"name":"wp","href":"https:\/\/api.w.org\/{rel}","templated":true}]}}