{"id":1044,"date":"2019-05-08T18:22:00","date_gmt":"2019-05-08T18:22:00","guid":{"rendered":"https:\/\/www.bfv.cloud\/ajedrezeuropa\/index.php\/2019\/05\/08\/nuestro-proyecto-educativo-nominado-en-el-premio-heroes-anonimos\/"},"modified":"2025-11-20T10:25:37","modified_gmt":"2025-11-20T10:25:37","slug":"nuestro-proyecto-educativo-nominado-en-el-premio-heroes-anonimos","status":"publish","type":"post","link":"https:\/\/www.bfv.cloud\/ajedrezeuropa\/nuestro-proyecto-educativo-nominado-en-el-premio-heroes-anonimos\/","title":{"rendered":"NUESTRO PROYECTO EDUCATIVO NOMINADO EN EL PREMIO H\u00c9ROES AN\u00d3NIMOS"},"content":{"rendered":"<p><\/p>\n<div class=\"separator\" style=\"clear: both;text-align: center\">\n<a href=\"https:\/\/www.bfv.cloud\/ajedrezeuropa\/wp-content\/uploads\/2019\/05\/AJEDREZSOLOLOGO_001.jpg\" style=\"clear: right;float: right;margin-bottom: 1em;margin-left: 1em\"><img fetchpriority=\"high\" decoding=\"async\" border=\"0\" data-original-height=\"1034\" data-original-width=\"1600\" height=\"256\" src=\"https:\/\/blogger.googleusercontent.com\/img\/b\/R29vZ2xl\/AVvXsEiKnkf9QRakVCXvWSFck8t8Syhe7JjhyEb4yjgc1xVSZjRAhDBeFqA5qQI0nrmj5fZOfvIWbYoLcSppEmf51LmLK8A2DuVA9dRy3TDKUXqRYlGFOM0aLob0cFj0jLXvyCHuOHoH7mL7NYk\/s400\/AJEDREZ+SOLO+LOGO_001.jpg\" width=\"400\" \/><\/a><\/div>\n<p><span style=\", sans-serif;font-size: large\"><b>\u00abH\u00e9roes An\u00f3nimos\u00bb, el programa que dirige Juli\u00e1n Cano en la televisi\u00f3n p\u00fablica regional CMM, acaba de lanzar sus premios para el impulso de proyectos que trabajen aspectos sociales, culturales y medioambientales.<\/b><\/span><br \/>\n<span style=\", sans-serif;font-size: large\"><b>Uno de los 96 proyectos elegibles es el que venimos desarrollando durante los \u00faltimos a\u00f1os en Illescas: \u00abEl ajedrez en la escuela, una estrategia educativa\u00bb.<\/b><\/span><br \/>\n<span style=\", sans-serif;font-size: large\"><b>Si quer\u00e9is votar por nuestro proyecto lo pod\u00e9is hacer a trav\u00e9s del siguiente enlace:<\/b><\/span><\/p>\n<p><\/p>\n<div style=\"text-align: center\">\n<span style=\"font-size: large\"><a href=\"https:\/\/a.cstmapp.com\/voteme\/31260\/632923317?lc=es-es\">VOTAR A NUESTRO AJEDREZ EN EUROPA PARA EL PREMIO H\u00c9ROES AN\u00d3NIMOS<\/a><\/span><\/div>\n<p><img decoding=\"async\" alt=\"Premios H\u00c3\u00a9roes An\u00c3\u00b3nimos\" height=\"126\" src=\"https:\/\/gsewl-easypromos.netdna-ssl.com\/60\/31260\/headers\/5ccfd00e5de03.jpeg\" width=\"640\" \/><\/p>\n<h1 style=\"background-color: white;font-family: Raleway, sans-serif;font-size: 18pt;font-weight: 400 !important;line-height: 20pt;margin-block-end: 0px;margin-block-start: 0px;margin-bottom: 0px;margin-left: 0px;margin-right: 0px;margin-top: 0px !important;padding-block-end: 0px;padding-block-start: 0px;padding-inline-end: 0px;padding-inline-start: 0px;padding: 0px;text-align: center;vertical-align: top\">\n<span style=\"font-weight: 700 !important;margin-block-end: 0px;margin-block-start: 0px;margin-inline-end: 0px;margin-inline-start: 0px;margin: 0px;padding-block-end: 0px;padding-block-start: 0px;padding-inline-end: 0px;padding-inline-start: 0px;padding: 0px;vertical-align: baseline\"><br \/><\/span><\/h1>\n<h1 style=\"background-color: white;font-family: Raleway, sans-serif;font-size: 18pt;font-weight: 400 !important;line-height: 20pt;margin-block-end: 0px;margin-block-start: 0px;margin-bottom: 0px;margin-left: 0px;margin-right: 0px;margin-top: 0px !important;padding-block-end: 0px;padding-block-start: 0px;padding-inline-end: 0px;padding-inline-start: 0px;padding: 0px;text-align: center;vertical-align: top\">\n<span style=\"font-weight: 700 !important;margin-block-end: 0px;margin-block-start: 0px;margin-inline-end: 0px;margin-inline-start: 0px;margin: 0px;padding-block-end: 0px;padding-block-start: 0px;padding-inline-end: 0px;padding-inline-start: 0px;padding: 0px;vertical-align: baseline\"><br \/><\/span><\/h1>\n<h1 style=\"background-color: white;font-family: Raleway, sans-serif;font-size: 18pt;font-weight: 400 !important;line-height: 20pt;margin-block-end: 0px;margin-block-start: 0px;margin-bottom: 0px;margin-left: 0px;margin-right: 0px;margin-top: 0px !important;padding-block-end: 0px;padding-block-start: 0px;padding-inline-end: 0px;padding-inline-start: 0px;padding: 0px;text-align: center;vertical-align: top\">\n<span style=\"font-weight: 700 !important;margin-block-end: 0px;margin-block-start: 0px;margin-inline-end: 0px;margin-inline-start: 0px;margin: 0px;padding-block-end: 0px;padding-block-start: 0px;padding-inline-end: 0px;padding-inline-start: 0px;padding: 0px;vertical-align: baseline\">PREMIOS H\u00c9ROES AN\u00d3NIMOS<\/span><\/h1>\n<div style=\"background-color: white;font-family: Raleway, sans-serif;font-size: 10.5pt;line-height: 15pt;margin-block-end: 0px;margin-block-start: 0px;margin-top: 10px;padding-block-end: 0px;padding-block-start: 0px;padding-inline-end: 0px;padding-inline-start: 0px;padding: 0px;text-align: center;vertical-align: top\">\n<\/div>\n<h2 style=\"background-color: white;font-family: Raleway, sans-serif;font-size: 16pt;font-weight: 400 !important;line-height: 18pt;margin-block-end: 0px;margin-block-start: 0px;margin: 5px 0px 0px;padding-block-end: 0px;padding-block-start: 0px;padding-inline-end: 0px;padding-inline-start: 0px;padding: 0px;text-align: center;vertical-align: top\">\nCMM y Fundaci\u00f3n Soliss crean los&nbsp;<span style=\"font-weight: 700 !important;margin-block-end: 0px;margin-block-start: 0px;margin-inline-end: 0px;margin-inline-start: 0px;margin: 0px;padding-block-end: 0px;padding-block-start: 0px;padding-inline-end: 0px;padding-inline-start: 0px;padding: 0px;vertical-align: baseline\">Premios H\u00e9roes An\u00f3nimos<\/span>&nbsp;para impulsar proyectos sociales, culturales y medioambientales.<\/h2>\n<p><span style=\"background-color: white;, sans-serif;font-size: 24px;text-align: center\"><\/span><\/p>\n<div style=\"background-color: white;font-family: Raleway, sans-serif;font-size: 10.5pt;line-height: 15pt;margin-block-end: 0px;margin-block-start: 0px;margin-top: 10px;padding-block-end: 0px;padding-block-start: 0px;padding-inline-end: 0px;padding-inline-start: 0px;padding: 0px;text-align: center;vertical-align: top\">\nVota por tu proyecto favorito, a trav\u00e9s de facebook, desde el 6 de mayo hasta el 6 de junio de 2019. Los cinco m\u00e1s votados pasar\u00e1n a la final<\/div>\n<div style=\"background-color: white;font-family: Raleway, sans-serif;font-size: 10.5pt;line-height: 15pt;margin-block-end: 0px;margin-block-start: 0px;margin-top: 10px;padding-block-end: 0px;padding-block-start: 0px;padding-inline-end: 0px;padding-inline-start: 0px;padding: 0px;text-align: center;vertical-align: top\">\n*Puedes votar una vez a cada uno de los proyectos can<\/div>\n","protected":false},"excerpt":{"rendered":"<p>\u00abH\u00e9roes An\u00f3nimos\u00bb, el programa que dirige Juli\u00e1n Cano en la televisi\u00f3n p\u00fablica regional CMM, acaba de lanzar sus premios para el impulso de proyectos que trabajen aspectos sociales, culturales y medioambientales. Uno de los 96 proyectos elegibles es el que venimos desarrollando durante los \u00faltimos a\u00f1os en Illescas: \u00abEl ajedrez en la escuela, una estrategia [&hellip;]<\/p>\n","protected":false},"author":1,"featured_media":1045,"comment_status":"open","ping_status":"closed","sticky":false,"template":"","format":"standard","meta":{"footnotes":""},"categories":[1],"tags":[],"class_list":["post-1044","post","type-post","status-publish","format-standard","has-post-thumbnail","hentry","category-noticias"],"_links":{"self":[{"href":"https:\/\/www.bfv.cloud\/ajedrezeuropa\/wp-json\/wp\/v2\/posts\/1044","targetHints":{"allow":["GET"]}}],"collection":[{"href":"https:\/\/www.bfv.cloud\/ajedrezeuropa\/wp-json\/wp\/v2\/posts"}],"about":[{"href":"https:\/\/www.bfv.cloud\/ajedrezeuropa\/wp-json\/wp\/v2\/types\/post"}],"author":[{"embeddable":true,"href":"https:\/\/www.bfv.cloud\/ajedrezeuropa\/wp-json\/wp\/v2\/users\/1"}],"replies":[{"embeddable":true,"href":"https:\/\/www.bfv.cloud\/ajedrezeuropa\/wp-json\/wp\/v2\/comments?post=1044"}],"version-history":[{"count":1,"href":"https:\/\/www.bfv.cloud\/ajedrezeuropa\/wp-json\/wp\/v2\/posts\/1044\/revisions"}],"predecessor-version":[{"id":1046,"href":"https:\/\/www.bfv.cloud\/ajedrezeuropa\/wp-json\/wp\/v2\/posts\/1044\/revisions\/1046"}],"wp:featuredmedia":[{"embeddable":true,"href":"https:\/\/www.bfv.cloud\/ajedrezeuropa\/wp-json\/wp\/v2\/media\/1045"}],"wp:attachment":[{"href":"https:\/\/www.bfv.cloud\/ajedrezeuropa\/wp-json\/wp\/v2\/media?parent=1044"}],"wp:term":[{"taxonomy":"category","embeddable":true,"href":"https:\/\/www.bfv.cloud\/ajedrezeuropa\/wp-json\/wp\/v2\/categories?post=1044"},{"taxonomy":"post_tag","embeddable":true,"href":"https:\/\/www.bfv.cloud\/ajedrezeuropa\/wp-json\/wp\/v2\/tags?post=1044"}],"curies":[{"name":"wp","href":"https:\/\/api.w.org\/{rel}","templated":true}]}}