{"id":1047,"date":"2015-07-19T10:12:00","date_gmt":"2015-07-19T10:12:00","guid":{"rendered":"https:\/\/www.bfv.cloud\/ajedrezeuropa\/index.php\/2015\/07\/19\/roberto-lopez-y-ma-isabel-marcos-alberca-en-los-campeonatos-de-espana-sub-14\/"},"modified":"2025-11-20T10:25:39","modified_gmt":"2025-11-20T10:25:39","slug":"roberto-lopez-y-ma-isabel-marcos-alberca-en-los-campeonatos-de-espana-sub-14","status":"publish","type":"post","link":"https:\/\/www.bfv.cloud\/ajedrezeuropa\/roberto-lopez-y-ma-isabel-marcos-alberca-en-los-campeonatos-de-espana-sub-14\/","title":{"rendered":"ROBERTO L\u00d3PEZ Y M\u00aa ISABEL MARCOS-ALBERCA EN LOS CAMPEONATOS DE ESPA\u00d1A SUB-14"},"content":{"rendered":"<table align=\"center\" cellpadding=\"0\" cellspacing=\"0\" class=\"tr-caption-container\" style=\"float: right;margin-left: 1em;text-align: right\">\n<tbody>\n<tr>\n<td style=\"text-align: center\"><a href=\"https:\/\/www.bfv.cloud\/ajedrezeuropa\/wp-content\/uploads\/2015\/07\/FOTOROBERTOEISABEL.jpg\" style=\"margin-left: auto;margin-right: auto\"><img fetchpriority=\"high\" decoding=\"async\" border=\"0\" height=\"400\" src=\"https:\/\/blogger.googleusercontent.com\/img\/b\/R29vZ2xl\/AVvXsEg-qR9wR33JckfeSYjErIjXkfwGBZhPH9GdcO1r3ei794ZyYEO5O_cm9aY-wkLoq1uPYWLGhzcGXBN_k69CiMU1iFqdEAITV53OI0VeC0FhzqKQjvCtvVX7jQWU1_QTxEdq7DlMTzgT_CM\/s400\/FOTO+ROBERTO+E+ISABEL.jpg\" width=\"286\" \/><\/a><\/td>\n<\/tr>\n<tr>\n<td class=\"tr-caption\" style=\"text-align: center\">Roberto e Isabel en Salobre\u00f1a<\/td>\n<\/tr>\n<\/tbody>\n<\/table>\n<table align=\"center\" cellpadding=\"0\" cellspacing=\"0\" class=\"tr-caption-container\" style=\"float: left;margin-right: 1em;text-align: left\">\n<tbody>\n<tr>\n<td style=\"text-align: center\"><a href=\"https:\/\/www.bfv.cloud\/ajedrezeuropa\/wp-content\/uploads\/2015\/07\/FOTOGRUPOCASTILLALAMANCHA.jpg\" style=\"margin-left: auto;margin-right: auto\"><img decoding=\"async\" border=\"0\" height=\"400\" src=\"https:\/\/blogger.googleusercontent.com\/img\/b\/R29vZ2xl\/AVvXsEiEYHG27VanyqF4N7nEmyozRuOrDU9ayyWkykjFmC89k3TjnTakU5lXwAQzYb-sho_2KBO2UGQDbSrt1QYctGsbaCmtX3dcEn_fGtRGl6TP6jtNMoqcLl7lWfKuuyJnavqSJRTKjpu5frQ\/s400\/FOTO+GRUPO+CASTILLA+LA+MANCHA.jpg\" width=\"322\" \/><\/a><\/td>\n<\/tr>\n<tr>\n<td class=\"tr-caption\" style=\"text-align: center\">El grupo de jugadores de Castilla-La Mancha en el sub-14<\/td>\n<\/tr>\n<\/tbody>\n<\/table>\n<p><span style=\"font-family: Georgia, Times New Roman, serif\"><b>Con una participaci\u00f3n de 115 jugadores se despide el Campeonato de Espa\u00f1a sub-14 celebrado esta semana en la poblaci\u00f3n granadina de Salobre\u00f1a. Esta categor\u00eda es la \u00fanica que ha contado con una doble representaci\u00f3n por parte de \u00abNuestro Ajedrez en Europa\u00bb. Roberto L\u00f3pez N\u00fa\u00f1ez y M\u00aa Isabel Marcos-Alberca Lizcano est\u00e1n completando su participaci\u00f3n en estos momentos con el sub-14 de partidas r\u00e1pidas, despu\u00e9s de finalizar el de ritmo lento con 4 y 3 puntos, respectivamente. Tanto Isabel como Roberto mejoran su ranking inicial y su valoraci\u00f3n de ELO FIDE tras haber realizado un campeonato con partidas muy intensas y de larga duraci\u00f3n. Los dos tienen por delante un resto de verano muy interesante, empezando por el pr\u00f3ximo campus (tan solo a una semana de iniciarse), el torneo de la feria de Alc\u00e1zar del \u00faltimo fin de semana de agosto y el Campeonato Regional por Equipos sub-16 de comienzos de septiembre. Seguro que tanto desde el plano formativo como desde el deportivo estos retos tan cercanos servir\u00e1n para seguir trabajando y mejorando su afici\u00f3n por el ajedrez.<\/b><\/span><br \/>\n<span style=\"font-family: Georgia, Times New Roman, serif\"><b>Recordamos que ma\u00f1ana lunes dar\u00e1 comienzo el Campeonato de Espa\u00f1a sub-16 en el que estaremos representados por el joven alcazare\u00f1o, Javier Valdepe\u00f1as Octavio. Desde aqu\u00ed le deseamos un \u00a1\u00a1BUENA COMPETICI\u00d3N Y UN GRAN JUEGO SOBRE EL TABLERO!! &nbsp;<\/b>&nbsp;<\/span><\/p>\n","protected":false},"excerpt":{"rendered":"<p>Roberto e Isabel en Salobre\u00f1a El grupo de jugadores de Castilla-La Mancha en el sub-14 Con una participaci\u00f3n de 115 jugadores se despide el Campeonato de Espa\u00f1a sub-14 celebrado esta semana en la poblaci\u00f3n granadina de Salobre\u00f1a. Esta categor\u00eda es la \u00fanica que ha contado con una doble representaci\u00f3n por parte de \u00abNuestro Ajedrez en [&hellip;]<\/p>\n","protected":false},"author":1,"featured_media":1048,"comment_status":"open","ping_status":"closed","sticky":false,"template":"","format":"standard","meta":{"footnotes":""},"categories":[1],"tags":[],"class_list":["post-1047","post","type-post","status-publish","format-standard","has-post-thumbnail","hentry","category-noticias"],"_links":{"self":[{"href":"https:\/\/www.bfv.cloud\/ajedrezeuropa\/wp-json\/wp\/v2\/posts\/1047","targetHints":{"allow":["GET"]}}],"collection":[{"href":"https:\/\/www.bfv.cloud\/ajedrezeuropa\/wp-json\/wp\/v2\/posts"}],"about":[{"href":"https:\/\/www.bfv.cloud\/ajedrezeuropa\/wp-json\/wp\/v2\/types\/post"}],"author":[{"embeddable":true,"href":"https:\/\/www.bfv.cloud\/ajedrezeuropa\/wp-json\/wp\/v2\/users\/1"}],"replies":[{"embeddable":true,"href":"https:\/\/www.bfv.cloud\/ajedrezeuropa\/wp-json\/wp\/v2\/comments?post=1047"}],"version-history":[{"count":1,"href":"https:\/\/www.bfv.cloud\/ajedrezeuropa\/wp-json\/wp\/v2\/posts\/1047\/revisions"}],"predecessor-version":[{"id":1050,"href":"https:\/\/www.bfv.cloud\/ajedrezeuropa\/wp-json\/wp\/v2\/posts\/1047\/revisions\/1050"}],"wp:featuredmedia":[{"embeddable":true,"href":"https:\/\/www.bfv.cloud\/ajedrezeuropa\/wp-json\/wp\/v2\/media\/1048"}],"wp:attachment":[{"href":"https:\/\/www.bfv.cloud\/ajedrezeuropa\/wp-json\/wp\/v2\/media?parent=1047"}],"wp:term":[{"taxonomy":"category","embeddable":true,"href":"https:\/\/www.bfv.cloud\/ajedrezeuropa\/wp-json\/wp\/v2\/categories?post=1047"},{"taxonomy":"post_tag","embeddable":true,"href":"https:\/\/www.bfv.cloud\/ajedrezeuropa\/wp-json\/wp\/v2\/tags?post=1047"}],"curies":[{"name":"wp","href":"https:\/\/api.w.org\/{rel}","templated":true}]}}