{"id":1055,"date":"2017-06-08T18:44:00","date_gmt":"2017-06-08T18:44:00","guid":{"rendered":"https:\/\/www.bfv.cloud\/ajedrezeuropa\/index.php\/2017\/06\/08\/i-torneo-de-la-escuela-de-ajedrez-de-la-universidad-popular-de-herencia\/"},"modified":"2025-11-20T10:25:44","modified_gmt":"2025-11-20T10:25:44","slug":"i-torneo-de-la-escuela-de-ajedrez-de-la-universidad-popular-de-herencia","status":"publish","type":"post","link":"https:\/\/www.bfv.cloud\/ajedrezeuropa\/i-torneo-de-la-escuela-de-ajedrez-de-la-universidad-popular-de-herencia\/","title":{"rendered":"I TORNEO DE LA ESCUELA DE AJEDREZ DE LA UNIVERSIDAD POPULAR DE HERENCIA"},"content":{"rendered":"<div class=\"separator\" style=\"clear: both;text-align: center\">\n<a href=\"https:\/\/www.bfv.cloud\/ajedrezeuropa\/wp-content\/uploads\/2017\/06\/CARTELITORNEOHERENCIAUP2017.jpg\" style=\"clear: left;float: left;margin-bottom: 1em;margin-right: 1em\"><img fetchpriority=\"high\" decoding=\"async\" border=\"0\" data-original-height=\"1600\" data-original-width=\"1131\" height=\"640\" src=\"https:\/\/blogger.googleusercontent.com\/img\/b\/R29vZ2xl\/AVvXsEjqM3JLZeR1hb6rwz_GnzEVkCS0z9Mr0pj1yBB9XQNnKIGk774_ZKZ4Tv9mgG0nQy1uyz9TRwzOzfkOM7jugVlmuTV1OZ8QJCrzM3RBSzpjqAd2_a2DceBfnDG2rUJsVKfiMvYv3Q0knPA\/s640\/CARTEL+I+TORNEO+HERENCIA+UP+2017.jpg\" width=\"452\" \/><\/a><\/div>\n<p><span style=\"font-family: Georgia, Times New Roman, serif;font-size: large\">La Escuela de Ajedrez de la Universidad Popular de Herencia organiza su primer torneo para ni\u00f1@s, j\u00f3venes y adultos. Ser\u00e1 el viernes 23 de junio en el Centro Joven Pablo Iglesias de 18 a 21 horas.&nbsp;<\/span><br \/>\n<span style=\"font-family: Georgia, Times New Roman, serif;font-size: large\">El origen de esta Escuela parti\u00f3 de la concejal\u00eda de Educaci\u00f3n y Cultura herenciana. El empuje del ajedrez ligado a la Cultura ha sido tan grande que durante sus primeros 6 meses de vida ha llegado a m\u00e1s de 50 alumn@s, siendo necesario diferenciar 4 grupos, con horarios y d\u00edas distintos, para cubrir la demanda que ha alcanzado.<\/span><br \/>\n<span style=\"font-family: Georgia, Times New Roman, serif;font-size: large\">Ha sido la primera vez que Nuestro Ajedrez en Europa ha colaborado con la Universidad Popular de Herencia y la experiencia ha resultado muy positiva para ambas partes.<\/span><br \/>\n<span style=\"font-family: Georgia, Times New Roman, serif;font-size: large\">\u00a1\u00a1Os invitamos a todos a participar en este torneo!!<\/span><br \/>\n<span style=\"font-family: Georgia, Times New Roman, serif;font-size: large\">Las inscripciones se pueden realizar escribiendo al siguiente correo, facilitando los datos personales:<\/span><\/p>\n<div style=\"text-align: center\">\n<a href=\"mailto:felixtoribio@nuestroajedrezeneuropa.com\"><span style=\"color: blue;font-size: large\">felixtoribio@nuestroajedrezeneuropa.com<\/span><\/a><\/div>\n","protected":false},"excerpt":{"rendered":"<p>La Escuela de Ajedrez de la Universidad Popular de Herencia organiza su primer torneo para ni\u00f1@s, j\u00f3venes y adultos. Ser\u00e1 el viernes 23 de junio en el Centro Joven Pablo Iglesias de 18 a 21 horas.&nbsp; El origen de esta Escuela parti\u00f3 de la concejal\u00eda de Educaci\u00f3n y Cultura herenciana. El empuje del ajedrez ligado [&hellip;]<\/p>\n","protected":false},"author":1,"featured_media":1056,"comment_status":"open","ping_status":"closed","sticky":false,"template":"","format":"standard","meta":{"footnotes":""},"categories":[1],"tags":[],"class_list":["post-1055","post","type-post","status-publish","format-standard","has-post-thumbnail","hentry","category-noticias"],"_links":{"self":[{"href":"https:\/\/www.bfv.cloud\/ajedrezeuropa\/wp-json\/wp\/v2\/posts\/1055","targetHints":{"allow":["GET"]}}],"collection":[{"href":"https:\/\/www.bfv.cloud\/ajedrezeuropa\/wp-json\/wp\/v2\/posts"}],"about":[{"href":"https:\/\/www.bfv.cloud\/ajedrezeuropa\/wp-json\/wp\/v2\/types\/post"}],"author":[{"embeddable":true,"href":"https:\/\/www.bfv.cloud\/ajedrezeuropa\/wp-json\/wp\/v2\/users\/1"}],"replies":[{"embeddable":true,"href":"https:\/\/www.bfv.cloud\/ajedrezeuropa\/wp-json\/wp\/v2\/comments?post=1055"}],"version-history":[{"count":1,"href":"https:\/\/www.bfv.cloud\/ajedrezeuropa\/wp-json\/wp\/v2\/posts\/1055\/revisions"}],"predecessor-version":[{"id":1057,"href":"https:\/\/www.bfv.cloud\/ajedrezeuropa\/wp-json\/wp\/v2\/posts\/1055\/revisions\/1057"}],"wp:featuredmedia":[{"embeddable":true,"href":"https:\/\/www.bfv.cloud\/ajedrezeuropa\/wp-json\/wp\/v2\/media\/1056"}],"wp:attachment":[{"href":"https:\/\/www.bfv.cloud\/ajedrezeuropa\/wp-json\/wp\/v2\/media?parent=1055"}],"wp:term":[{"taxonomy":"category","embeddable":true,"href":"https:\/\/www.bfv.cloud\/ajedrezeuropa\/wp-json\/wp\/v2\/categories?post=1055"},{"taxonomy":"post_tag","embeddable":true,"href":"https:\/\/www.bfv.cloud\/ajedrezeuropa\/wp-json\/wp\/v2\/tags?post=1055"}],"curies":[{"name":"wp","href":"https:\/\/api.w.org\/{rel}","templated":true}]}}