{"id":1058,"date":"2016-02-26T22:21:00","date_gmt":"2016-02-26T22:21:00","guid":{"rendered":"https:\/\/www.bfv.cloud\/ajedrezeuropa\/index.php\/2016\/02\/26\/el-provincial-por-edades-de-ciudad-real-comienza-este-domingo-en-tomelloso\/"},"modified":"2025-11-20T10:25:46","modified_gmt":"2025-11-20T10:25:46","slug":"el-provincial-por-edades-de-ciudad-real-comienza-este-domingo-en-tomelloso","status":"publish","type":"post","link":"https:\/\/www.bfv.cloud\/ajedrezeuropa\/el-provincial-por-edades-de-ciudad-real-comienza-este-domingo-en-tomelloso\/","title":{"rendered":"EL PROVINCIAL POR EDADES DE CIUDAD REAL COMIENZA ESTE DOMINGO EN TOMELLOSO"},"content":{"rendered":"<div class=\"separator\" style=\"clear: both;text-align: center\">\n<a href=\"https:\/\/www.bfv.cloud\/ajedrezeuropa\/wp-content\/uploads\/2016\/02\/cartelsub_2016.jpg\" style=\"clear: left;float: left;margin-bottom: 1em;margin-right: 1em\"><img fetchpriority=\"high\" decoding=\"async\" border=\"0\" height=\"400\" src=\"https:\/\/blogger.googleusercontent.com\/img\/b\/R29vZ2xl\/AVvXsEiXezkCR-awDnnMBUE1Lt2Sdb5Ge3_W01S4OBpy3JnQTMDLY3xEShaG1bSQm2H-APPUHKYs1aujP-8whkNpfe46pWpUCnq_K-cY3s0eFFzw_cfSZjq1MdCTpVPKQjMWUYKkZ35WMQ-Xtqo\/s400\/cartel+sub_2016.jpg\" width=\"257\" \/><\/a><\/div>\n<p><span style=\", sans-serif\"><b>El casino de San Fernando en la Plaza de Espa\u00f1a de Tomelloso es, finalmente, el lugar elegido para la celebraci\u00f3n del Campeonato Provincial por Edades de Ciudad Real. En esta edici\u00f3n ser\u00e1n 21 los jugadores de la escuela alcazare\u00f1a que participar\u00e1n en un torneo donde se espera una alta asistencia de chicos y chicas, sobre todo en las categor\u00edas de menor edad.<\/b><\/span><br \/>\n<span style=\", sans-serif\"><b>El club NUESTRO AJEDREZ EN EUROPA con 8 jugadores desde el sub-18 al sub-12, y el club NUESTRO AJEDREZ POR LA IGUALDAD con 13 jugadores desde sub-14 a sub-8, son los representantes de nuestro proyecto en Tomelloso. Los 15 chicos y 6 chicas inscritos por la escuela de Alc\u00e1zar de San Juan son:<\/b><\/span><br \/>\n<span style=\"color: blue;, sans-serif\"><b>Sub-18. Javier Valdepe\u00f1as<\/b><\/span><br \/>\n<span style=\"color: blue;, sans-serif\"><b>Sub-16. Marta Espinosa y Julio M\u00e9rida<\/b><\/span><br \/>\n<span style=\"color: blue;, sans-serif\"><b>Sub-14. Arturo Mate, Arsenio L\u00f3pez, Enrique Velasco, Pablo Vela, Isabel Marcos-Alberca, Clara Vela<\/b><\/span><br \/>\n<span style=\"color: blue;, sans-serif\"><b>Sub-12. Daniel Climent, Mateo Espa\u00f1\u00f3n, Adri\u00e1n Cruz, Roberto Yeghiazaryan, Rafael Carrasco, Adri\u00e1n Alhambra, Marta Vela, Nuria Lozano, Roc\u00edo Arias y Sergio Arias<\/b><\/span><br \/>\n<span style=\"color: blue;, sans-serif\"><b>Sub-10. \u00c1ngel Carrasco<\/b><\/span><br \/>\n<span style=\"color: blue;, sans-serif\"><b>Sub-8. Pablo Mart\u00edn-Fontecha<\/b><\/span><br \/>\n<span style=\", sans-serif\"><b>\u00a1\u00a1Buen campeonato y suerte a todos!!<\/b><\/span><br \/>\n<span style=\", sans-serif\"><b><br \/><\/b><\/span><br \/>\n<span style=\"color: #660000;font-family: Arial, Helvetica, sans-serif\"><b><u>EL CAMPEONATO REGIONAL POR EDADES SE CELEBRAR\u00c1 EN ALBACETE<\/u><\/b><\/span><br \/>\n<span style=\"color: #660000;font-family: Arial, Helvetica, sans-serif\"><b>El Club de ajedrez Excalibur de Albacete organizar\u00e1 el Campeonato por Edades de Castilla-La Mancha, del 18 al 21 de marzo en el hotel Beatriz. Queremos agradecer a los responsables de Excalibur su preocupaci\u00f3n por llevar la competici\u00f3n a un lugar atractivo, que pueda ofrecer una calidad razonable en el alojamiento en unas condiciones econ\u00f3micas similares o incluso mejores a las de otras ocasiones muy recientes.&nbsp;<\/b><\/span><br \/>\n<span style=\"color: #660000;font-family: Arial, Helvetica, sans-serif\"><b>Esperamos que muchos de los alumnos de nuestras escuelas se animen a participar en un campeonato que, al margen de lo competitivo, sirve para crear afici\u00f3n por el ajedrez, especialmente entre los m\u00e1s peque\u00f1os.<\/b><\/span><br \/>\n<span style=\"color: #660000;font-family: Arial, Helvetica, sans-serif\"><b><br \/><\/b><\/span><br \/>\n<img decoding=\"async\" height=\"266\" src=\"https:\/\/lh3.googleusercontent.com\/-iWnWoOvSxFE\/VNqPN9xmbhI\/AAAAAAAAAuU\/S5BL1uYAGBI\/w800-h533-no\/photo.jpg\" width=\"400\" \/><br \/>\n<img decoding=\"async\" height=\"253\" src=\"https:\/\/lh3.googleusercontent.com\/-C7ozx4_jRzw\/VNqPJ0axj9I\/AAAAAAAAAtQ\/3xn1z0OOuGs\/w800-h508-no\/photo.jpg\" width=\"400\" \/><\/p>\n","protected":false},"excerpt":{"rendered":"<p>El casino de San Fernando en la Plaza de Espa\u00f1a de Tomelloso es, finalmente, el lugar elegido para la celebraci\u00f3n del Campeonato Provincial por Edades de Ciudad Real. En esta edici\u00f3n ser\u00e1n 21 los jugadores de la escuela alcazare\u00f1a que participar\u00e1n en un torneo donde se espera una alta asistencia de chicos y chicas, sobre [&hellip;]<\/p>\n","protected":false},"author":1,"featured_media":1059,"comment_status":"open","ping_status":"closed","sticky":false,"template":"","format":"standard","meta":{"footnotes":""},"categories":[1],"tags":[],"class_list":["post-1058","post","type-post","status-publish","format-standard","has-post-thumbnail","hentry","category-noticias"],"_links":{"self":[{"href":"https:\/\/www.bfv.cloud\/ajedrezeuropa\/wp-json\/wp\/v2\/posts\/1058","targetHints":{"allow":["GET"]}}],"collection":[{"href":"https:\/\/www.bfv.cloud\/ajedrezeuropa\/wp-json\/wp\/v2\/posts"}],"about":[{"href":"https:\/\/www.bfv.cloud\/ajedrezeuropa\/wp-json\/wp\/v2\/types\/post"}],"author":[{"embeddable":true,"href":"https:\/\/www.bfv.cloud\/ajedrezeuropa\/wp-json\/wp\/v2\/users\/1"}],"replies":[{"embeddable":true,"href":"https:\/\/www.bfv.cloud\/ajedrezeuropa\/wp-json\/wp\/v2\/comments?post=1058"}],"version-history":[{"count":1,"href":"https:\/\/www.bfv.cloud\/ajedrezeuropa\/wp-json\/wp\/v2\/posts\/1058\/revisions"}],"predecessor-version":[{"id":1060,"href":"https:\/\/www.bfv.cloud\/ajedrezeuropa\/wp-json\/wp\/v2\/posts\/1058\/revisions\/1060"}],"wp:featuredmedia":[{"embeddable":true,"href":"https:\/\/www.bfv.cloud\/ajedrezeuropa\/wp-json\/wp\/v2\/media\/1059"}],"wp:attachment":[{"href":"https:\/\/www.bfv.cloud\/ajedrezeuropa\/wp-json\/wp\/v2\/media?parent=1058"}],"wp:term":[{"taxonomy":"category","embeddable":true,"href":"https:\/\/www.bfv.cloud\/ajedrezeuropa\/wp-json\/wp\/v2\/categories?post=1058"},{"taxonomy":"post_tag","embeddable":true,"href":"https:\/\/www.bfv.cloud\/ajedrezeuropa\/wp-json\/wp\/v2\/tags?post=1058"}],"curies":[{"name":"wp","href":"https:\/\/api.w.org\/{rel}","templated":true}]}}