{"id":1066,"date":"2014-04-05T15:55:00","date_gmt":"2014-04-05T15:55:00","guid":{"rendered":"https:\/\/www.bfv.cloud\/ajedrezeuropa\/index.php\/2014\/04\/05\/el-regional-por-edades-contara-con-6-chicas-y-9-chicos-de-nuestro-ajedrez-en-europa\/"},"modified":"2025-11-20T10:25:52","modified_gmt":"2025-11-20T10:25:52","slug":"el-regional-por-edades-contara-con-6-chicas-y-9-chicos-de-nuestro-ajedrez-en-europa","status":"publish","type":"post","link":"https:\/\/www.bfv.cloud\/ajedrezeuropa\/el-regional-por-edades-contara-con-6-chicas-y-9-chicos-de-nuestro-ajedrez-en-europa\/","title":{"rendered":"EL REGIONAL POR EDADES CONTAR\u00c1 CON 6 CHICAS Y 9 CHICOS DE NUESTRO AJEDREZ EN EUROPA"},"content":{"rendered":"<div class=\"separator\" style=\"clear: both;text-align: center\">\n<a href=\"https:\/\/www.bfv.cloud\/ajedrezeuropa\/wp-content\/uploads\/2014\/04\/image.jpg\" style=\"clear: right;float: right;margin-bottom: 1em;margin-left: 1em\"><img fetchpriority=\"high\" decoding=\"async\" border=\"0\" src=\"https:\/\/www.bfv.cloud\/ajedrezeuropa\/wp-content\/uploads\/2014\/04\/image.jpg\" height=\"400\" width=\"298\" \/><\/a><\/div>\n<p><span style=\"font-family: Trebuchet MS, sans-serif\"><b>El proyecto Nuestro Ajedrez en Europa estar\u00e1 representado por un total de 15 jugadores en el pr\u00f3ximo Campeonato de Castilla-La Mancha por Edades, que se jugar\u00e1 del 11 al 14 de abril en la localidad de Horche (Guadalajara). En todas las categor\u00edas, excepto en sub-8, participar\u00e1n ajedrecistas del proyecto perteneciente a las escuelas de ajedrez de Alc\u00e1zar de San Juan y Villafranca de los Caballeros. Destaca el &nbsp;gran n\u00famero de chicas, 6 en total, con las que contaremos en este regional. Desde la categor\u00eda sub-16 a la sub-10, pasando por sub-14 y sub-12, habr\u00e1 presencia femenina con buenas opciones de clasificaci\u00f3n en todas ellas. En el cuadro masculino figuran 9 chicos del proyecto repartidos en todas las categor\u00edas desde sub-10 a sub-18, partiendo de las primeras posiciones del ranking inicial en alguna de ellas.&nbsp;<\/b><\/span><br \/>\n<span style=\"font-family: Trebuchet MS, sans-serif\"><b>La previsi\u00f3n de participantes para este regional individual por edades est\u00e1 en 140, dejando el mayor n\u00famero de ellos en el sub-12 con 36 jugadores. Los premios m\u00e1s importantes ir\u00e1n a parar a los campeones y las campeonas de las 6 distintas categor\u00edas, que podr\u00e1n acudir a las finales nacionales de Salobre\u00f1a becados por la FEDA.<\/b><\/span><br \/>\n<span style=\"font-family: Trebuchet MS, sans-serif\"><b>La relaci\u00f3n final de jugadores y jugadoras pertenecientes a los 2 clubes del proyecto para Horche&nbsp;<\/b><\/span><b style=\"font-family: 'Trebuchet MS', sans-serif\">es la siguiente:<\/b><\/p>\n<div style=\"text-align: center\">\n<b style=\"font-family: 'Trebuchet MS', sans-serif\"><u>SUB-18<\/u><\/b><\/div>\n<div style=\"text-align: center\">\n<span style=\"font-family: Trebuchet MS, sans-serif\"><i style=\"font-weight: bold\">Isaac Lozano Osorio<\/i><\/span><\/div>\n<div style=\"text-align: center\">\n<span style=\"font-family: Trebuchet MS, sans-serif;font-size: x-small\">(Nuestro Ajedrez en Europa)<\/span><\/div>\n<div style=\"text-align: center\">\n<span style=\"font-family: Trebuchet MS, sans-serif\"><b><u>SUB-16<\/u><\/b><\/span><\/div>\n<div style=\"text-align: center\">\n<span style=\"font-family: Trebuchet MS, sans-serif\"><b><i>Javier Valdepe\u00f1as Octavio<\/i><\/b><\/span><\/div>\n<div style=\"text-align: center\">\n<span style=\"font-family: Trebuchet MS, sans-serif;font-size: x-small\">(Nuestro Ajedrez en Europa)<\/span><\/div>\n<div style=\"text-align: center\">\n<span style=\"font-family: Trebuchet MS, sans-serif\"><b><i>Silvia Toribio Camu\u00f1as<\/i><\/b><\/span><\/div>\n<div style=\"text-align: center\">\n<span style=\"font-family: Trebuchet MS, sans-serif;font-size: x-small\">(Nuestro Ajedrez en Europa)<\/span><\/div>\n<div style=\"text-align: center\">\n<span style=\"font-family: Trebuchet MS, sans-serif\"><b><u>SUB-14<\/u><\/b><\/span><\/div>\n<div style=\"text-align: center\">\n<span style=\"font-family: Trebuchet MS, sans-serif\"><b><i>Irene Sim\u00f3n Escalona<\/i><\/b><\/span><\/div>\n<div style=\"text-align: center\">\n<span style=\"font-family: Trebuchet MS, sans-serif;font-size: x-small\">(Nuestro Ajedrez en Europa)<\/span><\/div>\n<div style=\"text-align: center\">\n<span style=\"font-family: Trebuchet MS, sans-serif\"><b><i>Julio M\u00e9rida Ortiz<\/i><\/b><\/span><\/div>\n<div style=\"text-align: center\">\n<span style=\"font-family: Trebuchet MS, sans-serif;font-size: x-small\">(Nuestro Ajedrez por la Igualdad)<\/span><\/div>\n<div style=\"text-align: center\">\n<span style=\"font-family: Trebuchet MS, sans-serif\"><b><i>Iv\u00e1n Valencia de Loma<\/i><\/b><\/span><\/div>\n<div style=\"text-align: center\">\n<span style=\"font-family: Trebuchet MS, sans-serif;font-size: x-small\">(Nuestro Ajedrez en Europa)<\/span><\/div>\n<div style=\"text-align: center\">\n<span style=\"font-family: Trebuchet MS, sans-serif\"><b><u>SUB-12<\/u><\/b><\/span><\/div>\n<div style=\"text-align: center\">\n<span style=\"font-family: Trebuchet MS, sans-serif\"><b><i>Isabel Marcos-Alberca Lizcano<\/i><\/b><\/span><\/div>\n<div style=\"text-align: center\">\n<span style=\"font-family: 'Trebuchet MS', sans-serif\"><span style=\"font-size: x-small\">(Nuestro Ajedrez por la Igualdad)<\/span><\/span><\/div>\n<div style=\"text-align: center\">\n<span style=\"font-family: Trebuchet MS, sans-serif\"><b><i>Julia Meza Osorio<\/i><\/b><\/span><\/div>\n<div style=\"text-align: center\">\n<span style=\"font-family: 'Trebuchet MS', sans-serif\"><span style=\"font-size: x-small\">(Nuestro Ajedrez por la Igualdad)<\/span><\/span><\/div>\n<div style=\"text-align: center\">\n<span style=\"font-family: Trebuchet MS, sans-serif\"><b><i>Mar\u00eda Oliver Ropero<\/i><\/b><\/span><\/div>\n<div style=\"text-align: center\">\n<span style=\"font-family: 'Trebuchet MS', sans-serif\"><span style=\"font-size: x-small\">(Nuestro Ajedrez por la Igualdad)<\/span><\/span><\/div>\n<div style=\"text-align: center\">\n<span style=\"font-family: Trebuchet MS, sans-serif\"><b><i>Enrique Velasco Aragon\u00e9s<\/i><\/b><\/span><\/div>\n<div style=\"text-align: center\">\n<span style=\"font-family: 'Trebuchet MS', sans-serif\"><span style=\"font-size: x-small\">(Nuestro Ajedrez por la Igualdad)<\/span><\/span><\/div>\n<div style=\"text-align: center\">\n<span style=\"font-family: Trebuchet MS, sans-serif\"><b><i>Arturo Mate Mart\u00edn<\/i><\/b><\/span><\/div>\n<div style=\"text-align: center\">\n<span style=\"font-family: 'Trebuchet MS', sans-serif\"><span style=\"font-size: x-small\">(Nuestro Ajedrez por la Igualdad)<\/span><\/span><\/div>\n<div style=\"text-align: center\">\n<span style=\"font-family: Trebuchet MS, sans-serif\"><b><i>Pablo Vela Adri\u00e1n<\/i><\/b><\/span><\/div>\n<div style=\"text-align: center\">\n<span style=\"font-family: 'Trebuchet MS', sans-serif\"><span style=\"font-size: x-small\">(Nuestro Ajedrez en Europa)<\/span><\/span><\/div>\n<div style=\"text-align: center\">\n<span style=\"font-family: Trebuchet MS, sans-serif\"><b><i>\u00d3scar Roncero Gonz\u00e1lez<\/i><\/b><\/span><\/div>\n<div style=\"text-align: center\">\n<span style=\"font-family: 'Trebuchet MS', sans-serif\"><span style=\"font-size: x-small\">(Nuestro Ajedrez en Europa)<\/span><\/span><\/div>\n<div style=\"text-align: center\">\n<span style=\"font-family: Trebuchet MS, sans-serif\"><b><u>SUB-10<\/u><\/b><\/span><\/div>\n<div style=\"text-align: center\">\n<span style=\"font-family: Trebuchet MS, sans-serif\"><b><i>Nuria Lozano Serrano<\/i><\/b><\/span><\/div>\n<div style=\"text-align: center\">\n<span style=\"font-family: 'Trebuchet MS', sans-serif\"><span style=\"font-size: x-small\">(Nuestro Ajedrez en Europa)<\/span><\/span><\/div>\n<div style=\"text-align: center\">\n<span style=\"font-family: Trebuchet MS, sans-serif\"><b><i>Juan Francisco Mar\u00edn Torres<\/i><\/b><\/span><\/div>\n<div style=\"text-align: center\">\n<span style=\"font-family: 'Trebuchet MS', sans-serif\"><span style=\"font-size: x-small\">(Nuestro Ajedrez por la Igualdad)<\/span><\/span><\/div>\n<div style=\"text-align: center\">\n<span style=\"font-family: Trebuchet MS, sans-serif\"><b><i><br \/><\/i><\/b><\/span><\/div>\n","protected":false},"excerpt":{"rendered":"<p>El proyecto Nuestro Ajedrez en Europa estar\u00e1 representado por un total de 15 jugadores en el pr\u00f3ximo Campeonato de Castilla-La Mancha por Edades, que se jugar\u00e1 del 11 al 14 de abril en la localidad de Horche (Guadalajara). En todas las categor\u00edas, excepto en sub-8, participar\u00e1n ajedrecistas del proyecto perteneciente a las escuelas de ajedrez [&hellip;]<\/p>\n","protected":false},"author":1,"featured_media":1067,"comment_status":"open","ping_status":"closed","sticky":false,"template":"","format":"standard","meta":{"footnotes":""},"categories":[1],"tags":[],"class_list":["post-1066","post","type-post","status-publish","format-standard","has-post-thumbnail","hentry","category-noticias"],"_links":{"self":[{"href":"https:\/\/www.bfv.cloud\/ajedrezeuropa\/wp-json\/wp\/v2\/posts\/1066","targetHints":{"allow":["GET"]}}],"collection":[{"href":"https:\/\/www.bfv.cloud\/ajedrezeuropa\/wp-json\/wp\/v2\/posts"}],"about":[{"href":"https:\/\/www.bfv.cloud\/ajedrezeuropa\/wp-json\/wp\/v2\/types\/post"}],"author":[{"embeddable":true,"href":"https:\/\/www.bfv.cloud\/ajedrezeuropa\/wp-json\/wp\/v2\/users\/1"}],"replies":[{"embeddable":true,"href":"https:\/\/www.bfv.cloud\/ajedrezeuropa\/wp-json\/wp\/v2\/comments?post=1066"}],"version-history":[{"count":1,"href":"https:\/\/www.bfv.cloud\/ajedrezeuropa\/wp-json\/wp\/v2\/posts\/1066\/revisions"}],"predecessor-version":[{"id":1068,"href":"https:\/\/www.bfv.cloud\/ajedrezeuropa\/wp-json\/wp\/v2\/posts\/1066\/revisions\/1068"}],"wp:featuredmedia":[{"embeddable":true,"href":"https:\/\/www.bfv.cloud\/ajedrezeuropa\/wp-json\/wp\/v2\/media\/1067"}],"wp:attachment":[{"href":"https:\/\/www.bfv.cloud\/ajedrezeuropa\/wp-json\/wp\/v2\/media?parent=1066"}],"wp:term":[{"taxonomy":"category","embeddable":true,"href":"https:\/\/www.bfv.cloud\/ajedrezeuropa\/wp-json\/wp\/v2\/categories?post=1066"},{"taxonomy":"post_tag","embeddable":true,"href":"https:\/\/www.bfv.cloud\/ajedrezeuropa\/wp-json\/wp\/v2\/tags?post=1066"}],"curies":[{"name":"wp","href":"https:\/\/api.w.org\/{rel}","templated":true}]}}