{"id":1069,"date":"2017-06-11T18:17:00","date_gmt":"2017-06-11T18:17:00","guid":{"rendered":"https:\/\/www.bfv.cloud\/ajedrezeuropa\/index.php\/2017\/06\/11\/el-campus-de-verano-llega-a-su-decima-edicion\/"},"modified":"2025-11-20T10:25:54","modified_gmt":"2025-11-20T10:25:54","slug":"el-campus-de-verano-llega-a-su-decima-edicion","status":"publish","type":"post","link":"https:\/\/www.bfv.cloud\/ajedrezeuropa\/el-campus-de-verano-llega-a-su-decima-edicion\/","title":{"rendered":"EL CAMPUS DE VERANO LLEGA A SU D\u00c9CIMA EDICI\u00d3N"},"content":{"rendered":"<div class=\"separator\" style=\"clear: both;text-align: center\">\n<a href=\"https:\/\/www.bfv.cloud\/ajedrezeuropa\/wp-content\/uploads\/2017\/06\/CARTELXCAMPUS.jpg\" style=\"clear: right;float: right;margin-bottom: 1em;margin-left: 1em\"><img fetchpriority=\"high\" decoding=\"async\" border=\"0\" data-original-height=\"1600\" data-original-width=\"1132\" height=\"640\" src=\"https:\/\/blogger.googleusercontent.com\/img\/b\/R29vZ2xl\/AVvXsEhqlVMYzIrs3kJwURsI5Insus9mNBfNrFefVG-TEe8_Gv3bvQpz9QCUhPuLToQzySdx2TV2Vpi31EbljqPGdLIZO-fv5RqBEYbCTkhq_D5Xuh-O8IeOBIEDjnGSG1z2SjDLvZwO8kIl4kE\/s640\/CARTEL+X+CAMPUS.jpg\" width=\"452\" \/><\/a><\/div>\n<p><span style=\"font-family: Verdana, sans-serif;font-size: large\">Del 31 de julio al 5 de agosto celebraremos la 10\u00aa edici\u00f3n del campus de verano, con la presencia de algunos de los entrenadores m\u00e1s destacados del ajedrez internacional. Contaremos con los grandes maestros Elizbar Ubilava y &nbsp;Herminio Herr\u00e1iz, dos referentes del entrenamiento en el ajedrez de \u00e9lite, y con los preparadores y monitores habituales que colaboran en los periodos de formaci\u00f3n del proyecto.&nbsp;<\/span><br \/>\n<span style=\"font-family: Verdana, sans-serif;font-size: large\">Acaban de cumplirse 10 a\u00f1os de la creaci\u00f3n de \u00abNuestro Ajedrez en Europa\u00bb y es un privilegio ver como el trabajo realizado durante este tiempo ha ido dando sus frutos. En un primer momento, el proyecto nace para mejorar el crecimiento t\u00e9cnico de los chicos y las chicas de las escuelas deportivas de ajedrez de Alc\u00e1zar de San Juan y Villafranca de los Caballeros, haciendo posible su participaci\u00f3n en m\u00e1ximas competiciones nacionales. En la actualidad estos objetivos han crecido y se han ampliado. Desde el ajedrez deportivo al educativo, pasando por la reciente colaboraci\u00f3n con el mundo de la cultura, el proyecto ha avanzado en sus metas y ha adquirido nuevas bases de actuaci\u00f3n. Hacer visible el ajedrez en todos los \u00e1mbitos de la sociedad, y llegar a una gran cantidad de ni\u00f1os y ni\u00f1as en la primera toma de contacto con el deporte de la mente, se han convertido en prioridades absolutas durante los \u00faltimos a\u00f1os.<\/span><br \/>\n<span style=\"font-family: Verdana, sans-serif;font-size: large\">Con motivo de este d\u00e9cimo aniversario esperamos poder realizar actividades que acerquen el ajedrez a la calle, por eso queremos contar con todas las familias de nuestros alunm@s de las escuelas de Alc\u00e1zar y Villafranca en las pr\u00f3ximas reuniones informativas:<\/span><\/p>\n<div style=\"text-align: center\">\n<span style=\"color: blue;font-family: Verdana, sans-serif;font-size: large\"><u><b>S\u00e1bado 17 de junio<\/b><\/u><\/span><\/div>\n<div style=\"text-align: center\">\n<span style=\"color: blue;font-family: Verdana, sans-serif;font-size: large\"><b>&#8211; CIJ COVADONGA de Alc\u00e1zar a las 13,30 horas.<\/b><\/span><\/div>\n<div style=\"text-align: center\">\n<span style=\"color: blue;font-family: Verdana, sans-serif;font-size: large\"><b>&#8211; Casa de la Cultura de Villafranca a las 20 h.<\/b><\/span><\/div>\n<div style=\"text-align: center\">\n<span style=\"color: blue;font-family: Verdana, sans-serif;font-size: large\"><b><br \/><\/b><\/span><\/div>\n<div style=\"text-align: center\">\n<span style=\"color: #38761d;font-family: Verdana, sans-serif;font-size: large\"><u>Contacto e informaci\u00f3n<\/u><\/span><\/div>\n<div style=\"text-align: center\">\n<span style=\"color: blue;font-family: Verdana, sans-serif;font-size: large\"><u><a href=\"mailto:felixtoribio@nuestroajedrezeneuropa.com\"><b>felixtoribio@nuestroajedrezeneuropa.com<\/b><\/a><\/u><\/span><\/div>\n","protected":false},"excerpt":{"rendered":"<p>Del 31 de julio al 5 de agosto celebraremos la 10\u00aa edici\u00f3n del campus de verano, con la presencia de algunos de los entrenadores m\u00e1s destacados del ajedrez internacional. Contaremos con los grandes maestros Elizbar Ubilava y &nbsp;Herminio Herr\u00e1iz, dos referentes del entrenamiento en el ajedrez de \u00e9lite, y con los preparadores y monitores habituales [&hellip;]<\/p>\n","protected":false},"author":1,"featured_media":1070,"comment_status":"open","ping_status":"closed","sticky":false,"template":"","format":"standard","meta":{"footnotes":""},"categories":[1],"tags":[],"class_list":["post-1069","post","type-post","status-publish","format-standard","has-post-thumbnail","hentry","category-noticias"],"_links":{"self":[{"href":"https:\/\/www.bfv.cloud\/ajedrezeuropa\/wp-json\/wp\/v2\/posts\/1069","targetHints":{"allow":["GET"]}}],"collection":[{"href":"https:\/\/www.bfv.cloud\/ajedrezeuropa\/wp-json\/wp\/v2\/posts"}],"about":[{"href":"https:\/\/www.bfv.cloud\/ajedrezeuropa\/wp-json\/wp\/v2\/types\/post"}],"author":[{"embeddable":true,"href":"https:\/\/www.bfv.cloud\/ajedrezeuropa\/wp-json\/wp\/v2\/users\/1"}],"replies":[{"embeddable":true,"href":"https:\/\/www.bfv.cloud\/ajedrezeuropa\/wp-json\/wp\/v2\/comments?post=1069"}],"version-history":[{"count":1,"href":"https:\/\/www.bfv.cloud\/ajedrezeuropa\/wp-json\/wp\/v2\/posts\/1069\/revisions"}],"predecessor-version":[{"id":1071,"href":"https:\/\/www.bfv.cloud\/ajedrezeuropa\/wp-json\/wp\/v2\/posts\/1069\/revisions\/1071"}],"wp:featuredmedia":[{"embeddable":true,"href":"https:\/\/www.bfv.cloud\/ajedrezeuropa\/wp-json\/wp\/v2\/media\/1070"}],"wp:attachment":[{"href":"https:\/\/www.bfv.cloud\/ajedrezeuropa\/wp-json\/wp\/v2\/media?parent=1069"}],"wp:term":[{"taxonomy":"category","embeddable":true,"href":"https:\/\/www.bfv.cloud\/ajedrezeuropa\/wp-json\/wp\/v2\/categories?post=1069"},{"taxonomy":"post_tag","embeddable":true,"href":"https:\/\/www.bfv.cloud\/ajedrezeuropa\/wp-json\/wp\/v2\/tags?post=1069"}],"curies":[{"name":"wp","href":"https:\/\/api.w.org\/{rel}","templated":true}]}}