{"id":1072,"date":"2018-01-28T19:48:00","date_gmt":"2018-01-28T19:48:00","guid":{"rendered":"https:\/\/www.bfv.cloud\/ajedrezeuropa\/index.php\/2018\/01\/28\/fin-de-semana-de-competiciones-en-toledo-y-ciudad-real\/"},"modified":"2025-11-20T10:26:04","modified_gmt":"2025-11-20T10:26:04","slug":"fin-de-semana-de-competiciones-en-toledo-y-ciudad-real","status":"publish","type":"post","link":"https:\/\/www.bfv.cloud\/ajedrezeuropa\/fin-de-semana-de-competiciones-en-toledo-y-ciudad-real\/","title":{"rendered":"FIN DE SEMANA DE COMPETICIONES EN TOLEDO Y CIUDAD REAL"},"content":{"rendered":"<table cellpadding=\"0\" cellspacing=\"0\" class=\"tr-caption-container\" style=\"float: right;margin-left: 1em;text-align: right\">\n<tbody>\n<tr>\n<td style=\"text-align: center\"><a href=\"https:\/\/www.bfv.cloud\/ajedrezeuropa\/wp-content\/uploads\/2018\/01\/IMG-20180128-WA0005.jpg\" style=\"clear: right;margin-bottom: 1em;margin-left: auto;margin-right: auto\"><img fetchpriority=\"high\" decoding=\"async\" border=\"0\" data-original-height=\"649\" data-original-width=\"680\" height=\"380\" src=\"https:\/\/blogger.googleusercontent.com\/img\/b\/R29vZ2xl\/AVvXsEiOOZynCejWzC_Eor4Cn7Ab5UA9K7PSBLW6t1351JFDG2X0kCUDS_Cbf7pgYCC9yxsIHt9ghLJl3IxoCu5CUAxhd0a6wVS_3qozUvm3IKjiAoxKP_n10774djiU4RJerJ6kPChPoYtmtrM\/s400\/IMG-20180128-WA0005.jpg\" width=\"400\" \/><\/a><\/td>\n<\/tr>\n<tr>\n<td class=\"tr-caption\" style=\"text-align: center\">Marta Vela<\/td>\n<\/tr>\n<\/tbody>\n<\/table>\n<p><span style=\"font-family: Helvetica Neue, Arial, Helvetica, sans-serif;font-size: large\"><b>Las fases provinciales de los campeonatos escolares&nbsp; de Toledo y Ciudad Real han cumplido su 2\u00aa y 3\u00aa jornada respectiva durante este fin de semana. Los 35 participantes de las escuelas de ajedrez de Alc\u00e1zar, Villafranca, Illescas y Herencia compiten y aprenden en cada una de sus partidas.&nbsp;<\/b><\/span><br \/>\n<span style=\"font-family: Helvetica Neue, Arial, Helvetica, sans-serif;font-size: large\"><b>Recordemos que los campeonatos provinciales del Escolar clasifican a los 3 primeros chicos y a las 3 primeras chicas para la fase regional del CRDEE, tanto en la categor\u00eda cadete como en&nbsp; la infantil. Mientras que en Toledo se a\u00f1aden las categor\u00edas federadas donde el campe\u00f3n y la campeona del sub-8, sub-10, sub-12, sub-14, sub-16 y sub-18 pasan al regional por edades que se celebra el comienzo de Semana Santa.<\/b><\/span><\/p>\n<table align=\"center\" cellpadding=\"0\" cellspacing=\"0\" class=\"tr-caption-container\" style=\"margin-left: auto;margin-right: auto;text-align: center\">\n<tbody>\n<tr>\n<td style=\"text-align: center\"><a href=\"https:\/\/www.bfv.cloud\/ajedrezeuropa\/wp-content\/uploads\/2018\/01\/IMG-20180127-WA0012.jpg\" style=\"margin-left: auto;margin-right: auto\"><img decoding=\"async\" border=\"0\" data-original-height=\"727\" data-original-width=\"1437\" height=\"322\" src=\"https:\/\/blogger.googleusercontent.com\/img\/b\/R29vZ2xl\/AVvXsEiruNb-b0U_UqokdMuATHrYwo5cMd9euyzU0La0BtptSHMLAFDokG0T1AwvJ9rCl_rUtpDmwi9M32lX8Q7LP29bgtTSc26WQ5-QjluLhsFh7cXUlCrEmoNpRNjIv5qrmruYQxXdoTZe8BU\/s640\/IMG-20180127-WA0012.jpg\" width=\"640\" \/><\/a><\/td>\n<\/tr>\n<tr>\n<td class=\"tr-caption\" style=\"text-align: center\">\u00c1ngel Javier Pozos frente a Carlos P\u00e9rez el s\u00e1bado pasado en Toledo<\/td>\n<\/tr>\n<\/tbody>\n<\/table>\n<p><\/p>\n<div style=\"text-align: center\">\n<span style=\"color: #660000;font-family: Helvetica Neue, Arial, Helvetica, sans-serif;font-size: large\"><b><i><u>Campeonato del Deporte en Edad Escolar&nbsp;<\/u><\/i><\/b><\/span><\/div>\n<div style=\"text-align: center\">\n<span style=\"color: #660000;font-family: Helvetica Neue, Arial, Helvetica, sans-serif;font-size: large\"><b><i><u>y Federado de Toledo<\/u><\/i><\/b><\/span><\/div>\n<div class=\"separator\" style=\"clear: both;text-align: center\">\n<\/div>\n<p><span style=\"font-family: Helvetica Neue, Arial, Helvetica, sans-serif;font-size: large\"><b>El s\u00e1bado en el CEI de la capital regional se reanudaba el Deporte en Edad Escolar y la competici\u00f3n federada por edades, alcanzando su meridiano en ambos casos. Los 17 jugadores participantes de nuestros clubes y escuelas toledanas se sit\u00faan con la siguiente puntuaci\u00f3n en cada una de las distintas categor\u00edas.<\/b><\/span><\/p>\n<table cellpadding=\"0\" cellspacing=\"0\" class=\"tr-caption-container\" style=\"float: left;margin-right: 1em;text-align: left\">\n<tbody>\n<tr>\n<td style=\"text-align: center\"><a href=\"https:\/\/www.bfv.cloud\/ajedrezeuropa\/wp-content\/uploads\/2018\/01\/IMG-20180127-WA0010.jpg\" style=\"clear: left;margin-bottom: 1em;margin-left: auto;margin-right: auto\"><img decoding=\"async\" border=\"0\" data-original-height=\"938\" data-original-width=\"615\" height=\"320\" src=\"https:\/\/blogger.googleusercontent.com\/img\/b\/R29vZ2xl\/AVvXsEj1-mEqWazyfgjQNeE0D5-AaWYpD61uPjCpPM7V2YgsPyvuy74Vi9LjcQcXglbVe1WDy926J_M9KI2iinqiB2myZrZCieK6hui4LE-HCp3rJEJ-O1w9Wv2pDJmx5cWe2vr4Nqb-GhrlsYs\/s320\/IMG-20180127-WA0010.jpg\" width=\"210\" \/><\/a><\/td>\n<\/tr>\n<tr>\n<td class=\"tr-caption\" style=\"text-align: center\">Irene Sim\u00f3n<\/td>\n<\/tr>\n<\/tbody>\n<\/table>\n<p><b><span style=\"font-family: Helvetica Neue, Arial, Helvetica, sans-serif;font-size: large\"><u style=\"font-style: italic\">Campeonato provincial juvenil:<\/u>&nbsp;<\/span><\/b><\/p>\n<table cellpadding=\"0\" cellspacing=\"0\" class=\"tr-caption-container\" style=\"float: right;margin-left: 1em;text-align: right\">\n<tbody>\n<tr>\n<td style=\"text-align: center\"><a href=\"https:\/\/www.bfv.cloud\/ajedrezeuropa\/wp-content\/uploads\/2018\/01\/IMG-20180127-WA0011.jpg\" style=\"clear: right;margin-bottom: 1em;margin-left: auto;margin-right: auto\"><img loading=\"lazy\" decoding=\"async\" border=\"0\" data-original-height=\"754\" data-original-width=\"547\" height=\"320\" src=\"https:\/\/blogger.googleusercontent.com\/img\/b\/R29vZ2xl\/AVvXsEiCHIa8eY-Uw1ouRgZKEAu5zps8ugrdctvni6KaASj7i6Z5xD4bveSbXcB5_0mI7MEMWP59hsNc1fKTmKHZwFfWcvl9IyvjI_o5_yHmHoWoElrNVg7hzLv6j61V3Xew-IyhkBWyZzVUJNw\/s320\/IMG-20180127-WA0011.jpg\" width=\"231\" \/><\/a><\/td>\n<\/tr>\n<tr>\n<td class=\"tr-caption\" style=\"text-align: center\">Roberto&nbsp;<\/td>\n<\/tr>\n<\/tbody>\n<\/table>\n<p><b><span style=\"font-family: Helvetica Neue, Arial, Helvetica, sans-serif;font-size: large\">&#8211; Roberto L\u00f3pez, 2<\/span><\/b><b style=\", Arial, Helvetica, sans-serif;font-size: x-large\"> <\/b><b><span style=\"font-family: Helvetica Neue, Arial, Helvetica, sans-serif;font-size: large\">puntos.<\/span><\/b><br \/>\n<span style=\"font-family: Helvetica Neue, Arial, Helvetica, sans-serif;font-size: large\"><b>&#8211; Irene Sim\u00f3n, 2 puntos.<\/b><\/span><br \/>\n<span style=\"font-family: Helvetica Neue, Arial, Helvetica, sans-serif;font-size: large\"><b>Nuestros dos jugadores lideran la categor\u00eda sub-18 del ajedrez toledano en solitario al haber vencido en las 2 partidas disputadas. La pr\u00f3xima jornada, que ser\u00e1 el s\u00e1bado 3 de febrero, les enfrentar\u00e1 en la mesa 1 de este juvenil programado a 4 rondas.<\/b><\/span><br \/>\n<span style=\"font-family: Helvetica Neue, Arial, Helvetica, sans-serif;font-size: large\"><b><i><u>Deporte en Edad Escolar Cadete y Federado sub-16:<\/u><\/i><\/b><\/span><\/p>\n<table cellpadding=\"0\" cellspacing=\"0\" class=\"tr-caption-container\" style=\"float: right;margin-left: 1em;text-align: right\">\n<tbody>\n<tr>\n<td style=\"text-align: center\"><a href=\"https:\/\/www.bfv.cloud\/ajedrezeuropa\/wp-content\/uploads\/2018\/01\/IMG-20180127-WA0007.jpg\" style=\"clear: right;margin-bottom: 1em;margin-left: auto;margin-right: auto\"><img loading=\"lazy\" decoding=\"async\" border=\"0\" data-original-height=\"913\" data-original-width=\"747\" height=\"320\" src=\"https:\/\/blogger.googleusercontent.com\/img\/b\/R29vZ2xl\/AVvXsEh3i94ryeRtMQ4RAOPZOdWGAnJI_zcfz-EOfWiovzWV_rAKVk_KwaVhSpv2b7BgOxs0vzfZ4pwn0HLyL4jCc7Qm3sHqtLajhclmhPxItA6jh_fJWAtrlPXRYMlaHlFwKtrc-TAVKFwlvxM\/s320\/IMG-20180127-WA0007.jpg\" width=\"261\" \/><\/a><\/td>\n<\/tr>\n<tr>\n<td class=\"tr-caption\" style=\"text-align: center\">Alfredo Amador<\/td>\n<\/tr>\n<\/tbody>\n<\/table>\n<p><b><span style=\"font-family: Helvetica Neue, Arial, Helvetica, sans-serif;font-size: large\">&#8211; Alfredo Amador, 3 puntos.<\/span><\/b><br \/>\n<span style=\"font-family: Helvetica Neue, Arial, Helvetica, sans-serif;font-size: large\"><b>&#8211; Luis Villarrubia (Mora) y Mar\u00eda Oliver, 2 puntos.<\/b><\/span><br \/>\n<span style=\"font-family: Helvetica Neue, Arial, Helvetica, sans-serif;font-size: large\"><b>&#8211; M\u00f3nica Monreal, 1 punto.<\/b><\/span><br \/>\n<span style=\"font-family: Helvetica Neue, Arial, Helvetica, sans-serif;font-size: large\"><b>Esta categor\u00eda est\u00e1 liderada por Alfredo Amador en categor\u00eda masculina y por Mar\u00eda Oliver en la femenina. Adem\u00e1s, el jugador Luis Villarrubia, entrenado por Roberto L\u00f3pez, ocupa la 3\u00aa plaza de chicos y M\u00f3nica Monreal la 3\u00aa de chicas. En estos momentos los dos ocupan puestos de clasificaci\u00f3n para la fase regional del Deporte en Edad Escolar.<\/p>\n<table cellpadding=\"0\" cellspacing=\"0\" class=\"tr-caption-container\" style=\"float: left;margin-right: 1em;text-align: left\">\n<tbody>\n<tr>\n<td style=\"text-align: center\"><a href=\"https:\/\/www.bfv.cloud\/ajedrezeuropa\/wp-content\/uploads\/2018\/01\/IMG-20180127-WA0003.jpg\" style=\"clear: right;margin-bottom: 1em;margin-left: auto;margin-right: auto\"><img loading=\"lazy\" decoding=\"async\" border=\"0\" data-original-height=\"1297\" data-original-width=\"793\" height=\"400\" src=\"https:\/\/blogger.googleusercontent.com\/img\/b\/R29vZ2xl\/AVvXsEiXfQM83YC4LON3IGNTHSK9Zmsoz9JyA2rAy5rcyGlswSphXwbwzVKKyWFuaNu7M0ejOpqswHIA6hNBq34jcwULyJe8cnp2s-XOx38wt49_s3B-2iU-sOMUXm5aPcqCcLYl7riXYRbaCxs\/s400\/IMG-20180127-WA0003.jpg\" width=\"243\" \/><\/a><\/td>\n<\/tr>\n<tr>\n<td class=\"tr-caption\" style=\"text-align: center\">Aurora Corrales<\/td>\n<\/tr>\n<\/tbody>\n<\/table>\n<p><\/b><\/span><\/p>\n<div style=\"text-align: left\">\n<\/div>\n<p>\n<b><i><u><span style=\"font-family: Helvetica Neue, Arial, Helvetica, sans-serif;font-size: large\">Deporte en Edad Escolar Infantil y resto de categor\u00edas federadas:<\/span><\/u><\/i><\/b><br \/>\n<span style=\"font-family: Helvetica Neue, Arial, Helvetica, sans-serif;font-size: large\"><b><i><u><\/p>\n<table cellpadding=\"0\" cellspacing=\"0\" class=\"tr-caption-container\" style=\"float: left;margin-right: 1em;text-align: left\">\n<tbody>\n<tr>\n<td style=\"text-align: center\"><a href=\"https:\/\/www.bfv.cloud\/ajedrezeuropa\/wp-content\/uploads\/2018\/01\/IMG-20180127-WA0001.jpg\" style=\"clear: left;margin-bottom: 1em;margin-left: auto;margin-right: auto\"><img loading=\"lazy\" decoding=\"async\" border=\"0\" data-original-height=\"1088\" data-original-width=\"787\" height=\"320\" src=\"https:\/\/blogger.googleusercontent.com\/img\/b\/R29vZ2xl\/AVvXsEj0OnyDRK-bb6JwWeJ0G3mHuHd6OPeSEeKAwosagCHmVp4KFSKr2wKm6CjwVO9v_0urvmJI7flfGBqy-hda-bavAL9rxShJMY4qvNDLXtymzDnkBrFLG3CO_w4ToJtJfsX0OJhIvY9NicY\/s320\/IMG-20180127-WA0001.jpg\" width=\"231\" \/><\/a><\/td>\n<\/tr>\n<tr>\n<td class=\"tr-caption\" style=\"text-align: center\">Siara Ca\u00f1ada de la <br \/>Escuela de Ajedrez de Illescas<\/td>\n<\/tr>\n<\/tbody>\n<\/table>\n<p><\/u><\/i><\/b><\/span><br \/>\n<span style=\"font-family: Helvetica Neue, Arial, Helvetica, sans-serif;font-size: large\"><b>&#8211; Alonso L\u00f3pez y Carlos P\u00e9rez, 4 puntos.<\/b><\/span><br \/>\n<span style=\"font-family: Helvetica Neue, Arial, Helvetica, sans-serif;font-size: large\"><b>&#8211; Angel Javier Pozos, 2,5 puntos.<\/b><\/span><br \/>\n<span style=\"font-family: Helvetica Neue, Arial, Helvetica, sans-serif;font-size: large\"><b>&#8211; Gabriel Amador, Roberto Fern\u00e1ndez-Mazarambroz, Julio Oliver y Crist\u00f3bal Corrales, 2 puntos.<\/b><\/span><br \/>\n<span style=\"font-family: Helvetica Neue, Arial, Helvetica, sans-serif;font-size: large\"><b>&#8211; Siara Ca\u00f1ada (Illescas), Aurora y Nicol\u00e1s Corrales, 1 punto.<\/b><\/span><br \/>\n<span style=\"font-family: Helvetica Neue, Arial, Helvetica, sans-serif;font-size: large\"><b>&#8211; Ignacio Roncero, 0 puntos.<\/b><\/span><\/p>\n<div style=\"text-align: center\">\n<span style=\"color: #351c75;font-family: Helvetica Neue, Arial, Helvetica, sans-serif;font-size: large\"><b><i><u>Campeonato del Deporte en Edad Escolar<\/u><\/i><\/b><\/span><\/div>\n<div style=\"text-align: center\">\n<span style=\"color: #351c75;font-family: Helvetica Neue, Arial, Helvetica, sans-serif;font-size: large\"><b><i><u>de Ciudad Real<\/u><\/i><\/b><\/span><\/div>\n<table cellpadding=\"0\" cellspacing=\"0\" class=\"tr-caption-container\" style=\"float: left;margin-right: 1em;text-align: left\">\n<tbody>\n<tr>\n<td style=\"text-align: center\"><a href=\"https:\/\/www.bfv.cloud\/ajedrezeuropa\/wp-content\/uploads\/2018\/01\/IMG-20180121-WA0000.jpg\" style=\"clear: left;margin-bottom: 1em;margin-left: auto;margin-right: auto\"><img loading=\"lazy\" decoding=\"async\" border=\"0\" data-original-height=\"789\" data-original-width=\"1097\" height=\"287\" src=\"https:\/\/blogger.googleusercontent.com\/img\/b\/R29vZ2xl\/AVvXsEg-VnNstKP8My7vnm9tdpo13k2JjQ7PiL8KYybDCX95v0T6ze4KRTvsZakb_klCrc_ee_cqDMNf5Mg4q65O0kItrOgYjIP6qSaGJwFEErhwNDYhV7mvRRJ8oQzmK2LUX5T-uXGeQhbwyRQ\/s400\/IMG-20180121-WA0000.jpg\" width=\"400\" \/><\/a><\/td>\n<\/tr>\n<tr>\n<td class=\"tr-caption\" style=\"text-align: center\">Arturo Mate y Clara Vela<\/td>\n<\/tr>\n<\/tbody>\n<\/table>\n<div style=\"text-align: left\">\n<span style=\"font-family: Helvetica Neue, Arial, Helvetica, sans-serif;font-size: large\"><b>Por su parte, el Escolar de Ciudad Real cumpl\u00eda su 3\u00aa jornada de competici\u00f3n, con varios de nuestros 18 jugadores sin poder participar.&nbsp;<\/b><\/span><\/div>\n<div style=\"text-align: left\">\n<span style=\"font-family: Helvetica Neue, Arial, Helvetica, sans-serif;font-size: large\"><b>La situaci\u00f3n a falta de una ronda en el cadete y de dos en el infantil es la siguiente:<\/b><\/span><\/div>\n<div style=\"text-align: left\">\n<span style=\"font-family: Helvetica Neue, Arial, Helvetica, sans-serif;font-size: large\"><b><i><u>Deporte en Edad Escolar Cadete:<\/u><\/i><\/b><\/span><\/div>\n<div style=\"text-align: left\">\n<span style=\"font-family: Helvetica Neue, Arial, Helvetica, sans-serif;font-size: large\"><b>&#8211; Isabel Marcos-Alberca y Enrique Velasco, 3 puntos.<\/b><\/span><\/div>\n<div style=\"text-align: left\">\n<span style=\"font-family: Helvetica Neue, Arial, Helvetica, sans-serif;font-size: large\"><b>&#8211; Arsenio L\u00f3pez y Clara Vela, 2 puntos.<\/b><\/span><\/div>\n<div style=\"text-align: left\">\n<span style=\"font-family: Helvetica Neue, Arial, Helvetica, sans-serif;font-size: large\"><b>&#8211; Pablo Vela, 1,5 puntos.<\/b><\/span><\/div>\n<div style=\"text-align: left\">\n<span style=\"font-family: Helvetica Neue, Arial, Helvetica, sans-serif;font-size: large\"><b>&#8211; Arturo Mate, 1 punto<\/b><\/span><\/div>\n<div style=\"text-align: left\">\n<span style=\"font-family: Helvetica Neue, Arial, Helvetica, sans-serif;font-size: large\"><b>La clasificaci\u00f3n femenina est\u00e1 encabezada por Isabel, quedando Clara en la 3\u00aa plaza.<\/b><\/span><\/div>\n<div style=\"text-align: left\">\n<span style=\"font-family: Helvetica Neue, Arial, Helvetica, sans-serif;font-size: large\"><b>Para el masculino, el emparejamiento de la \u00faltima ronda deja abierta la posibilidad a distintas combinaciones que permitir\u00edan a Enrique ocupar una de las 3 plazas que permiten jugar el regional.<\/b><\/span><\/div>\n<div style=\"text-align: left\">\n<span style=\"font-family: Helvetica Neue, Arial, Helvetica, sans-serif;font-size: large\"><b><br \/><\/b><\/span><\/div>\n<div style=\"text-align: left\">\n<span style=\"font-family: Helvetica Neue, Arial, Helvetica, sans-serif;font-size: large\"><b><i><u>Deporte en Edad Escolar Infantil:<\/u><\/i><\/b><\/span><\/div>\n<table cellpadding=\"0\" cellspacing=\"0\" class=\"tr-caption-container\" style=\"float: right;margin-left: 1em;text-align: right\">\n<tbody>\n<tr>\n<td style=\"text-align: center\"><a href=\"https:\/\/www.bfv.cloud\/ajedrezeuropa\/wp-content\/uploads\/2018\/01\/IMG-20180128-WA0006.jpg\" style=\"clear: right;margin-bottom: 1em;margin-left: auto;margin-right: auto\"><img loading=\"lazy\" decoding=\"async\" border=\"0\" data-original-height=\"829\" data-original-width=\"762\" height=\"320\" src=\"https:\/\/blogger.googleusercontent.com\/img\/b\/R29vZ2xl\/AVvXsEjnIzpOgjcw1AylAFnj7GXQsSiJ4XwZHXjGapp1_Z49ev9wvpmUWtugn6ajxc8pp1BwgfLX2XQpWGSMdonxDDQ3yp9OPNki931oR2ayqwzzQrFK9m_nkJI3oKst-BUzFuZ7VRedduEqPW0\/s320\/IMG-20180128-WA0006.jpg\" width=\"292\" \/><\/a><\/td>\n<\/tr>\n<tr>\n<td class=\"tr-caption\" style=\"text-align: center\">Ferm\u00edn Aragon\u00e9s de la escuela de ajedrez <br \/>de la U.P. de Herencia<\/td>\n<\/tr>\n<\/tbody>\n<\/table>\n<div style=\"text-align: left\">\n<span style=\"font-family: Helvetica Neue, Arial, Helvetica, sans-serif;font-size: large\"><b><i><u><br \/><\/u><\/i><\/b><\/span><\/div>\n<div style=\"text-align: left\">\n<span style=\"font-family: Helvetica Neue, Arial, Helvetica, sans-serif;font-size: large\"><b>&#8211; Roberto Yeghiazaryan, 5 puntos.<\/b><\/span><\/div>\n<div style=\"text-align: left\">\n<span style=\"font-family: Helvetica Neue, Arial, Helvetica, sans-serif;font-size: large\"><b>&#8211; Daniel Climent y Adri\u00e1n Alhambra, 4,5 puntos.<\/b><\/span><\/div>\n<div style=\"text-align: left\">\n<span style=\"font-family: Helvetica Neue, Arial, Helvetica, sans-serif;font-size: large\"><b>&#8211; Emilio Nieto (Miguelturra), 4 puntos.<\/b><\/span><\/div>\n<div style=\"text-align: left\">\n<span style=\"font-family: Helvetica Neue, Arial, Helvetica, sans-serif;font-size: large\"><b>&#8211; Ferm\u00edn Aragon\u00e9s (Herencia), Marta Vela y Alejandro Romero, 3 puntos.<\/b><\/span><\/div>\n<div style=\"text-align: left\">\n<span style=\"font-family: Helvetica Neue, Arial, Helvetica, sans-serif;font-size: large\"><b>&#8211; Daniel Montealegre y Daniel \u00dabeda, 2 puntos.<\/b><\/span><\/div>\n<div style=\"text-align: left\">\n<span style=\"font-family: Helvetica Neue, Arial, Helvetica, sans-serif;font-size: large\"><b>&#8211; Carlos Vela y Guillermo Lizano, 1 punto.<\/b><\/span><\/div>\n<div style=\"text-align: left\">\n<span style=\"font-family: Helvetica Neue, Arial, Helvetica, sans-serif;font-size: large\"><b>&#8211; Miguel Doncel, 0 puntos.<\/b><\/span><\/div>\n<table cellpadding=\"0\" cellspacing=\"0\" class=\"tr-caption-container\" style=\"float: left;text-align: left\">\n<tbody>\n<tr>\n<td style=\"text-align: center\"><a href=\"https:\/\/www.bfv.cloud\/ajedrezeuropa\/wp-content\/uploads\/2018\/01\/IMG-20180128-WA0002.jpg\" style=\"clear: left;margin-bottom: 1em;margin-left: auto;margin-right: auto\"><img loading=\"lazy\" decoding=\"async\" border=\"0\" data-original-height=\"649\" data-original-width=\"789\" height=\"261\" src=\"https:\/\/blogger.googleusercontent.com\/img\/b\/R29vZ2xl\/AVvXsEh-1PKWij11rmMN0Jj0YHpSHTU14JSnN91k7Ez5puWBecfxLAX70JR7jC1-pteWS42PNhH0PaHhBhA7q3ATAWRJnTvb336LE56rnUUU1qKQFzdVFVNr13O7NYkRTSHrOMUaTpyvoeUZkQo\/s320\/IMG-20180128-WA0002.jpg\" width=\"320\" \/><\/a><\/td>\n<\/tr>\n<tr>\n<td class=\"tr-caption\" style=\"text-align: center\">Daniel \u00dabeda<\/td>\n<\/tr>\n<\/tbody>\n<\/table>\n<div style=\"text-align: left\">\n<span style=\"font-family: Helvetica Neue, Arial, Helvetica, sans-serif;font-size: large\"><b>Roberto se encuentra empatado con el tercer clasificado en el grupo de 5 puntos y ocupa la 5\u00aa posici\u00f3n, mientras que Daniel Climent y Adri\u00e1n est\u00e1n encuadrados en un ampl\u00edsimo grupo de jugadores que suman 4,5 puntos y a los que a\u00fan les quedan opciones para el regional. Por su lado, Marta, ocupa la 10\u00aa posici\u00f3n femenina.<\/b><\/span><\/div>\n<div style=\"text-align: left\">\n<\/div>\n<div style=\"text-align: left\">\n<span style=\"font-family: Helvetica Neue, Arial, Helvetica, sans-serif;font-size: large\"><b>Para todos se presenta un pr\u00f3ximo fin de semana muy decisivo. Esperamos que est\u00e9n muy concentrados y consigan sus objetivos.<\/b><\/span><\/div>\n","protected":false},"excerpt":{"rendered":"<p>Marta Vela Las fases provinciales de los campeonatos escolares&nbsp; de Toledo y Ciudad Real han cumplido su 2\u00aa y 3\u00aa jornada respectiva durante este fin de semana. Los 35 participantes de las escuelas de ajedrez de Alc\u00e1zar, Villafranca, Illescas y Herencia compiten y aprenden en cada una de sus partidas.&nbsp; Recordemos que los campeonatos provinciales [&hellip;]<\/p>\n","protected":false},"author":1,"featured_media":1073,"comment_status":"open","ping_status":"closed","sticky":false,"template":"","format":"standard","meta":{"footnotes":""},"categories":[1],"tags":[],"class_list":["post-1072","post","type-post","status-publish","format-standard","has-post-thumbnail","hentry","category-noticias"],"_links":{"self":[{"href":"https:\/\/www.bfv.cloud\/ajedrezeuropa\/wp-json\/wp\/v2\/posts\/1072","targetHints":{"allow":["GET"]}}],"collection":[{"href":"https:\/\/www.bfv.cloud\/ajedrezeuropa\/wp-json\/wp\/v2\/posts"}],"about":[{"href":"https:\/\/www.bfv.cloud\/ajedrezeuropa\/wp-json\/wp\/v2\/types\/post"}],"author":[{"embeddable":true,"href":"https:\/\/www.bfv.cloud\/ajedrezeuropa\/wp-json\/wp\/v2\/users\/1"}],"replies":[{"embeddable":true,"href":"https:\/\/www.bfv.cloud\/ajedrezeuropa\/wp-json\/wp\/v2\/comments?post=1072"}],"version-history":[{"count":1,"href":"https:\/\/www.bfv.cloud\/ajedrezeuropa\/wp-json\/wp\/v2\/posts\/1072\/revisions"}],"predecessor-version":[{"id":1083,"href":"https:\/\/www.bfv.cloud\/ajedrezeuropa\/wp-json\/wp\/v2\/posts\/1072\/revisions\/1083"}],"wp:featuredmedia":[{"embeddable":true,"href":"https:\/\/www.bfv.cloud\/ajedrezeuropa\/wp-json\/wp\/v2\/media\/1073"}],"wp:attachment":[{"href":"https:\/\/www.bfv.cloud\/ajedrezeuropa\/wp-json\/wp\/v2\/media?parent=1072"}],"wp:term":[{"taxonomy":"category","embeddable":true,"href":"https:\/\/www.bfv.cloud\/ajedrezeuropa\/wp-json\/wp\/v2\/categories?post=1072"},{"taxonomy":"post_tag","embeddable":true,"href":"https:\/\/www.bfv.cloud\/ajedrezeuropa\/wp-json\/wp\/v2\/tags?post=1072"}],"curies":[{"name":"wp","href":"https:\/\/api.w.org\/{rel}","templated":true}]}}