{"id":1084,"date":"2011-12-29T16:18:00","date_gmt":"2011-12-29T16:18:00","guid":{"rendered":"https:\/\/www.bfv.cloud\/ajedrezeuropa\/index.php\/2011\/12\/29\/recepcion-en-el-ayuntamiento-de-alcazar-y-finalizacion-de-la-iv-concentracion-de-navidad\/"},"modified":"2025-11-20T10:26:09","modified_gmt":"2025-11-20T10:26:09","slug":"recepcion-en-el-ayuntamiento-de-alcazar-y-finalizacion-de-la-iv-concentracion-de-navidad","status":"publish","type":"post","link":"https:\/\/www.bfv.cloud\/ajedrezeuropa\/recepcion-en-el-ayuntamiento-de-alcazar-y-finalizacion-de-la-iv-concentracion-de-navidad\/","title":{"rendered":"RECEPCI\u00d3N EN EL AYUNTAMIENTO DE ALC\u00c1ZAR Y FINALIZACI\u00d3N DE LA IV CONCENTRACI\u00d3N DE NAVIDAD"},"content":{"rendered":"<table align=\"center\" cellpadding=\"0\" cellspacing=\"0\" class=\"tr-caption-container\" style=\"margin-left: auto;margin-right: auto;text-align: center\">\n<tbody>\n<tr>\n<td style=\"text-align: center\"><a href=\"https:\/\/www.bfv.cloud\/ajedrezeuropa\/wp-content\/uploads\/2011\/12\/FOTOSRECEPCI25C32593NAYTOALC25C32581ZAR020.jpg\" style=\"margin-left: auto;margin-right: auto\"><img fetchpriority=\"high\" decoding=\"async\" border=\"0\" height=\"300\" src=\"https:\/\/blogger.googleusercontent.com\/img\/b\/R29vZ2xl\/AVvXsEjo0MEaDg-9EQ8BHmMOpu84G58h-VdlFBoCLolarJy9TQJ3_-R5RlGDdWAx_RT4OpiJrUVE1Nmd97MusBidjlS43Nwzqx6TCzM3oB80tVepVsiiDNrykVYQJTaGwkpY7IBhccNQdbHLRu4\/s400\/FOTOS+RECEPCI%25C3%2593N+AYTO+ALC%25C3%2581ZAR+020.jpg\" width=\"400\" \/><\/a><\/td>\n<\/tr>\n<tr>\n<td class=\"tr-caption\" style=\"text-align: center\">Recepci\u00f3n al equipo Nuestro Ajedrez en Europa sub-16, medalla<br \/>\nde bronce en el Campeonato de Espa\u00f1a por Equipos.<br \/>\nDe pie, en el centro, Andr\u00e9s Beldad y Diego Ortega, alcaldes de <br \/>\nAlc\u00e1zar y Villafranca respectivamente, acompa\u00f1ados del director<br \/>\ndel proyecto, F\u00e9lix Toribio, y el concejal de deportes alcazare\u00f1o,<br \/>\nManuel de la Gu\u00eda. Sentados, los 5 jugadores del equipo.<\/td>\n<\/tr>\n<\/tbody>\n<\/table>\n<p>&nbsp;<strong><span style=\"font-family: Verdana, sans-serif\">Acaba de producirse la recepci\u00f3n oficial al equipo sub-16 de Nuestro Ajedrez en Europa en las dependencias municipales del ayuntamiento de Alc\u00e1zar de San Juan. Al acto han asistido los alcaldes de Alc\u00e1zar y Villafranca, Diego Ortega y Andr\u00e9s Beldad, el concejal de deportes alcazare\u00f1o, Manuel de la Gu\u00eda, y el director del proyecto, F\u00e9lix Toribio. Los 5 integrantes del equipo clasificado 3\u00ba en el reciente Campeonato de Espa\u00f1a por Equipos: Jorge Sim\u00f3n, Santiago Talavera, Jos\u00e9 \u00c1ngel Vela, Daniel P\u00edriz y Sergio Valencia, fueron recibidos por las autoridades locales en la sala de comisiones, celebr\u00e1ndose a continuaci\u00f3n un encuentro con los medios de comunicaci\u00f3n. Junto a ellos, han querido presenciar este momento familiares y amigos de los j\u00f3venes ajedrecistas. A continuaci\u00f3n se ha celebrado una reuni\u00f3n con la participaci\u00f3n de ambos alcaldes, el concejal de deportes y el director del proyecto, donde se ha puesto de manifiesto el apoyo al proyecto pese a los duros momentos econ\u00f3micos que estamos viviendo.<\/span><\/strong><br \/>\n\ufeff <\/p>\n<table cellpadding=\"0\" cellspacing=\"0\" class=\"tr-caption-container\" style=\"float: left;margin-right: 1em;text-align: left\">\n<tbody>\n<tr>\n<td style=\"text-align: center\"><a href=\"https:\/\/www.bfv.cloud\/ajedrezeuropa\/wp-content\/uploads\/2011\/12\/FOTOSRECEPCI25C32593NAYTOALC25C32581ZAR018.jpg\" style=\"clear: left;margin-bottom: 1em;margin-left: auto;margin-right: auto\"><img decoding=\"async\" border=\"0\" height=\"300\" src=\"https:\/\/blogger.googleusercontent.com\/img\/b\/R29vZ2xl\/AVvXsEjQhkO8RZJ3dd1YfO-Ek0WKjp5py2E_deXgZ7rkUXFLFPN7DXTfyNbqVtYri9XEsNsqcDGwt4WpgPXkjb9N47uo5Ra6QJ0EHLvKAhc2wAXObLCDZvNQbqTUhPR-uK9t_BtEmHyA8YltAEk\/s400\/FOTOS+RECEPCI%25C3%2593N+AYTO+ALC%25C3%2581ZAR+018.jpg\" width=\"400\" \/><\/a><\/td>\n<\/tr>\n<tr>\n<td class=\"tr-caption\" style=\"text-align: center\">Un momento del encuentro con los periodistas.<\/td>\n<\/tr>\n<\/tbody>\n<\/table>\n<p>\ufeff <br \/>\n\ufeff <\/p>\n<table align=\"center\" cellpadding=\"0\" cellspacing=\"0\" class=\"tr-caption-container\" style=\"margin-left: auto;margin-right: auto;text-align: center\">\n<tbody>\n<tr>\n<td style=\"text-align: center\"><a href=\"https:\/\/www.bfv.cloud\/ajedrezeuropa\/wp-content\/uploads\/2011\/12\/FOTOSIVCONCENTRACI25C32593NNAVIDAD2011037.jpg\" style=\"margin-left: auto;margin-right: auto\"><img decoding=\"async\" border=\"0\" height=\"300\" src=\"https:\/\/blogger.googleusercontent.com\/img\/b\/R29vZ2xl\/AVvXsEjtQmKFHUTSAJWZKqLE-IwBueM69_602XyR7XpWLQ2dYZJDu0S9r0VD8axNHrzTiGjPM3nqkYBBziSv1eUQ4DyzGiNzH5gKd1oQ0PKgCIBThzp7rVIIWNnwx5-EibL-pOMsLinHeZqy7_A\/s400\/FOTOS+IV+CONCENTRACI%25C3%2593N+NAVIDAD+2011+037.jpg\" width=\"400\" \/><\/a><\/td>\n<\/tr>\n<tr>\n<td class=\"tr-caption\" style=\"text-align: center\">Foto de la clausura de la IV Concentraci\u00f3n de Navidad.<\/td>\n<\/tr>\n<\/tbody>\n<\/table>\n<p><strong><span style=\"font-family: Verdana, sans-serif\">Por otra parte, ayer finalizaba la 4\u00aa Concentraci\u00f3n de Navidad. La numerosa participaci\u00f3n de chicos y chicas de las escuelas de ajedrez de Alc\u00e1zar y Villafranca, junto a la permanencia del equipo de entrenadores y monitores,&nbsp;est\u00e1n ofreciendo una destacable&nbsp;continuidad en el trabajo&nbsp;y un creciente nivel de preparaci\u00f3n t\u00e9cnica.<\/span><\/strong>\ufeff<\/p>\n","protected":false},"excerpt":{"rendered":"<p>Recepci\u00f3n al equipo Nuestro Ajedrez en Europa sub-16, medalla de bronce en el Campeonato de Espa\u00f1a por Equipos. De pie, en el centro, Andr\u00e9s Beldad y Diego Ortega, alcaldes de Alc\u00e1zar y Villafranca respectivamente, acompa\u00f1ados del director del proyecto, F\u00e9lix Toribio, y el concejal de deportes alcazare\u00f1o, Manuel de la Gu\u00eda. Sentados, los 5 jugadores [&hellip;]<\/p>\n","protected":false},"author":1,"featured_media":1085,"comment_status":"open","ping_status":"closed","sticky":false,"template":"","format":"standard","meta":{"footnotes":""},"categories":[1],"tags":[],"class_list":["post-1084","post","type-post","status-publish","format-standard","has-post-thumbnail","hentry","category-noticias"],"_links":{"self":[{"href":"https:\/\/www.bfv.cloud\/ajedrezeuropa\/wp-json\/wp\/v2\/posts\/1084","targetHints":{"allow":["GET"]}}],"collection":[{"href":"https:\/\/www.bfv.cloud\/ajedrezeuropa\/wp-json\/wp\/v2\/posts"}],"about":[{"href":"https:\/\/www.bfv.cloud\/ajedrezeuropa\/wp-json\/wp\/v2\/types\/post"}],"author":[{"embeddable":true,"href":"https:\/\/www.bfv.cloud\/ajedrezeuropa\/wp-json\/wp\/v2\/users\/1"}],"replies":[{"embeddable":true,"href":"https:\/\/www.bfv.cloud\/ajedrezeuropa\/wp-json\/wp\/v2\/comments?post=1084"}],"version-history":[{"count":1,"href":"https:\/\/www.bfv.cloud\/ajedrezeuropa\/wp-json\/wp\/v2\/posts\/1084\/revisions"}],"predecessor-version":[{"id":1088,"href":"https:\/\/www.bfv.cloud\/ajedrezeuropa\/wp-json\/wp\/v2\/posts\/1084\/revisions\/1088"}],"wp:featuredmedia":[{"embeddable":true,"href":"https:\/\/www.bfv.cloud\/ajedrezeuropa\/wp-json\/wp\/v2\/media\/1085"}],"wp:attachment":[{"href":"https:\/\/www.bfv.cloud\/ajedrezeuropa\/wp-json\/wp\/v2\/media?parent=1084"}],"wp:term":[{"taxonomy":"category","embeddable":true,"href":"https:\/\/www.bfv.cloud\/ajedrezeuropa\/wp-json\/wp\/v2\/categories?post=1084"},{"taxonomy":"post_tag","embeddable":true,"href":"https:\/\/www.bfv.cloud\/ajedrezeuropa\/wp-json\/wp\/v2\/tags?post=1084"}],"curies":[{"name":"wp","href":"https:\/\/api.w.org\/{rel}","templated":true}]}}