{"id":1089,"date":"2012-01-10T23:42:00","date_gmt":"2012-01-10T23:42:00","guid":{"rendered":"https:\/\/www.bfv.cloud\/ajedrezeuropa\/index.php\/2012\/01\/10\/comienza-la-temporada-2012-con-los-escolares-de-ciudad-real-y-toledo\/"},"modified":"2025-11-20T10:26:13","modified_gmt":"2025-11-20T10:26:13","slug":"comienza-la-temporada-2012-con-los-escolares-de-ciudad-real-y-toledo","status":"publish","type":"post","link":"https:\/\/www.bfv.cloud\/ajedrezeuropa\/comienza-la-temporada-2012-con-los-escolares-de-ciudad-real-y-toledo\/","title":{"rendered":"COMIENZA LA TEMPORADA 2012 CON LOS ESCOLARES DE CIUDAD REAL Y TOLEDO &#8230;"},"content":{"rendered":"<div class=\"separator\" style=\"clear: both;text-align: center\"><a href=\"https:\/\/www.bfv.cloud\/ajedrezeuropa\/wp-content\/uploads\/2012\/01\/fotosprovincialciudadreal2011013.jpg\" style=\"clear: left;float: left;margin-bottom: 1em;margin-right: 1em\"><img decoding=\"async\" border=\"0\" height=\"300px\" src=\"https:\/\/blogger.googleusercontent.com\/img\/b\/R29vZ2xl\/AVvXsEg3gKRlLIXj1_T18ECOSDWxEq_eIO6mlXjY-oA7CYi8hjbxMRPqyfAOwIA_OrUrvvseNRlb1MqHHnuyoOvgSPdLLNT3RXeZP-aVe7D6uTkD1lWf88qOMaGk9bBSf3pPvPwBwIs8MphRnyk\/s400\/fotos+provincial+ciudad+real+2011+013.jpg\" width=\"400px\" \/><\/a><\/div>\n<p><\/p>\n<div style=\"border-bottom: medium none;border-left: medium none;border-right: medium none;border-top: medium none\"><strong><span style=\", Arial, Helvetica, sans-serif\">La fase provincial del Campeonato del Deporte en Edad Escolar arrancar\u00e1 este fin de semana en Ciudad Real y Toledo. Las poblaciones de Miguelturra y Mocej\u00f3n son las elegidas por las delegaciones de ajedrez de ambas provincias para este inicio, representando en los dos casos una de las novedades de este 2012, aunque por distintas razones las valoraciones sobre sus designaciones no deben ser las mismas. Mientras que Miguelturra pretende ser una sede estable para todo el campeonato en Ciudad Real&nbsp;con unas condiciones mejores que en las temporadas anteriores, en Toledo se cambia el CEI, un lugar id\u00f3neo durante muchos a\u00f1os, por una itinerancia poco justificada, poco&nbsp;meditada y carente de un necesario&nbsp;acuerdo previo entre todas las escuelas. &nbsp;Si a esto a\u00f1adimos el asunto de mayor gravedad: la inexistencia de una planificaci\u00f3n y una selecci\u00f3n previa de los lugares que servir\u00e1n&nbsp;para la celebraci\u00f3n del campeonato,&nbsp;con lo que ello&nbsp;entra\u00f1a de falta de &nbsp;seguridad para los ni\u00f1os y ni\u00f1as m\u00e1s peque\u00f1os, tenemos todos los ingredientes caracter\u00edsticos de las ocurrencias sectarias que caracterizan a&nbsp;algunos de los responsables y asesores del ajedrez toledano.<\/span><\/strong><\/div>\n<p><strong><span style=\"font-family: Arial\">Aunque a nosotros, y a&nbsp;menos de una semana del inicio del Escolar, lo que nos ocupa y preocupa&nbsp;es asegurar&nbsp;la presencia de los alumnos y alumnas de nuestras escuelas en este campeonato en las mejores condiciones posibles, quedando para m\u00e1s tarde las necesarias puntualizaciones y aclaraciones sobre las \u00faltimas decisiones de los dirigentes federativos. <\/span><\/strong><br \/>\n<strong><span style=\"font-family: Arial\">Cuando todo est\u00e9 confirmado os informaremos de los horarios e itinerarios de los autobuses que las diputaciones de Ciudad Real y Toledo han dispuesto para el traslado de jugadores, jugadoras, monitores y responsables de nuestras escuelas de Alc\u00e1zar y Villafranca.<\/span><\/strong><\/p>\n<div class=\"separator\" style=\"border-bottom: medium none;border-left: medium none;border-right: medium none;border-top: medium none;clear: both;text-align: center\"><a href=\"https:\/\/www.bfv.cloud\/ajedrezeuropa\/wp-content\/uploads\/2012\/01\/GRUPOCONLOSPREMIADOS.jpg\" style=\"margin-left: 1em;margin-right: 1em\"><img decoding=\"async\" border=\"0\" height=\"300px\" src=\"https:\/\/blogger.googleusercontent.com\/img\/b\/R29vZ2xl\/AVvXsEiAB3NomZITafV344QwyqlNS3dl_AwVvUq9dNhIZIolYYHManaFBtn6GOl_-iR8lOoI8qhYGogpdrf66QgJkmqH05frrePC7Wl9pUzI5MFaaRhNET1HKe41x4H2g3vszVF29WS3INj1f-A\/s400\/GRUPO+CON+LOS+PREMIADOS.jpg\" width=\"400px\" \/><\/a><\/div>\n","protected":false},"excerpt":{"rendered":"<p>La fase provincial del Campeonato del Deporte en Edad Escolar arrancar\u00e1 este fin de semana en Ciudad Real y Toledo. Las poblaciones de Miguelturra y Mocej\u00f3n son las elegidas por las delegaciones de ajedrez de ambas provincias para este inicio, representando en los dos casos una de las novedades de este 2012, aunque por distintas [&hellip;]<\/p>\n","protected":false},"author":1,"featured_media":1090,"comment_status":"open","ping_status":"closed","sticky":false,"template":"","format":"standard","meta":{"footnotes":""},"categories":[1],"tags":[],"class_list":["post-1089","post","type-post","status-publish","format-standard","has-post-thumbnail","hentry","category-noticias"],"_links":{"self":[{"href":"https:\/\/www.bfv.cloud\/ajedrezeuropa\/wp-json\/wp\/v2\/posts\/1089","targetHints":{"allow":["GET"]}}],"collection":[{"href":"https:\/\/www.bfv.cloud\/ajedrezeuropa\/wp-json\/wp\/v2\/posts"}],"about":[{"href":"https:\/\/www.bfv.cloud\/ajedrezeuropa\/wp-json\/wp\/v2\/types\/post"}],"author":[{"embeddable":true,"href":"https:\/\/www.bfv.cloud\/ajedrezeuropa\/wp-json\/wp\/v2\/users\/1"}],"replies":[{"embeddable":true,"href":"https:\/\/www.bfv.cloud\/ajedrezeuropa\/wp-json\/wp\/v2\/comments?post=1089"}],"version-history":[{"count":1,"href":"https:\/\/www.bfv.cloud\/ajedrezeuropa\/wp-json\/wp\/v2\/posts\/1089\/revisions"}],"predecessor-version":[{"id":1092,"href":"https:\/\/www.bfv.cloud\/ajedrezeuropa\/wp-json\/wp\/v2\/posts\/1089\/revisions\/1092"}],"wp:featuredmedia":[{"embeddable":true,"href":"https:\/\/www.bfv.cloud\/ajedrezeuropa\/wp-json\/wp\/v2\/media\/1090"}],"wp:attachment":[{"href":"https:\/\/www.bfv.cloud\/ajedrezeuropa\/wp-json\/wp\/v2\/media?parent=1089"}],"wp:term":[{"taxonomy":"category","embeddable":true,"href":"https:\/\/www.bfv.cloud\/ajedrezeuropa\/wp-json\/wp\/v2\/categories?post=1089"},{"taxonomy":"post_tag","embeddable":true,"href":"https:\/\/www.bfv.cloud\/ajedrezeuropa\/wp-json\/wp\/v2\/tags?post=1089"}],"curies":[{"name":"wp","href":"https:\/\/api.w.org\/{rel}","templated":true}]}}