{"id":109,"date":"2023-11-14T10:58:00","date_gmt":"2023-11-14T10:58:00","guid":{"rendered":"https:\/\/www.bfv.cloud\/ajedrezeuropa\/index.php\/2023\/11\/14\/informacion-sobre-la-xv-concentracion-de-navidad\/"},"modified":"2025-11-20T10:13:26","modified_gmt":"2025-11-20T10:13:26","slug":"informacion-sobre-la-xv-concentracion-de-navidad","status":"publish","type":"post","link":"https:\/\/www.bfv.cloud\/ajedrezeuropa\/informacion-sobre-la-xv-concentracion-de-navidad\/","title":{"rendered":"INFORMACI\u00d3N SOBRE LA XV CONCENTRACI\u00d3N DE NAVIDAD"},"content":{"rendered":"<p>&nbsp;<\/p>\n<div class=\"separator\" style=\"clear: both;text-align: center\"><a href=\"https:\/\/www.bfv.cloud\/ajedrezeuropa\/wp-content\/uploads\/2023\/11\/CARTEL20CONCENTRACIC393N202023_001.jpg\" style=\"clear: left;float: left;margin-bottom: 1em;margin-right: 1em\"><img fetchpriority=\"high\" decoding=\"async\" border=\"0\" data-original-height=\"842\" data-original-width=\"595\" height=\"640\" src=\"https:\/\/blogger.googleusercontent.com\/img\/b\/R29vZ2xl\/AVvXsEgEOotQIydo5_I1kPS67OSeG0aSwNe8dNbGpA6YGJjT9wkXRnhOx09hv3kijhkBhKD82Z4dWmhbsnx5yPiO_o1QFPAHOu8uEKDZ-ZpTcVyQKh4jPDKqrdFOA6VKRjWLvC8Rcb785Ek3mrbty3_1nxSpswtEbYXacdV-yF3Yf6fedNJZ5wLLIlZYuDg3zeg\/w452-h640\/CARTEL%20CONCENTRACI%C3%93N%202023_001.jpg\" width=\"452\" \/><\/a><\/div>\n<p><span style=\"font-family: verdana;font-size: large\">Del 26 al 28 de pr\u00f3ximo mes de diciembre se celebrar\u00e1 la 15\u00aa edici\u00f3n de la Concentraci\u00f3n de Navidad. La casa de la cultura de Villafranca de los Caballeros acoger\u00e1, de nuevo, esta actividad formativa integrada dentro del proyecto Nuestro Ajedrez en Europa. La Concentraci\u00f3n contar\u00e1 con grupos dirigidos a alumnos y alumnas de los niveles de iniciaci\u00f3n, perfeccionamiento y tecnificaci\u00f3n. La edad de los participantes va desde los 5 a los 18 a\u00f1os.<\/span><\/p>\n<div><span style=\"font-family: verdana;font-size: large\"><br \/><\/span><\/div>\n<div><span style=\"font-family: verdana;font-size: large\"><br \/><\/span><\/div>\n<div><span style=\"font-family: verdana;font-size: large\"><br \/><\/span><\/div>\n<div><span style=\"font-family: verdana;font-size: large\">En el d\u00edptico que publicamos a continuaci\u00f3n se puede consultar m\u00e1s informaci\u00f3n.<\/span><\/div>\n<div>\n<div class=\"separator\" style=\"clear: both;text-align: center\"><a href=\"https:\/\/www.bfv.cloud\/ajedrezeuropa\/wp-content\/uploads\/2023\/11\/DIPTICO20NAVIDAD20LAS20DOS20PARTES202023_001.jpg\" style=\"margin-left: 1em;margin-right: 1em\"><img decoding=\"async\" border=\"0\" data-original-height=\"595\" data-original-width=\"842\" height=\"452\" src=\"https:\/\/blogger.googleusercontent.com\/img\/b\/R29vZ2xl\/AVvXsEizFpdktP9M4xhEh3Fh_YeiOVAqLrBvlJI_uDHYwPrNDf2VJ_FteSlHOR5pTXiuSCHiqyaFLQrdngDt13_YIpKlWPR488rVaLtL9fmkWZu-B1fYWtzchnly01yR_6wL6EsLhgKbiJCMYck1KKiwNc3J2JcXe46wU787DfsFs_68kpmCo8N1rf4CEjCAtFs\/w640-h452\/DIPTICO%20NAVIDAD%20LAS%20DOS%20PARTES%202023_001.jpg\" width=\"640\" \/><\/a><\/div>\n<p><\/p>\n<div class=\"separator\" style=\"clear: both;text-align: center\"><a href=\"https:\/\/www.bfv.cloud\/ajedrezeuropa\/wp-content\/uploads\/2023\/11\/DIPTICO20NAVIDAD20LAS20DOS20PARTES202023_002.jpg\" style=\"margin-left: 1em;margin-right: 1em\"><img decoding=\"async\" border=\"0\" data-original-height=\"595\" data-original-width=\"842\" height=\"452\" src=\"https:\/\/blogger.googleusercontent.com\/img\/b\/R29vZ2xl\/AVvXsEif-1wgrzB38ArytGEDEKdlvE93PGFtKcB_T4Hlj8KRa1mqRVZTrWIuWnD8D5vAMDKTODAU29n0IPITm73r-jWWzFbihYCd9ekcsyAjupFiyIsjQaMpiddyUhHAdIVhC7UDphN495LvsFJUZvhnICpNKYlcPnjO6ZhH6pwcsxAlbuu8tuSTrwLiut8X7AQ\/w640-h452\/DIPTICO%20NAVIDAD%20LAS%20DOS%20PARTES%202023_002.jpg\" width=\"640\" \/><\/a><\/div>\n<p><span style=\"font-family: verdana;font-size: large\"><br \/><\/span><\/div>\n","protected":false},"excerpt":{"rendered":"<p>&nbsp; Del 26 al 28 de pr\u00f3ximo mes de diciembre se celebrar\u00e1 la 15\u00aa edici\u00f3n de la Concentraci\u00f3n de Navidad. La casa de la cultura de Villafranca de los Caballeros acoger\u00e1, de nuevo, esta actividad formativa integrada dentro del proyecto Nuestro Ajedrez en Europa. La Concentraci\u00f3n contar\u00e1 con grupos dirigidos a alumnos y alumnas de [&hellip;]<\/p>\n","protected":false},"author":1,"featured_media":110,"comment_status":"open","ping_status":"closed","sticky":false,"template":"","format":"standard","meta":{"footnotes":""},"categories":[1],"tags":[],"class_list":["post-109","post","type-post","status-publish","format-standard","has-post-thumbnail","hentry","category-noticias"],"_links":{"self":[{"href":"https:\/\/www.bfv.cloud\/ajedrezeuropa\/wp-json\/wp\/v2\/posts\/109","targetHints":{"allow":["GET"]}}],"collection":[{"href":"https:\/\/www.bfv.cloud\/ajedrezeuropa\/wp-json\/wp\/v2\/posts"}],"about":[{"href":"https:\/\/www.bfv.cloud\/ajedrezeuropa\/wp-json\/wp\/v2\/types\/post"}],"author":[{"embeddable":true,"href":"https:\/\/www.bfv.cloud\/ajedrezeuropa\/wp-json\/wp\/v2\/users\/1"}],"replies":[{"embeddable":true,"href":"https:\/\/www.bfv.cloud\/ajedrezeuropa\/wp-json\/wp\/v2\/comments?post=109"}],"version-history":[{"count":1,"href":"https:\/\/www.bfv.cloud\/ajedrezeuropa\/wp-json\/wp\/v2\/posts\/109\/revisions"}],"predecessor-version":[{"id":113,"href":"https:\/\/www.bfv.cloud\/ajedrezeuropa\/wp-json\/wp\/v2\/posts\/109\/revisions\/113"}],"wp:featuredmedia":[{"embeddable":true,"href":"https:\/\/www.bfv.cloud\/ajedrezeuropa\/wp-json\/wp\/v2\/media\/110"}],"wp:attachment":[{"href":"https:\/\/www.bfv.cloud\/ajedrezeuropa\/wp-json\/wp\/v2\/media?parent=109"}],"wp:term":[{"taxonomy":"category","embeddable":true,"href":"https:\/\/www.bfv.cloud\/ajedrezeuropa\/wp-json\/wp\/v2\/categories?post=109"},{"taxonomy":"post_tag","embeddable":true,"href":"https:\/\/www.bfv.cloud\/ajedrezeuropa\/wp-json\/wp\/v2\/tags?post=109"}],"curies":[{"name":"wp","href":"https:\/\/api.w.org\/{rel}","templated":true}]}}