{"id":1093,"date":"2013-08-12T13:23:00","date_gmt":"2013-08-12T13:23:00","guid":{"rendered":"https:\/\/www.bfv.cloud\/ajedrezeuropa\/index.php\/2013\/08\/12\/finaliza-el-internacional-de-almansa\/"},"modified":"2025-11-20T10:26:14","modified_gmt":"2025-11-20T10:26:14","slug":"finaliza-el-internacional-de-almansa","status":"publish","type":"post","link":"https:\/\/www.bfv.cloud\/ajedrezeuropa\/finaliza-el-internacional-de-almansa\/","title":{"rendered":"FINALIZA EL INTERNACIONAL DE ALMANSA"},"content":{"rendered":"<div class=\"separator\" style=\"clear: both;text-align: center\">\n<a href=\"https:\/\/www.bfv.cloud\/ajedrezeuropa\/wp-content\/uploads\/2013\/08\/CartelAjedrezAlmansa2013.jpg\" style=\"clear: right;float: right;margin-bottom: 1em;margin-left: 1em\"><img fetchpriority=\"high\" decoding=\"async\" border=\"0\" height=\"320\" src=\"https:\/\/blogger.googleusercontent.com\/img\/b\/R29vZ2xl\/AVvXsEjHgCRldCtL_N80RjSpAb_bhJFSTmk8EJxyhJ8H4ZVM_pupHRKur49UbQrXvhyphenhyphenzNsOcV9qko-OYycbYit606codyNg1yK_BCo84m9aCKghTxeoV5Ptiydj7idSbF6K2194KHk8RZSYnQ04\/s320\/Cartel+Ajedrez+Almansa+2013.jpg\" width=\"224\" \/><\/a><\/div>\n<p><span style=\"font-family: Trebuchet MS, sans-serif\"><b>Se vuelve a repetir una buena actuaci\u00f3n de nuestros jugadores en el internacional de Almansa. La octava edici\u00f3n del torneo de promoci\u00f3n en el grupo B finalizaba con Santiago Talavera en la 3\u00aa posici\u00f3n, con 7 puntos sobre 9, con Carlos \u00c1lvarez en la 11\u00aa plaza e Isaac Lozano en el puesto 26\u00ba, ganando 34 puntos de elo. Los otros 4 jugadores de nuestros clubes que han participado tambi\u00e9n han obtenido buenos resultados:<\/b><\/span><\/p>\n<div style=\"text-align: center\">\n<span style=\"font-family: Trebuchet MS, sans-serif\"><b>34\u00ba.- Antonio Albo<\/b><\/span><\/div>\n<div style=\"text-align: center\">\n<span style=\"font-family: Trebuchet MS, sans-serif\"><b>40\u00ba.- Jos\u00e9 \u00c1ngel Vela<\/b><\/span><\/div>\n<div style=\"text-align: center\">\n<span style=\"font-family: Trebuchet MS, sans-serif\"><b>41\u00ba.- Carlos Romo<\/b><\/span><\/div>\n<div style=\"text-align: center\">\n<span style=\"font-family: Trebuchet MS, sans-serif\"><b>79\u00ba.- Jes\u00fas M\u00aa Bricio<\/b><\/span><\/div>\n<div style=\"text-align: center\">\n<span style=\"font-family: Trebuchet MS, sans-serif\"><b>(tambi\u00e9n gana 34 puntos de ELO)<\/b><\/span><\/div>\n<div style=\"text-align: left\">\n<span style=\"font-family: Trebuchet MS, sans-serif\"><b>El n\u00famero total de participantes en el grupo B ha sido de 122, mientras que en el grupo A han intervenido 67 ajedrecistas con Daniel P\u00edriz en la posici\u00f3n 46\u00ba tras haber sumado 4 puntos en las 9 rondas disputadas.<\/b><\/span><\/div>\n","protected":false},"excerpt":{"rendered":"<p>Se vuelve a repetir una buena actuaci\u00f3n de nuestros jugadores en el internacional de Almansa. La octava edici\u00f3n del torneo de promoci\u00f3n en el grupo B finalizaba con Santiago Talavera en la 3\u00aa posici\u00f3n, con 7 puntos sobre 9, con Carlos \u00c1lvarez en la 11\u00aa plaza e Isaac Lozano en el puesto 26\u00ba, ganando 34 [&hellip;]<\/p>\n","protected":false},"author":1,"featured_media":1094,"comment_status":"open","ping_status":"closed","sticky":false,"template":"","format":"standard","meta":{"footnotes":""},"categories":[1],"tags":[],"class_list":["post-1093","post","type-post","status-publish","format-standard","has-post-thumbnail","hentry","category-noticias"],"_links":{"self":[{"href":"https:\/\/www.bfv.cloud\/ajedrezeuropa\/wp-json\/wp\/v2\/posts\/1093","targetHints":{"allow":["GET"]}}],"collection":[{"href":"https:\/\/www.bfv.cloud\/ajedrezeuropa\/wp-json\/wp\/v2\/posts"}],"about":[{"href":"https:\/\/www.bfv.cloud\/ajedrezeuropa\/wp-json\/wp\/v2\/types\/post"}],"author":[{"embeddable":true,"href":"https:\/\/www.bfv.cloud\/ajedrezeuropa\/wp-json\/wp\/v2\/users\/1"}],"replies":[{"embeddable":true,"href":"https:\/\/www.bfv.cloud\/ajedrezeuropa\/wp-json\/wp\/v2\/comments?post=1093"}],"version-history":[{"count":1,"href":"https:\/\/www.bfv.cloud\/ajedrezeuropa\/wp-json\/wp\/v2\/posts\/1093\/revisions"}],"predecessor-version":[{"id":1095,"href":"https:\/\/www.bfv.cloud\/ajedrezeuropa\/wp-json\/wp\/v2\/posts\/1093\/revisions\/1095"}],"wp:featuredmedia":[{"embeddable":true,"href":"https:\/\/www.bfv.cloud\/ajedrezeuropa\/wp-json\/wp\/v2\/media\/1094"}],"wp:attachment":[{"href":"https:\/\/www.bfv.cloud\/ajedrezeuropa\/wp-json\/wp\/v2\/media?parent=1093"}],"wp:term":[{"taxonomy":"category","embeddable":true,"href":"https:\/\/www.bfv.cloud\/ajedrezeuropa\/wp-json\/wp\/v2\/categories?post=1093"},{"taxonomy":"post_tag","embeddable":true,"href":"https:\/\/www.bfv.cloud\/ajedrezeuropa\/wp-json\/wp\/v2\/tags?post=1093"}],"curies":[{"name":"wp","href":"https:\/\/api.w.org\/{rel}","templated":true}]}}