{"id":1099,"date":"2021-09-06T17:44:00","date_gmt":"2021-09-06T17:44:00","guid":{"rendered":"https:\/\/www.bfv.cloud\/ajedrezeuropa\/index.php\/2021\/09\/06\/xxiv-torneo-de-ajedrez-abierto-de-villafranca\/"},"modified":"2025-11-20T10:26:19","modified_gmt":"2025-11-20T10:26:19","slug":"xxiv-torneo-de-ajedrez-abierto-de-villafranca","status":"publish","type":"post","link":"https:\/\/www.bfv.cloud\/ajedrezeuropa\/xxiv-torneo-de-ajedrez-abierto-de-villafranca\/","title":{"rendered":"XXIV TORNEO DE AJEDREZ \u00abABIERTO DE VILLAFRANCA\u00bb"},"content":{"rendered":"<p>&nbsp;<\/p>\n<div class=\"separator\" style=\"clear: both;text-align: center\"><a href=\"https:\/\/www.bfv.cloud\/ajedrezeuropa\/wp-content\/uploads\/2021\/09\/CARTELXXIVTORNEOFERIAVILLAFRANCA.jpg\" style=\"clear: right;float: right;margin-bottom: 1em;margin-left: 1em\"><img fetchpriority=\"high\" decoding=\"async\" border=\"0\" data-original-height=\"1713\" data-original-width=\"1225\" height=\"640\" src=\"https:\/\/blogger.googleusercontent.com\/img\/b\/R29vZ2xl\/AVvXsEgeuoyVFz7sY0rjXK4f6vTlsfMBlrDfCJ2Q5naWBwiaUeOS2CgNr-NmDAS4Oai7dR8UqQ3nm1WH0IkYIAun6KlAU1GpTEdgtIkYko7ll5B5d6iV8mLEBxtW5UPCjDWumellihly9OJd8Vw\/w458-h640\/CARTEL+XXIV+TORNEO+FERIA+VILLAFRANCA.jpg\" width=\"458\" \/><\/a><\/div>\n<p><span style=\"font-family: georgia;font-size: large\">Villafranca de los Caballeros recupera el torneo de ajedrez que se celebra con motivo de la feria. De esta manera, <b>el s\u00e1bado 28 de septiembre, la casa de la cultura albergar\u00e1 la 24\u00aa edici\u00f3n del \u00abAbierto de Villafranca\u00bb.<\/b> <b>Las inscripciones pueden realizarse conforme a lo establecido en las bases, existiendo un aforo de 40 jugadores.&nbsp;<\/b><\/span><\/p>\n<\/p>\n<div class=\"separator\" style=\"clear: both;text-align: center\"><a href=\"https:\/\/www.bfv.cloud\/ajedrezeuropa\/wp-content\/uploads\/2021\/09\/BASESDELXXIVTORNEOFERIA2021VILLAFRANCA_001.jpg\" style=\"clear: right;float: right;margin-bottom: 1em;margin-left: 1em\"><img decoding=\"async\" border=\"0\" data-original-height=\"2048\" data-original-width=\"1447\" height=\"640\" src=\"https:\/\/blogger.googleusercontent.com\/img\/b\/R29vZ2xl\/AVvXsEgqnWmcUyX8nUWtuSfb_E9ZncqETdZ3r1FCqmw9ylw593GZ2vQVG5xWNT6XWb4soeuIwk2-pmnAvt7aW-bHF8ZbvXW99rfd_KD5Grpso2yDLNfX8gaJvF9iHZVzIqDDvLEwFe3YEPEcM08\/w452-h640\/BASES+DEL+XXIV+TORNEO+FERIA+2021+VILLAFRANCA_001.jpg\" width=\"452\" \/><\/a><\/div>\n<p><span style=\"font-family: georgia;font-size: large\">El ritmo de juego, las categor\u00edas y los premios se detallan en las bases que figuran al lado. Tan solo recordar que los trofeos para los vencedores son piezas de artesan\u00eda trabajadas en la Alfarer\u00eda de los Hermanos Pe\u00f1o.<br \/><\/span><\/p>\n","protected":false},"excerpt":{"rendered":"<p>&nbsp; Villafranca de los Caballeros recupera el torneo de ajedrez que se celebra con motivo de la feria. De esta manera, el s\u00e1bado 28 de septiembre, la casa de la cultura albergar\u00e1 la 24\u00aa edici\u00f3n del \u00abAbierto de Villafranca\u00bb. Las inscripciones pueden realizarse conforme a lo establecido en las bases, existiendo un aforo de 40 [&hellip;]<\/p>\n","protected":false},"author":1,"featured_media":1100,"comment_status":"open","ping_status":"closed","sticky":false,"template":"","format":"standard","meta":{"footnotes":""},"categories":[1],"tags":[],"class_list":["post-1099","post","type-post","status-publish","format-standard","has-post-thumbnail","hentry","category-noticias"],"_links":{"self":[{"href":"https:\/\/www.bfv.cloud\/ajedrezeuropa\/wp-json\/wp\/v2\/posts\/1099","targetHints":{"allow":["GET"]}}],"collection":[{"href":"https:\/\/www.bfv.cloud\/ajedrezeuropa\/wp-json\/wp\/v2\/posts"}],"about":[{"href":"https:\/\/www.bfv.cloud\/ajedrezeuropa\/wp-json\/wp\/v2\/types\/post"}],"author":[{"embeddable":true,"href":"https:\/\/www.bfv.cloud\/ajedrezeuropa\/wp-json\/wp\/v2\/users\/1"}],"replies":[{"embeddable":true,"href":"https:\/\/www.bfv.cloud\/ajedrezeuropa\/wp-json\/wp\/v2\/comments?post=1099"}],"version-history":[{"count":1,"href":"https:\/\/www.bfv.cloud\/ajedrezeuropa\/wp-json\/wp\/v2\/posts\/1099\/revisions"}],"predecessor-version":[{"id":1102,"href":"https:\/\/www.bfv.cloud\/ajedrezeuropa\/wp-json\/wp\/v2\/posts\/1099\/revisions\/1102"}],"wp:featuredmedia":[{"embeddable":true,"href":"https:\/\/www.bfv.cloud\/ajedrezeuropa\/wp-json\/wp\/v2\/media\/1100"}],"wp:attachment":[{"href":"https:\/\/www.bfv.cloud\/ajedrezeuropa\/wp-json\/wp\/v2\/media?parent=1099"}],"wp:term":[{"taxonomy":"category","embeddable":true,"href":"https:\/\/www.bfv.cloud\/ajedrezeuropa\/wp-json\/wp\/v2\/categories?post=1099"},{"taxonomy":"post_tag","embeddable":true,"href":"https:\/\/www.bfv.cloud\/ajedrezeuropa\/wp-json\/wp\/v2\/tags?post=1099"}],"curies":[{"name":"wp","href":"https:\/\/api.w.org\/{rel}","templated":true}]}}