{"id":1103,"date":"2013-02-18T22:13:00","date_gmt":"2013-02-18T22:13:00","guid":{"rendered":"https:\/\/www.bfv.cloud\/ajedrezeuropa\/index.php\/2013\/02\/18\/2-titulos-de-campeones-y-otros-tantos-al-alcance-de-nuestros-ajedrecistas\/"},"modified":"2025-11-20T10:26:32","modified_gmt":"2025-11-20T10:26:32","slug":"2-titulos-de-campeones-y-otros-tantos-al-alcance-de-nuestros-ajedrecistas","status":"publish","type":"post","link":"https:\/\/www.bfv.cloud\/ajedrezeuropa\/2-titulos-de-campeones-y-otros-tantos-al-alcance-de-nuestros-ajedrecistas\/","title":{"rendered":"2 T\u00cdTULOS DE CAMPEONES Y OTROS TANTOS AL ALCANCE DE NUESTROS AJEDRECISTAS"},"content":{"rendered":"<h4 style=\"text-align: center\">\n<span style=\"color: blue\"><i><br \/>\nLOS ESCOLARES DE CIUDAD REAL Y TOLEDO NOS DAN LOS MEJORES RESULTADOS DE NUESTRO AJEDREZ, A FALTA DE LAS JORNADAS FINALES<\/i><\/span><\/h4>\n<div>\n<table cellpadding=\"0\" cellspacing=\"0\" class=\"tr-caption-container\" style=\"float: right;margin-left: 1em;text-align: right\">\n<tbody>\n<tr>\n<td style=\"text-align: center\"><a href=\"https:\/\/www.bfv.cloud\/ajedrezeuropa\/wp-content\/uploads\/2013\/02\/DEPORTEEDADESCOLARTOLEDO2013002.jpg\" style=\"clear: right;margin-bottom: 1em;margin-left: auto;margin-right: auto\"><img fetchpriority=\"high\" decoding=\"async\" border=\"0\" height=\"373\" src=\"https:\/\/blogger.googleusercontent.com\/img\/b\/R29vZ2xl\/AVvXsEgU1lLX8MpcpOMIat-qFWYhVd8jVgQvOQBr_dLGv_Mzn-ff8M-ZULnE7dHABljqh3B8oPHGLZPxxhiZ1YOSgRu1Voo9Qg8tg9tTo7ylJoQg8zkdEdxp0IcdrnA8usmtAxxuGZKwWilHB2U\/s400\/DEPORTE+EDAD+ESCOLAR+TOLEDO+2013+002.jpg\" width=\"400\" \/><\/a><\/td>\n<\/tr>\n<tr>\n<td class=\"tr-caption\" style=\"text-align: center\">Isaac y Silvia durante su \u00faltima partida<\/td>\n<\/tr>\n<\/tbody>\n<\/table>\n<p><span style=\"color: blue;font-family: Verdana, sans-serif\">Con 2 t\u00edtulos de campeones asegurados, los correspondientes al cadete de Ciudad Real y al infantil femenino de Toledo, m\u00e1s los otros 2 que otorga el cadete toledano en sus categor\u00edas masculina y femenina con buenas posibilidades de victoria, podemos confirmar el mayor \u00e9xito de nuestras escuelas en esta competici\u00f3n a lo largo de su historia. Si a esto sumamos las excelentes clasificaciones de otros chicos y chicas de las escuelas de Alc\u00e1zar y Villafranca que les pueden llevar a asegurarse su participaci\u00f3n en la fase regional, no cabe duda que la valoraci\u00f3n no puede ser m\u00e1s positiva. Como dato a\u00f1adido debemos se\u00f1alar que, a d\u00eda de hoy, ning\u00fan otro club o escuela de Castilla-La Mancha est\u00e1 en condiciones de obtener estos meritorios resultados en sus respectivas fases provinciales, lo que resalta m\u00e1s todav\u00eda la actuaci\u00f3n de nuestros jugadores y jugadoras. En estas horas nos sentimos doblemente orgullosos pues, como hemos demostrado a lo largo de los a\u00f1os, estos \u00e9xitos deportivos est\u00e1n basados en la honestidad y la honradez con nosotros mismos y con el resto de competidores, trabajando la parte m\u00e1s noble del deporte y formando en los valores del esfuerzo y la integridad a todos nuestros alumnos.<\/span><\/p>\n<table cellpadding=\"0\" cellspacing=\"0\" class=\"tr-caption-container\" style=\"float: left;margin-right: 1em;text-align: left\">\n<tbody>\n<tr>\n<td style=\"text-align: center\"><a href=\"https:\/\/www.bfv.cloud\/ajedrezeuropa\/wp-content\/uploads\/2013\/02\/DEPORTEEDADESCOLARTOLEDO2013008.jpg\" style=\"clear: left;margin-bottom: 1em;margin-left: auto;margin-right: auto\"><img decoding=\"async\" border=\"0\" height=\"300\" src=\"https:\/\/blogger.googleusercontent.com\/img\/b\/R29vZ2xl\/AVvXsEgY31BrE7D5vJMIXVip0VifjS6cwiSurHc8Dr1eK-r8pJlcqpX1wUTWs-kA0LboND_tvdzBXsth1DECg3XhXdHxMAIkuzmWIminFFW8PrYuopad1KRA19V1ZKXb-RI6FAdSyLPOL5jTlkY\/s400\/DEPORTE+EDAD+ESCOLAR+TOLEDO+2013+008.jpg\" width=\"400\" \/><\/a><\/td>\n<\/tr>\n<tr>\n<td class=\"tr-caption\" style=\"text-align: center\">Pablo mira la partida de H\u00e9ctor<\/td>\n<\/tr>\n<\/tbody>\n<\/table>\n<\/div>\n<div>\n<div class=\"MsoNormal\" style=\"text-align: justify;text-indent: 35.4pt\">\n<span style=\"font-family: 'Trebuchet MS', sans-serif;font-size: 14pt;text-indent: 35.4pt\">De<br \/>\ncara a las jornadas finales de los distintos campeonatos el pr\u00f3ximo fin de<br \/>\nsemana, los 30 ajedrecistas de las escuelas de Alc\u00e1zar y Villafranca que<br \/>\nconcluir\u00e1n su participaci\u00f3n ocupan&nbsp; las<br \/>\nsiguientes posiciones:<\/span><\/div>\n<h1 style=\"text-align: center\">\n<span style=\"font-size: 14pt\"><span style=\"font-family: Trebuchet MS, sans-serif\"><u>DEPORTE<br \/>\nEN EDAD ESCOLAR DE TOLEDO 2013<\/u><\/span><\/span><\/h1>\n<table cellpadding=\"0\" cellspacing=\"0\" class=\"tr-caption-container\" style=\"float: left;margin-right: 1em;text-align: left\">\n<tbody>\n<tr>\n<td style=\"text-align: center\"><a href=\"https:\/\/www.bfv.cloud\/ajedrezeuropa\/wp-content\/uploads\/2013\/02\/DEPORTEEDADESCOLARTOLEDO2013004.jpg\" style=\"clear: left;margin-bottom: 1em;margin-left: auto;margin-right: auto\"><img decoding=\"async\" border=\"0\" height=\"240\" src=\"https:\/\/blogger.googleusercontent.com\/img\/b\/R29vZ2xl\/AVvXsEhcsphzhMUzpDyhqVIctv8JlMMcjwR7oJsggPR6K7qQdRUaen-1pEvhZGhLwLTDKuNzVPb72v3EyLQBRoaraSZkcTd-jh7M850HZ6gXHcsTJYYT1-NjVJ5KZpi-4x-Xit1KX87_GUc2iIE\/s320\/DEPORTE+EDAD+ESCOLAR+TOLEDO+2013+004.jpg\" width=\"320\" \/><\/a><\/td>\n<\/tr>\n<tr>\n<td class=\"tr-caption\" style=\"text-align: center\">Jos\u00e9 Luis y Ra\u00fal D\u00edaz &nbsp;en la 5\u00aa ronda<\/td>\n<\/tr>\n<\/tbody>\n<\/table>\n<div align=\"center\" class=\"MsoNormal\" style=\"text-align: center\">\n<u><span style=\"font-family: Trebuchet MS, sans-serif\"><b>Categor\u00eda Cadete masculina<\/b><\/span><\/u><\/div>\n<div class=\"MsoBodyText\" style=\"text-align: center\">\n<span style=\"font-family: Trebuchet MS, sans-serif\"><u>&nbsp;(disputadas 5 de<br \/>\nlas 6 rondas):<\/u>&nbsp;&nbsp;&nbsp;&nbsp;&nbsp;&nbsp;&nbsp; <\/span><\/div>\n<div class=\"MsoBodyText\" style=\"text-align: center\">\n<span style=\"font-family: Trebuchet MS, sans-serif\">1\u00ba.- Isaac Lozano, 4<br \/>\n\u00bd&nbsp; puntos.<\/span><\/div>\n<div class=\"MsoBodyText\" style=\"text-align: center\">\n<span style=\"font-family: Trebuchet MS, sans-serif\">(Lidera la clasificaci\u00f3n<br \/>\nen solitario)<\/span><\/div>\n<div class=\"MsoBodyText\" style=\"margin-left: 53.4pt;text-align: left\">\n<span style=\"font-family: Trebuchet MS, sans-serif\">&nbsp; &nbsp; &nbsp; &nbsp; &nbsp; &nbsp; &nbsp; &nbsp; &nbsp; &nbsp; &nbsp;Con 2 puntos, clasificados en los puestos 10\u00ba y 11\u00ba:<\/span><\/div>\n<div class=\"MsoBodyText\" style=\"margin-left: 36pt;text-align: center;text-indent: -18pt\">\n<!--[if !supportLists]--><span style=\"font-family: Trebuchet MS, sans-serif\">&#8211;<span style=\"font-size: 7pt\">&nbsp;&nbsp;&nbsp;&nbsp;&nbsp;&nbsp;&nbsp;&nbsp;<br \/>\n<\/span><!--[endif]-->Ra\u00fal D\u00edaz<\/span><\/div>\n<div class=\"MsoBodyText\" style=\"margin-left: 36pt;text-align: center;text-indent: -18pt\">\n<!--[if !supportLists]--><span style=\"font-family: Trebuchet MS, sans-serif\">&#8211;<span style=\"font-size: 7pt\">&nbsp;&nbsp;&nbsp;&nbsp;&nbsp;&nbsp;&nbsp;&nbsp;<br \/>\n<\/span><!--[endif]-->Jos\u00e9 Luis D\u00edaz<\/span><\/div>\n<div class=\"MsoBodyText\" style=\"margin-left: 18pt;text-align: center\">\n<u><span style=\"font-family: Trebuchet MS, sans-serif\"><b>Categor\u00eda Cadete femenina<\/b><\/span><\/u><\/div>\n<div class=\"MsoBodyText\" style=\"margin-left: 18pt;text-align: center\">\n<u><span style=\"font-family: Trebuchet MS, sans-serif\">(disputadas 5 de las 6<br \/>\nrondas):<\/span><\/u><\/div>\n<div class=\"MsoBodyText\" style=\"text-align: center\">\n<span style=\"font-family: Trebuchet MS, sans-serif\">2\u00aa.- Silvia Toribio, 3<br \/>\n\u00bd&nbsp; puntos.<\/span><\/div>\n<div class=\"MsoBodyText\" style=\"margin-left: 18pt;text-align: center\">\n<span style=\"font-family: Trebuchet MS, sans-serif\">(Empatada<br \/>\ncon 1\u00aa y 3\u00aa clasificadas)<\/span><\/div>\n<div class=\"MsoBodyText\" style=\"margin-left: 18.0pt\">\n<\/div>\n<div class=\"MsoBodyText\" style=\"text-align: center\">\n<u><span style=\"font-family: Trebuchet MS, sans-serif\"><b>Categor\u00eda Infantil masculina<\/b><\/span><\/u><\/div>\n<div class=\"MsoBodyText\" style=\"text-align: center\">\n<span style=\"font-family: Trebuchet MS, sans-serif\"><u>(disputadas 7 de las 8 rondas):<\/u><u> <\/u><\/span><\/div>\n<div class=\"MsoBodyText\" style=\"text-align: center\">\n<span style=\"font-family: Trebuchet MS, sans-serif\">13\u00ba.- Iv\u00e1n Valencia, 4 \u00bd<br \/>\npuntos.<\/span><\/div>\n<div class=\"MsoBodyText\" style=\"text-align: center\">\n<span style=\"font-family: Trebuchet MS, sans-serif\">41\u00ba.- \u00d3scar Roncero, 3<br \/>\npuntos.<\/span><\/div>\n<div class=\"MsoBodyText\" style=\"text-align: center\">\n<span style=\"font-family: Trebuchet MS, sans-serif\">42\u00ba.- Jes\u00fas Romo, 3<br \/>\npuntos.<\/span><\/div>\n<div class=\"MsoBodyText\" style=\"text-align: center\">\n<span style=\"font-family: Trebuchet MS, sans-serif\">56\u00ba.- Pablo Aguilar, 2<br \/>\npuntos.<\/span><\/div>\n<div class=\"MsoBodyText\" style=\"text-align: center\">\n<span style=\"font-family: Trebuchet MS, sans-serif\">62\u00ba.- H\u00e9ctor Nieves, 1<br \/>\npunto.<\/span><\/div>\n<table cellpadding=\"0\" cellspacing=\"0\" class=\"tr-caption-container\" style=\"float: right;margin-left: 1em;text-align: right\">\n<tbody>\n<tr>\n<td style=\"text-align: center\"><a href=\"https:\/\/www.bfv.cloud\/ajedrezeuropa\/wp-content\/uploads\/2013\/02\/DEPORTEEDADESCOLARTOLEDO2013003.jpg\" style=\"clear: right;margin-bottom: 1em;margin-left: auto;margin-right: auto\"><img loading=\"lazy\" decoding=\"async\" border=\"0\" height=\"400\" src=\"https:\/\/blogger.googleusercontent.com\/img\/b\/R29vZ2xl\/AVvXsEjGtwVvaf2yYryZ50W1NJKfZuWv9VsMQYdGE-JE5sEtEDrFGl6N29Du6hyU1Pc8zGHezXY2jDHtsI-Ecr2esdxoSSN-Qw1CtJlzt71PxOUP75ZsDXZI_OMScAbFxsFBFpvUda3MFeGBAHg\/s400\/DEPORTE+EDAD+ESCOLAR+TOLEDO+2013+003.jpg\" width=\"351\" \/><\/a><\/td>\n<\/tr>\n<tr>\n<td class=\"tr-caption\" style=\"text-align: center\">Irene est\u00e1 al frente del Infantil femenino<\/td>\n<\/tr>\n<\/tbody>\n<\/table>\n<div class=\"MsoBodyText\" style=\"text-align: center\">\n<u><span style=\"font-family: Trebuchet MS, sans-serif\"><b>Categor\u00eda Infantil femenina<\/b><\/span><\/u><\/div>\n<div class=\"MsoBodyText\" style=\"text-align: center\">\n<u><span style=\"font-family: Trebuchet MS, sans-serif\">(disputadas 7 de las 8 rondas):<\/span><\/u><\/div>\n<div class=\"MsoBodyText\" style=\"text-align: center\">\n<span style=\"font-family: Trebuchet MS, sans-serif\">1\u00aa.- Irene Sim\u00f3n, 6<br \/>\npuntos.<\/span><\/div>\n<div class=\"MsoBodyText\" style=\"text-align: center\">\n<span style=\"font-family: Trebuchet MS, sans-serif\">2\u00aa.- Alba P\u00edriz, 5<br \/>\npuntos.<\/span><\/div>\n<div class=\"MsoBodyText\" style=\"text-align: center\">\n<span style=\"font-family: Trebuchet MS, sans-serif\">(Una de estas 2 jugadoras<br \/>\nse proclamar\u00e1 campeona el pr\u00f3ximo s\u00e1bado)<\/span><\/div>\n<div class=\"MsoBodyText\" style=\"text-align: center\">\n<span style=\"font-family: Trebuchet MS, sans-serif\">7\u00aa.- Mar\u00eda Oliver, 3 \u00bd<br \/>\npuntos.<\/span><\/div>\n<div class=\"MsoBodyText\" style=\"text-align: center\">\n<span style=\"font-family: Trebuchet MS, sans-serif\">14\u00aa.- Luz Mar\u00eda Lozano, 1<br \/>\npunto. <\/span><\/div>\n<div class=\"MsoBodyText\">\n<\/div>\n<div class=\"MsoBodyText\" style=\"text-align: center\">\n<u><span style=\"color: #660000;font-family: Trebuchet MS, sans-serif\"><b>CAMPEONATO PROVINCIAL POR EDADES TOLEDO 2013<\/b><\/span><\/u><\/div>\n<div class=\"MsoBodyText\" style=\"text-align: left\">\n<span style=\"color: #660000;font-family: Trebuchet MS, sans-serif\">&nbsp;&nbsp;&nbsp;&nbsp;&nbsp;&nbsp;&nbsp;&nbsp; En lo que respecta al<br \/>\nCampeonato por Edades para chicos y chicas federados en la provincia de Toledo,<br \/>\ntambi\u00e9n es de destacar los resultados obtenidos por nuestros jugadores en la<br \/>\ncategor\u00eda sub-18, como \u00fanica competici\u00f3n celebrada independientemente del<br \/>\nEscolar. <\/span><\/div>\n<table cellpadding=\"0\" cellspacing=\"0\" class=\"tr-caption-container\" style=\"float: right;margin-left: 1em;text-align: right\">\n<tbody>\n<tr>\n<td style=\"text-align: center\"><a href=\"https:\/\/www.bfv.cloud\/ajedrezeuropa\/wp-content\/uploads\/2013\/02\/fotostoledodep.edadescolar044-1.jpg\" style=\"clear: right;margin-bottom: 1em;margin-left: auto;margin-right: auto\"><img loading=\"lazy\" decoding=\"async\" border=\"0\" height=\"240\" src=\"https:\/\/blogger.googleusercontent.com\/img\/b\/R29vZ2xl\/AVvXsEjLSmxSYrr1TT2-6vxy249GHwyTIyFaC1u3TOD2o-IkL7FcXyaE70rMQev3iJ0mZEHfHyFbHDxabbti4qPuwRQ6jUN41-YT2xW2d98q_AMZzrwkxvymubCu6GdC27bVnWu2xb06BtROPQ4\/s320\/fotos+toledo+dep.+edad+escolar+044.jpg\" width=\"320\" \/><\/a><\/td>\n<\/tr>\n<tr>\n<td class=\"tr-caption\" style=\"text-align: center\">Una imagen de nuestros jugadores sub-18<\/td>\n<\/tr>\n<\/tbody>\n<\/table>\n<div class=\"MsoBodyText\" style=\"text-align: left\">\n<span style=\"color: #660000;font-family: Trebuchet MS, sans-serif\">&nbsp;&nbsp;&nbsp;&nbsp;&nbsp;&nbsp;&nbsp;&nbsp; Para poneros en situaci\u00f3n<br \/>\nde todas las clasificaciones provisionales, detallamos los resultados de las<br \/>\ncategor\u00edas en las que tenemos representaci\u00f3n:<\/span><\/div>\n<div class=\"MsoBodyText\" style=\"text-align: center\">\n<u><span style=\"color: #660000;font-family: Trebuchet MS, sans-serif\"><b>Sub-18 <\/b><\/span><\/u><\/div>\n<div class=\"MsoBodyText\" style=\"text-align: center\">\n<u><span style=\"color: #660000;font-family: Trebuchet MS, sans-serif\">(tras 4 rondas del total de 5)<\/span><\/u><\/div>\n<div class=\"MsoBodyText\" style=\"text-align: center\">\n<span style=\"color: #660000;font-family: Trebuchet MS, sans-serif\">1\u00ba.- Jorge Sim\u00f3n, 3 \u00bd<br \/>\npuntos.<\/span><\/div>\n<div class=\"MsoBodyText\" style=\"text-align: center\">\n<span style=\"color: #660000;font-family: Trebuchet MS, sans-serif\">2\u00ba.- Daniel P\u00edriz, 3<br \/>\npuntos.<\/span><\/div>\n<div class=\"MsoBodyText\" style=\"text-align: center\">\n<span style=\"color: #660000;font-family: Trebuchet MS, sans-serif\">4\u00ba.- Jes\u00fas M\u00aa Bricio, 2 \u00bd<br \/>\npuntos.<\/span><\/div>\n<div class=\"MsoBodyText\" style=\"text-align: center\">\n<span style=\"color: #660000;font-family: Trebuchet MS, sans-serif\">9\u00ba.- Rub\u00e9n Escribano, 1<br \/>\npunto.<\/span><\/div>\n<div class=\"MsoBodyText\" style=\"text-align: center\">\n<\/div>\n<div class=\"MsoBodyText\" style=\"text-align: center\">\n<u><span style=\"color: #660000;font-family: Trebuchet MS, sans-serif\"><b>Sub-16 masculino<\/b><\/span><\/u><\/div>\n<div class=\"MsoBodyText\" style=\"text-align: center\">\n<u><span style=\"color: #660000;font-family: Trebuchet MS, sans-serif\">(tras 5 rondas del total de 6)<\/span><\/u><\/div>\n<div class=\"MsoBodyText\" style=\"text-align: center\">\n<span style=\"color: #660000;font-family: Trebuchet MS, sans-serif\">1\u00ba.- Isaac Lozano, 4<br \/>\n\u00bd&nbsp; puntos.<\/span><\/div>\n<div class=\"MsoBodyText\" style=\"text-align: center\">\n<span style=\"color: #660000;font-family: Trebuchet MS, sans-serif\">8\u00ba.- Ra\u00fal D\u00edaz, 2 puntos.<\/span><\/div>\n<div class=\"MsoBodyText\" style=\"text-align: center\">\n<span style=\"color: #660000;font-family: Trebuchet MS, sans-serif\">9\u00ba.- Jos\u00e9 Luis D\u00edaz, 2<br \/>\npuntos.<\/span><\/div>\n<div class=\"MsoBodyText\" style=\"text-align: center\">\n<u><span style=\"color: #660000;font-family: Trebuchet MS, sans-serif\"><b>Sub-16 femenina<\/b><\/span><\/u><\/div>\n<div class=\"MsoBodyText\" style=\"text-align: center\">\n<span style=\"color: #660000;font-family: Trebuchet MS, sans-serif\">2\u00aa.- Silvia Toribio, 3<br \/>\n\u00bd&nbsp; puntos.<\/span><\/div>\n<div class=\"MsoBodyText\" style=\"text-align: center\">\n<\/div>\n<table cellpadding=\"0\" cellspacing=\"0\" class=\"tr-caption-container\" style=\"float: left;margin-right: 1em;text-align: left\">\n<tbody>\n<tr>\n<td style=\"text-align: center\"><a href=\"https:\/\/www.bfv.cloud\/ajedrezeuropa\/wp-content\/uploads\/2013\/02\/fotostoledodep.edadescolar039-1.jpg\" style=\"clear: left;margin-bottom: 1em;margin-left: auto;margin-right: auto\"><img loading=\"lazy\" decoding=\"async\" border=\"0\" height=\"320\" src=\"https:\/\/blogger.googleusercontent.com\/img\/b\/R29vZ2xl\/AVvXsEjMFD2iRqMcwb8ySbKytSVo-fBlfAZKQ63Nk9C5B2uyYa0AjNYLyL4tYUWKwT_j00jUSgxLFc4YA8YVb91GTiNGx4-GUHb08jim3U6k5l79ci-TjzOuFscq7GM1tTep9aOC0fRT6z7_31Y\/s320\/fotos+toledo+dep.+edad+escolar+039.jpg\" width=\"269\" \/><\/a><\/td>\n<\/tr>\n<tr>\n<td class=\"tr-caption\" style=\"text-align: center\">Alba, alcanza su mejor clasificaci\u00f3n en un<br \/>\nEscolar Provincial<\/td>\n<\/tr>\n<\/tbody>\n<\/table>\n<div class=\"MsoBodyText\" style=\"text-align: center\">\n<u><span style=\"color: #660000;font-family: Trebuchet MS, sans-serif\">Sub-14 femenina<\/span><\/u><\/div>\n<div class=\"MsoBodyText\" style=\"text-align: center\">\n<u><span style=\"color: #660000;font-family: Trebuchet MS, sans-serif\">(tras 7 rondas del total de 8)<\/span><\/u><\/div>\n<div class=\"MsoBodyText\" style=\"text-align: center\">\n<span style=\"color: #660000;font-family: Trebuchet MS, sans-serif\">1\u00aa.- Irene Sim\u00f3n, 6<br \/>\npuntos.<\/span><\/div>\n<div class=\"MsoBodyText\" style=\"text-align: center\">\n<span style=\"color: #660000;font-family: Trebuchet MS, sans-serif\">2\u00aa.- Alba P\u00edriz, 5<br \/>\npuntos.<\/span><\/div>\n<div class=\"MsoBodyText\" style=\"text-align: center\">\n<\/div>\n<div class=\"MsoBodyText\" style=\"text-align: center\">\n<u><span style=\"color: #660000;font-family: Trebuchet MS, sans-serif\"><b>Sub-12 masculino<\/b><\/span><\/u><\/div>\n<div class=\"MsoBodyText\" style=\"text-align: center\">\n<u><span style=\"color: #660000;font-family: Trebuchet MS, sans-serif\">(tras 7 rondas del total de 8)<\/span><\/u><\/div>\n<div class=\"MsoBodyText\" style=\"text-align: center\">\n<span style=\"color: #660000;font-family: Trebuchet MS, sans-serif\">5\u00ba.- Iv\u00e1n Valencia, 4 \u00bd<br \/>\npuntos.<\/span><\/div>\n<div class=\"MsoBodyText\" style=\"text-align: center\">\n<\/div>\n<div class=\"MsoBodyText\" style=\"text-align: center\">\n<u><span style=\"color: #660000;font-family: Trebuchet MS, sans-serif\"><b>Sub-10 masculino<\/b><\/span><\/u><\/div>\n<div class=\"MsoBodyText\" style=\"text-align: center\">\n<u><span style=\"color: #660000;font-family: Trebuchet MS, sans-serif\">(tras 7 rondas del total de 8)<\/span><\/u><\/div>\n<div class=\"MsoBodyText\" style=\"text-align: center\">\n<span style=\"color: #660000;font-family: Trebuchet MS, sans-serif\">6\u00ba.- \u00d3scar Roncero, 3<br \/>\npuntos.<\/span><\/div>\n<div class=\"MsoBodyText\" style=\"text-align: center\">\n<u><span style=\"color: #660000;font-family: Trebuchet MS, sans-serif\"><b>Sub-10 femenina<\/b><\/span><\/u><\/div>\n<div class=\"MsoBodyText\" style=\"text-align: center\">\n<span style=\"color: #660000;font-family: Trebuchet MS, sans-serif\">1\u00aa.- Mar\u00eda Oliver, 3 \u00bd<br \/>\npuntos.<\/span><span style=\"color: blue\"><\/span><\/div>\n<table cellpadding=\"0\" cellspacing=\"0\" class=\"tr-caption-container\" style=\"float: right;margin-left: 1em;text-align: right\">\n<tbody>\n<tr>\n<td style=\"text-align: center\"><a href=\"https:\/\/www.bfv.cloud\/ajedrezeuropa\/wp-content\/uploads\/2013\/02\/DEPORTEEDADESCOLARTOLEDO2013005.jpg\" style=\"clear: right;margin-bottom: 1em;margin-left: auto;margin-right: auto\"><img loading=\"lazy\" decoding=\"async\" border=\"0\" height=\"320\" src=\"https:\/\/blogger.googleusercontent.com\/img\/b\/R29vZ2xl\/AVvXsEiZaE96DEw46Ta2a5PqsTL6PiHUiWgq9x_ESOVj8Kio-I4QrD9kneymbmPNA1lcNpJ_En52JkfPlheBHsHQgWDsePwzBQE8BsLXaTG6yGGfDgtoogTsn0105fQw-EF4f_6_sVKLMyq4d9c\/s320\/DEPORTE+EDAD+ESCOLAR+TOLEDO+2013+005.jpg\" width=\"271\" \/><\/a><\/td>\n<\/tr>\n<tr>\n<td class=\"tr-caption\" style=\"text-align: center\">Mar\u00eda lidera el sub-10 femenino<\/td>\n<\/tr>\n<\/tbody>\n<\/table>\n<h1>\n<span style=\"color: blue\">&nbsp;<\/span><\/h1>\n<table cellpadding=\"0\" cellspacing=\"0\" class=\"tr-caption-container\" style=\"float: left;margin-right: 1em;text-align: left\">\n<tbody>\n<tr>\n<td style=\"text-align: center\"><a href=\"https:\/\/www.bfv.cloud\/ajedrezeuropa\/wp-content\/uploads\/2013\/02\/DEPORTEEDADESCOLARTOLEDO2013009.jpg\" style=\"clear: left;margin-bottom: 1em;margin-left: auto;margin-right: auto\"><img loading=\"lazy\" decoding=\"async\" border=\"0\" height=\"270\" src=\"https:\/\/blogger.googleusercontent.com\/img\/b\/R29vZ2xl\/AVvXsEguo-czVLDd5IKl28DHuDxPoJknT4fEGaOa2zSap2zEsgSRAH1OtID9y9QkBzTxQjGaOTYwOL1OCMKdysV2AVIqqS0VnlRp_SlBfZau8qXL0_uPJGLjZv97Wuf1RKsXSzUEardko4wbKPg\/s320\/DEPORTE+EDAD+ESCOLAR+TOLEDO+2013+009.jpg\" width=\"320\" \/><\/a><\/td>\n<\/tr>\n<tr>\n<td class=\"tr-caption\" style=\"text-align: center\">\u00d3scar suma 3 puntos despu\u00e9s de vencer en la 6\u00aa ronda<\/td>\n<\/tr>\n<\/tbody>\n<\/table>\n<h1 style=\"text-align: center\">\n<span style=\"color: blue;font-size: 14pt\"><u><span style=\"font-family: Verdana, sans-serif\"><br \/><\/span><\/u><\/span><\/h1>\n<h1 style=\"text-align: center\">\n<span style=\"color: blue;font-size: 14pt\"><u><span style=\"font-family: Verdana, sans-serif\"><br \/><\/span><\/u><\/span><\/h1>\n<h1 style=\"text-align: center\">\n<span style=\"color: blue;font-size: 14pt\"><u><span style=\"font-family: Verdana, sans-serif\"><br \/><\/span><\/u><\/span><\/h1>\n<h1 style=\"text-align: center\">\n<span style=\"color: blue;font-size: 14pt\"><u><span style=\"font-family: Verdana, sans-serif\"><br \/><\/span><\/u><\/span><\/h1>\n<h1 style=\"text-align: center\">\n<span style=\"color: blue;font-size: 14pt\"><u><span style=\"font-family: Verdana, sans-serif\"><br \/><\/span><\/u><\/span><\/h1>\n<h1 style=\"text-align: center\">\n<span style=\"color: blue;font-size: 14pt\"><u><span style=\"font-family: Verdana, sans-serif\"><br \/><\/span><\/u><\/span><\/h1>\n<h1 style=\"text-align: center\">\n<span style=\"color: blue;font-size: 14pt\"><u><span style=\"font-family: Verdana, sans-serif\"><br \/><\/span><\/u><\/span><\/h1>\n<h1 style=\"text-align: center\">\n<span style=\"color: blue;font-size: 14pt\"><u><span style=\"font-family: Verdana, sans-serif\">DEPORTE EN EDAD ESCOLAR DE CIUDAD REAL<\/span><\/u><span style=\"font-family: Century Gothic, sans-serif\"><\/span><\/span><\/h1>\n<div align=\"left\" class=\"MsoBodyText\">\n<span style=\"color: blue\"><span style=\"font-family: Verdana, sans-serif\">Completando la informaci\u00f3n de todas las competiciones<br \/>\nen las que estamos participando, facilitamos las clasificaciones provisionales<br \/>\ndel Deporte en Edad Escolar de Ciudad Real. Debemos puntualizar que Cosimo<br \/>\nLeonardo de Giorgi ya es campe\u00f3n de la categor\u00eda cadete a falta de una partida,<br \/>\nmientras que en la infantil todav\u00eda quedan posibilidades de clasificaci\u00f3n para<br \/>\nla fase regional a Javier Valdepe\u00f1as, Marta Espinosa e Isabel Marcos-Alberca: <\/span><\/span><\/div>\n<div class=\"MsoNormal\" style=\"text-align: justify\">\n<\/div>\n<div class=\"MsoBodyText\" style=\"text-align: center\">\n<u><span style=\"color: blue\"><span style=\"font-family: Verdana, sans-serif\"><b>Categor\u00eda Cadete<\/b><\/span><\/span><\/u><\/div>\n<div class=\"MsoBodyText\" style=\"text-align: center\">\n<span style=\"font-family: Verdana, sans-serif\"><u><span style=\"color: blue\">(disputadas 5 de las 6<br \/>\nrondas):<\/span><\/u><span style=\"color: blue\">&nbsp;&nbsp;&nbsp;&nbsp;&nbsp;&nbsp;&nbsp;&nbsp; <u><\/u><\/span><\/span><\/div>\n<div align=\"center\" class=\"MsoNormal\" style=\"text-align: center\">\n<span style=\"color: blue\"><span style=\"font-family: Verdana, sans-serif\">1\u00ba.- Cosimo Leonardo de Giorgi, 4 \u00bd puntos.<\/span><\/span><\/div>\n<div class=\"MsoNormal\" style=\"text-align: justify\">\n<\/div>\n<div class=\"MsoBodyText\" style=\"text-align: center\">\n<u><span style=\"color: blue\"><span style=\"font-family: Verdana, sans-serif\"><b>Categor\u00eda Infantil masculina<\/b><\/span><\/span><\/u><\/div>\n<div class=\"MsoBodyText\" style=\"text-align: center\">\n<span style=\"font-family: Verdana, sans-serif\"><u><span style=\"color: blue\">(disputadas 6 de las 8 rondas):<\/span><\/u><u><span style=\"color: blue\"> <\/span><\/u><\/span><\/div>\n<div align=\"center\" class=\"MsoNormal\" style=\"text-align: center\">\n<span style=\"color: blue\"><span style=\"font-family: Verdana, sans-serif\"><i>7\u00ba.- Javier Valdepe\u00f1as, 4 \u00bd puntos.<\/i><\/span><\/span><\/div>\n<div align=\"center\" class=\"MsoNormal\" style=\"text-align: center\">\n<i style=\"color: blue;font-family: Verdana, sans-serif\">12\u00ba.- Julio M\u00e9rida, 4 puntos.<\/i><\/div>\n<div align=\"center\" class=\"MsoNormal\" style=\"text-align: center\">\n<i style=\"color: blue;font-family: Verdana, sans-serif\">15\u00ba.- Samuel Ortiz, 4 puntos.<\/i><\/div>\n<div align=\"center\" class=\"MsoNormal\" style=\"margin-left: 18.0pt;text-align: center\">\n<span style=\"color: blue\"><span style=\"font-family: Verdana, sans-serif\"><i>24\u00ba.- Enrique Velasco, 4 puntos.<\/i><\/span><\/span><\/div>\n<div align=\"center\" class=\"MsoNormal\" style=\"margin-left: 18.0pt;text-align: center\">\n<span style=\"color: blue\"><span style=\"font-family: Verdana, sans-serif\"><i>31\u00ba.- Arturo Mate, 3 puntos.<\/i><\/span><\/span><\/div>\n<div align=\"center\" class=\"MsoNormal\" style=\"margin-left: 18.0pt;text-align: center\">\n<span style=\"color: blue\"><span style=\"font-family: Verdana, sans-serif\"><i>43\u00ba.- Pablo Vela, 2 \u00bd puntos.<\/i><\/span><\/span><\/div>\n<div align=\"center\" class=\"MsoNormal\" style=\"margin-left: 18.0pt;text-align: center\">\n<span style=\"color: blue\"><span style=\"font-family: Verdana, sans-serif\"><i>47\u00ba.- \u00c1lvaro S\u00e1nchez-Mateos, 2 puntos. <\/i><\/span><\/span><\/div>\n<div align=\"center\" class=\"MsoNormal\" style=\"margin-left: 18.0pt;text-align: center\">\n<span style=\"color: blue\"><span style=\"font-family: Verdana, sans-serif\"><i>58\u00ba.- Javier P\u00e1ramo, 2 puntos.<\/i><\/span><\/span><\/div>\n<div class=\"MsoBodyText\" style=\"text-align: center\">\n<span style=\"color: blue\"><span style=\"font-family: Verdana, sans-serif\">&nbsp;&nbsp;&nbsp; <u><b>Categor\u00eda Infantil femenina<\/b><\/u><\/span><\/span><\/div>\n<div align=\"center\" class=\"MsoNormal\" style=\"margin-left: 18.0pt;text-align: center\">\n<span style=\"font-family: Verdana, sans-serif\"><u><span style=\"color: blue\">(disputadas 6 de las 8 rondas):<\/span><\/u><b><span style=\"color: blue\"><\/span><\/b><\/span><\/div>\n<div align=\"center\" class=\"MsoNormal\" style=\"margin-left: 18.0pt;text-align: center\">\n<span style=\"color: blue\"><span style=\"font-family: Verdana, sans-serif\">3\u00aa.- Marta Espinosa, 4 puntos.<\/span><\/span><\/div>\n<div align=\"center\" class=\"MsoNormal\" style=\"margin-left: 18.0pt;text-align: center\">\n<span style=\"color: blue\"><span style=\"font-family: Verdana, sans-serif\">5\u00aa.- Isabel Marcos-Alberca, 4 puntos.<\/span><\/span><\/div>\n<div align=\"center\" class=\"MsoNormal\" style=\"margin-left: 18.0pt;text-align: center\">\n<span style=\"color: blue\"><span style=\"font-family: Verdana, sans-serif\">14\u00aa.- Julia Meza, 2 \u00bd puntos.<\/span><\/span><\/div>\n<div align=\"center\" class=\"MsoNormal\" style=\"margin-left: 18.0pt;text-align: center\">\n<span style=\"color: blue\"><span style=\"font-family: Verdana, sans-serif\">20\u00aa.- Gracia Ortiz, 2 puntos.<\/span><span style=\"font-family: Century Gothic, sans-serif;font-size: 14pt\"><\/span><\/span><\/div>\n<div align=\"center\" class=\"MsoNormal\" style=\"margin-left: 18.0pt;text-align: center\">\n<span style=\"color: blue\"><span style=\"font-family: Verdana, sans-serif\"><br \/><\/span><\/span><\/div>\n<div class=\"MsoNormal\" style=\"margin-left: 18pt;text-align: left\">\n<span style=\"font-family: Verdana, sans-serif\">A continuaci\u00f3n os dejamos todos los enlaces para seguir los resultados de las \u00faltimas partidas:<\/span><br \/>\n<span style=\"font-family: Verdana, sans-serif\"><br \/><\/span><\/div>\n<div class=\"MsoNormal\" style=\"margin-left: 18pt;text-align: center\">\n<span style=\"font-family: Verdana, sans-serif\"><a href=\"http:\/\/chess-results.com\/tnr90012.aspx?art=2&amp;rd=8&amp;lan=2&amp;wi=821\"><span style=\"color: #134f5c\">ESCOLAR INFANTIL DE TOLEDO 2013<\/span><\/a><\/span><\/div>\n<div class=\"MsoNormal\" style=\"margin-left: 18pt;text-align: center\">\n<span style=\"color: #274e13\"><br \/><\/span><\/div>\n<div class=\"MsoNormal\" style=\"margin-left: 18pt;text-align: center\">\n<span style=\"color: #741b47;font-family: Verdana, sans-serif\"><a href=\"http:\/\/chess-results.com\/tnr90013.aspx?art=2&amp;rd=6&amp;lan=2&amp;wi=821\">ESCOLAR CADETE DE TOLEDO 2013<\/a><\/span><\/div>\n<div class=\"MsoNormal\" style=\"margin-left: 18pt;text-align: center\">\n<\/div>\n<div class=\"MsoNormal\" style=\"margin-left: 18pt;text-align: center\">\n<span style=\"color: #274e13;font-family: Verdana, sans-serif\"><a href=\"http:\/\/chess-results.com\/tnr90824.aspx?art=2&amp;rd=5&amp;lan=2&amp;wi=821\">SUB-18 DE TOLEDO 2013<\/a><\/span><\/div>\n<div class=\"MsoNormal\" style=\"margin-left: 18pt;text-align: center\">\n<\/div>\n<div class=\"MsoNormal\" style=\"margin-left: 18pt;text-align: center\">\n<span style=\"color: orange;font-family: Verdana, sans-serif\"><a href=\"http:\/\/chess-results.com\/tnr89471.aspx?art=1&amp;rd=6&amp;lan=2&amp;wi=821\">ESCOLAR INFANTIL CIUDAD REAL 2013<\/a><\/span><\/div>\n<div class=\"MsoNormal\" style=\"margin-left: 18pt;text-align: center\">\n<\/div>\n<div class=\"MsoNormal\" style=\"margin-left: 18pt;text-align: center\">\n<a href=\"http:\/\/chess-results.com\/tnr89470.aspx?art=1&amp;rd=5&amp;lan=2&amp;wi=821\"><span style=\"color: orange;font-family: Verdana, sans-serif\">ESCOLAR CADETE CIUDAD REAL 2013<\/span><\/a><\/div>\n<\/div>\n","protected":false},"excerpt":{"rendered":"<p>LOS ESCOLARES DE CIUDAD REAL Y TOLEDO NOS DAN LOS MEJORES RESULTADOS DE NUESTRO AJEDREZ, A FALTA DE LAS JORNADAS FINALES Isaac y Silvia durante su \u00faltima partida Con 2 t\u00edtulos de campeones asegurados, los correspondientes al cadete de Ciudad Real y al infantil femenino de Toledo, m\u00e1s los otros 2 que otorga el cadete [&hellip;]<\/p>\n","protected":false},"author":1,"featured_media":1104,"comment_status":"open","ping_status":"closed","sticky":false,"template":"","format":"standard","meta":{"footnotes":""},"categories":[1],"tags":[],"class_list":["post-1103","post","type-post","status-publish","format-standard","has-post-thumbnail","hentry","category-noticias"],"_links":{"self":[{"href":"https:\/\/www.bfv.cloud\/ajedrezeuropa\/wp-json\/wp\/v2\/posts\/1103","targetHints":{"allow":["GET"]}}],"collection":[{"href":"https:\/\/www.bfv.cloud\/ajedrezeuropa\/wp-json\/wp\/v2\/posts"}],"about":[{"href":"https:\/\/www.bfv.cloud\/ajedrezeuropa\/wp-json\/wp\/v2\/types\/post"}],"author":[{"embeddable":true,"href":"https:\/\/www.bfv.cloud\/ajedrezeuropa\/wp-json\/wp\/v2\/users\/1"}],"replies":[{"embeddable":true,"href":"https:\/\/www.bfv.cloud\/ajedrezeuropa\/wp-json\/wp\/v2\/comments?post=1103"}],"version-history":[{"count":1,"href":"https:\/\/www.bfv.cloud\/ajedrezeuropa\/wp-json\/wp\/v2\/posts\/1103\/revisions"}],"predecessor-version":[{"id":1112,"href":"https:\/\/www.bfv.cloud\/ajedrezeuropa\/wp-json\/wp\/v2\/posts\/1103\/revisions\/1112"}],"wp:featuredmedia":[{"embeddable":true,"href":"https:\/\/www.bfv.cloud\/ajedrezeuropa\/wp-json\/wp\/v2\/media\/1104"}],"wp:attachment":[{"href":"https:\/\/www.bfv.cloud\/ajedrezeuropa\/wp-json\/wp\/v2\/media?parent=1103"}],"wp:term":[{"taxonomy":"category","embeddable":true,"href":"https:\/\/www.bfv.cloud\/ajedrezeuropa\/wp-json\/wp\/v2\/categories?post=1103"},{"taxonomy":"post_tag","embeddable":true,"href":"https:\/\/www.bfv.cloud\/ajedrezeuropa\/wp-json\/wp\/v2\/tags?post=1103"}],"curies":[{"name":"wp","href":"https:\/\/api.w.org\/{rel}","templated":true}]}}