{"id":1113,"date":"2015-10-15T13:49:00","date_gmt":"2015-10-15T13:49:00","guid":{"rendered":"https:\/\/www.bfv.cloud\/ajedrezeuropa\/index.php\/2015\/10\/15\/la-escuela-de-ajedrez-de-alcazar-se-traslada-al-cij-covadonga-a-partir-del-7-de-noviembre\/"},"modified":"2025-11-20T10:26:36","modified_gmt":"2025-11-20T10:26:36","slug":"la-escuela-de-ajedrez-de-alcazar-se-traslada-al-cij-covadonga-a-partir-del-7-de-noviembre","status":"publish","type":"post","link":"https:\/\/www.bfv.cloud\/ajedrezeuropa\/la-escuela-de-ajedrez-de-alcazar-se-traslada-al-cij-covadonga-a-partir-del-7-de-noviembre\/","title":{"rendered":"LA ESCUELA DE AJEDREZ DE ALC\u00c1ZAR SE TRASLADA AL \u00abCIJ COVADONGA\u00bb A PARTIR DEL 7 DE NOVIEMBRE"},"content":{"rendered":"<div class=\"separator\" style=\"clear: both;text-align: center\">\n<a href=\"https:\/\/www.bfv.cloud\/ajedrezeuropa\/wp-content\/uploads\/2015\/10\/cartelcambioalacovadonga.jpg\" style=\"clear: right;float: right;margin-bottom: 1em;margin-left: 1em\"><img fetchpriority=\"high\" decoding=\"async\" border=\"0\" height=\"640\" src=\"https:\/\/blogger.googleusercontent.com\/img\/b\/R29vZ2xl\/AVvXsEiTDGN26A31R8FhZdemyKQ2mdPjCuUAMF4pWDjuk4VSCFZYMXZwlu4yJvOywqKBczfvMRqmtZJZjXgMJM5AbAUNlV3hhcXKv82uSM26mKBgpIyTRyWe1OL1AVIaoRZDBoqng0X9oP2k6H8\/s640\/cartel+cambio+a+la+covadonga.jpg\" width=\"432\" \/><\/a><\/div>\n<h3>\n<u style=\"font-family: Georgia, 'Times New Roman', serif\">Un cambio necesario<\/u><\/h3>\n<div>\n<span style=\"font-family: Georgia, Times New Roman, serif\"><b>El espectacular crecimiento de la Escuela de Ajedrez de Alc\u00e1zar de San Juan, que ha pasado de 30 alumnos de la pasada temporada a los 50 de la actual, nos ha obligado a tener que buscar una nueva sede para las clases que permita disponer de al menos 3 aulas simult\u00e1neamente para cada grupo formativo. A lo largo de 13 a\u00f1os el local de la calle Independencia nos ha acompa\u00f1ado en el renacimiento del ajedrez en Alc\u00e1zar, recorriendo juntos el camino desde unos modestos inicios con poco m\u00e1s de 15 alumnos hasta la actualidad. Por su parte, el \u00abCIJ COVADONGA\u00bb es un viejo conocido para nuestro proyecto, no en vano las 8 ediciones celebradas del campus de verano se han desarrollado en este famoso edificio. Este nuevo v\u00ednculo ampl\u00eda y completa la estrecha relaci\u00f3n entre NUESTRO AJEDREZ EN EUROPA y los espacios que dan cabida a la cultura, la ense\u00f1anza y la juventud en Alc\u00e1zar y Villafranca.&nbsp;<\/b><\/span><\/div>\n<div>\n<h3>\n<span style=\"font-family: Georgia, Times New Roman, serif\"><u>A partir del s\u00e1bado 7 de noviembre en el \u00abCIJ COVADONGA\u00bb<\/u><\/span><\/h3>\n<\/div>\n<div>\n<table cellpadding=\"0\" cellspacing=\"0\" class=\"tr-caption-container\" style=\"clear: left;float: left;margin-bottom: 1em;text-align: right\">\n<tbody>\n<tr>\n<td style=\"text-align: center\"><a href=\"https:\/\/www.bfv.cloud\/ajedrezeuropa\/wp-content\/uploads\/2015\/10\/01_exterior.jpg\" style=\"clear: right;margin-bottom: 1em;margin-left: auto;margin-right: auto\"><img decoding=\"async\" border=\"0\" height=\"227\" src=\"https:\/\/blogger.googleusercontent.com\/img\/b\/R29vZ2xl\/AVvXsEgQZ1IpUOUif16eTpHXh_9qGM7ZhSSXMtHSaf-3r0DlOrElpuNEx34ykZBljlhO3niQ-onke7ilUquY539N-DEZy4pRPm4cq1ygh1-_1RzOgMPebgKMLRe16Jgf5Tfkznw2y66aTyUVhMk\/s400\/01_exterior.JPG\" width=\"400\" \/><\/a><\/td>\n<\/tr>\n<tr>\n<td class=\"tr-caption\" style=\"text-align: center\">Una imagen del Centro Joven de Creaci\u00f3n Art\u00edsitica \u00abCOVADONGA\u00bb<\/td>\n<\/tr>\n<\/tbody>\n<\/table>\n<p><span style=\"font-family: Georgia, Times New Roman, serif\"><b>La elecci\u00f3n del Centro Joven de Creaci\u00f3n Art\u00edstica Covadonga para acoger la Escuela Deportiva Municipal de Ajedrez alcazare\u00f1a ha llegado tras valorar otros lugares disponibles, pero la experiencia tan positiva de los campus y la disponibilidad y colaboraci\u00f3n de las responsables del Centro y de la Concejal\u00eda de Juventud han favorecido que este proceso haya sido muy breve y sencillo. Solamente la finalizaci\u00f3n de las obras en las que se encuentra el edificio ha retrasado el traslado. <span style=\"color: #660000\"><u>De esta forma, ser\u00e1 a&nbsp;<\/u><\/span><\/b><\/span><b style=\"font-family: Georgia, 'Times New Roman', serif\"><span style=\"color: #660000\"><u>partir del s\u00e1bado 7 de noviembre cuando se iniciar\u00e1n las clases en el CIJ COVADONGA<\/u><\/span>. All\u00ed os esperamos a todos los chicos y chicas que quer\u00e1is conocer el apasionante mundo del ajedrez.<\/b><\/div>\n<div>\n<b style=\"font-family: Georgia, 'Times New Roman', serif\"><br \/><\/b><\/div>\n<div class=\"separator\" style=\"clear: both;text-align: center\">\n<a href=\"https:\/\/www.bfv.cloud\/ajedrezeuropa\/wp-content\/uploads\/2015\/10\/DSC_0109.jpg\" style=\"margin-left: 1em;margin-right: 1em\"><img decoding=\"async\" border=\"0\" height=\"254\" src=\"https:\/\/blogger.googleusercontent.com\/img\/b\/R29vZ2xl\/AVvXsEgbmAfmhpuR6W2Z-Fk2ApvkSnt6gOCTDaT05jBtwhWyZc5KQZd5Hg9Lw3GqOULD0E_MhhNhPffYYbg2iJ4fpma5S7Ogf3zKwsBC662ZaTkBDptgcnd8FdDelyYpiURQHLNSedsS7RUMrUU\/s640\/DSC_0109.JPG\" width=\"640\" \/><\/a><\/div>\n<div style=\"text-align: center\">\n<b style=\"font-family: Georgia, 'Times New Roman', serif\"><br \/><\/b><\/div>\n","protected":false},"excerpt":{"rendered":"<p>Un cambio necesario El espectacular crecimiento de la Escuela de Ajedrez de Alc\u00e1zar de San Juan, que ha pasado de 30 alumnos de la pasada temporada a los 50 de la actual, nos ha obligado a tener que buscar una nueva sede para las clases que permita disponer de al menos 3 aulas simult\u00e1neamente para [&hellip;]<\/p>\n","protected":false},"author":1,"featured_media":1114,"comment_status":"open","ping_status":"closed","sticky":false,"template":"","format":"standard","meta":{"footnotes":""},"categories":[1],"tags":[],"class_list":["post-1113","post","type-post","status-publish","format-standard","has-post-thumbnail","hentry","category-noticias"],"_links":{"self":[{"href":"https:\/\/www.bfv.cloud\/ajedrezeuropa\/wp-json\/wp\/v2\/posts\/1113","targetHints":{"allow":["GET"]}}],"collection":[{"href":"https:\/\/www.bfv.cloud\/ajedrezeuropa\/wp-json\/wp\/v2\/posts"}],"about":[{"href":"https:\/\/www.bfv.cloud\/ajedrezeuropa\/wp-json\/wp\/v2\/types\/post"}],"author":[{"embeddable":true,"href":"https:\/\/www.bfv.cloud\/ajedrezeuropa\/wp-json\/wp\/v2\/users\/1"}],"replies":[{"embeddable":true,"href":"https:\/\/www.bfv.cloud\/ajedrezeuropa\/wp-json\/wp\/v2\/comments?post=1113"}],"version-history":[{"count":1,"href":"https:\/\/www.bfv.cloud\/ajedrezeuropa\/wp-json\/wp\/v2\/posts\/1113\/revisions"}],"predecessor-version":[{"id":1117,"href":"https:\/\/www.bfv.cloud\/ajedrezeuropa\/wp-json\/wp\/v2\/posts\/1113\/revisions\/1117"}],"wp:featuredmedia":[{"embeddable":true,"href":"https:\/\/www.bfv.cloud\/ajedrezeuropa\/wp-json\/wp\/v2\/media\/1114"}],"wp:attachment":[{"href":"https:\/\/www.bfv.cloud\/ajedrezeuropa\/wp-json\/wp\/v2\/media?parent=1113"}],"wp:term":[{"taxonomy":"category","embeddable":true,"href":"https:\/\/www.bfv.cloud\/ajedrezeuropa\/wp-json\/wp\/v2\/categories?post=1113"},{"taxonomy":"post_tag","embeddable":true,"href":"https:\/\/www.bfv.cloud\/ajedrezeuropa\/wp-json\/wp\/v2\/tags?post=1113"}],"curies":[{"name":"wp","href":"https:\/\/api.w.org\/{rel}","templated":true}]}}