{"id":1118,"date":"2016-07-17T17:12:00","date_gmt":"2016-07-17T17:12:00","guid":{"rendered":"https:\/\/www.bfv.cloud\/ajedrezeuropa\/index.php\/2016\/07\/17\/el-sub-14-de-espana-se-completa-con-buenos-resultados-para-alfredo-e-isabel\/"},"modified":"2025-11-20T10:26:39","modified_gmt":"2025-11-20T10:26:39","slug":"el-sub-14-de-espana-se-completa-con-buenos-resultados-para-alfredo-e-isabel","status":"publish","type":"post","link":"https:\/\/www.bfv.cloud\/ajedrezeuropa\/el-sub-14-de-espana-se-completa-con-buenos-resultados-para-alfredo-e-isabel\/","title":{"rendered":"EL SUB-14 DE ESPA\u00d1A SE COMPLETA CON BUENOS RESULTADOS PARA ALFREDO E ISABEL"},"content":{"rendered":"<table cellpadding=\"0\" cellspacing=\"0\" class=\"tr-caption-container\" style=\"float: right;margin-left: 1em;text-align: right\">\n<tbody>\n<tr>\n<td style=\"text-align: center\"><a href=\"https:\/\/www.bfv.cloud\/ajedrezeuropa\/wp-content\/uploads\/2016\/07\/FOTOCONJUNTAISABELYALFREDO.jpg\" style=\"clear: right;margin-bottom: 1em;margin-left: auto;margin-right: auto\"><img fetchpriority=\"high\" decoding=\"async\" border=\"0\" height=\"308\" src=\"https:\/\/blogger.googleusercontent.com\/img\/b\/R29vZ2xl\/AVvXsEhPXnpuFzXIoqMPyVygxPSTiaLETJAw0QMTX_rnCIyFcsJQCbUfz0xnnY-Jxh3q2JhHDx_06Yx5cm0qQUpisaTqN29rbqrYVHmExQzuI9wDBtkXfAAP8y7-WrE9LLtGBefp_HdOwVHwfJM\/s400\/FOTO+CONJUNTA+ISABEL+Y+ALFREDO.jpg\" width=\"400\" \/><\/a><\/td>\n<\/tr>\n<tr>\n<td class=\"tr-caption\" style=\"text-align: center\">Isabel y Alfredo han realizado una buena actuaci\u00f3n<\/td>\n<\/tr>\n<\/tbody>\n<\/table>\n<p>&nbsp;<span style=\", serif\"><b>Les corresponde a los jugadores sub-14 finalizar su paso por el Campeonato de Espa\u00f1a 2016. Despu\u00e9s de una semana de competici\u00f3n, con un total de 9 partidas disputadas, los dos jugadores de Nuestro Ajedrez en Europa avanzan con claridad en juego y resultados. <span style=\"color: blue\">Alfredo Amador And\u00fajar <\/span>consigue 5 puntos y mejora 24 posiciones su ranking inicial, sumando 1 punto m\u00e1s que los logrados el a\u00f1o pasado en la categor\u00eda sub-12. Para <span style=\"color: blue\">Isabel Marcos-Alberca Lizcano <\/span>llegar a los 3,5 puntos y mejorar 15 puestos su ranking&nbsp;tambi\u00e9n supone consolidar un trabajo de superaci\u00f3n personal. La evoluci\u00f3n positiva de <span style=\"color: blue\">Isabel<\/span> y <span style=\"color: blue\">Alfredo<\/span> en este torneo nacional de gran nivel es importante para ellos y tambi\u00e9n para los que seguimos creyendo en su potencial de crecimiento.<\/b><\/span><br \/>\n<span style=\", serif\"><b>En el torneo S-14 de r\u00e1pidas han participado los dos, acompa\u00f1ados de <span style=\"color: blue\">Gabriel Amador And\u00fajar<\/span>, hermano de Alfredo y jugador de la categor\u00eda sub-10.<\/b><\/span><br \/>\n<span style=\", serif\"><b><br \/><\/b><\/span><\/p>\n<table cellpadding=\"0\" cellspacing=\"0\" class=\"tr-caption-container\" style=\"float: left;margin-right: 1em;text-align: left\">\n<tbody>\n<tr>\n<td style=\"text-align: center\"><a href=\"https:\/\/www.bfv.cloud\/ajedrezeuropa\/wp-content\/uploads\/2016\/07\/13680950_1464153326943450_2090317784354196151_n.jpg\" style=\"clear: left;margin-bottom: 1em;margin-left: auto;margin-right: auto\"><img decoding=\"async\" border=\"0\" height=\"240\" src=\"https:\/\/blogger.googleusercontent.com\/img\/b\/R29vZ2xl\/AVvXsEiPiWRANNo7w2mjT8lEGEyqXUw6DHR29l1fTUryWku8iQniqsM753yQts1aCrvbKfvc3Nki5QP9KzJBVmvW2lAt0K3cuqKoKoJiACjJ9HA3TSC5SsHULH3pDT9p5i8XgvqXOqmlL3ocOUI\/s320\/13680950_1464153326943450_2090317784354196151_n.jpg\" width=\"320\" \/><\/a><\/td>\n<\/tr>\n<tr>\n<td class=\"tr-caption\" style=\"text-align: center\">Isaac en el torneo de Benasque 2016<\/td>\n<\/tr>\n<\/tbody>\n<\/table>\n<p><span style=\"color: #660000;font-family: georgia, times new roman, serif\"><b>En el Campeonato de Espa\u00f1a sub-16 que comienza ma\u00f1ana lunes, competir\u00e1n:<\/b><\/span><br \/>\n<span style=\"color: #660000;font-family: georgia, times new roman, serif\"><b>Roberto L\u00f3pez N\u00fa\u00f1ez e Isabel Marcos-Alberca Lizcano. Isabel y Roberto estar\u00e1n acompa\u00f1ados por su entrenador: Isaac Lozano Osorio, jugador del equipo absoluto de Nuestro Ajedrez en Europa, que viaja a Salobre\u00f1a como preparador de la expedici\u00f3n castellano-manchega. Isaac ha participado en el Torneo Internacional de Benasque donde ha conseguido 5,5 puntos sobre 10 posibles.&nbsp;<\/b><\/span><br \/>\n<span style=\"color: #660000;font-family: georgia, times new roman, serif\"><b>Seguiremos sus resultados y les deseamos un BUEN CAMPEONATO!!<\/b><\/span><\/p>\n<table align=\"center\" cellpadding=\"0\" cellspacing=\"0\" class=\"tr-caption-container\" style=\"margin-left: auto;margin-right: auto;text-align: center\">\n<tbody>\n<tr>\n<td style=\"text-align: center\"><a href=\"https:\/\/www.bfv.cloud\/ajedrezeuropa\/wp-content\/uploads\/2016\/07\/IMG-20160714-WA002.jpg\" style=\"margin-left: auto;margin-right: auto\"><img decoding=\"async\" border=\"0\" height=\"496\" src=\"https:\/\/blogger.googleusercontent.com\/img\/b\/R29vZ2xl\/AVvXsEh7B1E2eU7mQc6Ty4dcWO__E28-K6LuOCucL0PHvvuGxgFplWbZFLwOkXCoPDgHhpz7OZ4pRZoNI7TeIQRFBZldFCrAZvL_fle-bozdC6Cy_zCb96mCQBfmVXjbIduFR4i-3h8H9rXLLHI\/s640\/IMG-20160714-WA002.jpg\" width=\"640\" \/><\/a><\/td>\n<\/tr>\n<tr>\n<td class=\"tr-caption\" style=\"text-align: center\">De los 6 jugadores de Castilla-La Mancha que han jugado este nacional tres estar\u00e1n en<br \/>\nnuestro pr\u00f3ximo campus de verano<\/td>\n<\/tr>\n<\/tbody>\n<\/table>\n<p><\/p>\n","protected":false},"excerpt":{"rendered":"<p>Isabel y Alfredo han realizado una buena actuaci\u00f3n &nbsp;Les corresponde a los jugadores sub-14 finalizar su paso por el Campeonato de Espa\u00f1a 2016. Despu\u00e9s de una semana de competici\u00f3n, con un total de 9 partidas disputadas, los dos jugadores de Nuestro Ajedrez en Europa avanzan con claridad en juego y resultados. Alfredo Amador And\u00fajar consigue [&hellip;]<\/p>\n","protected":false},"author":1,"featured_media":1119,"comment_status":"open","ping_status":"closed","sticky":false,"template":"","format":"standard","meta":{"footnotes":""},"categories":[1],"tags":[],"class_list":["post-1118","post","type-post","status-publish","format-standard","has-post-thumbnail","hentry","category-noticias"],"_links":{"self":[{"href":"https:\/\/www.bfv.cloud\/ajedrezeuropa\/wp-json\/wp\/v2\/posts\/1118","targetHints":{"allow":["GET"]}}],"collection":[{"href":"https:\/\/www.bfv.cloud\/ajedrezeuropa\/wp-json\/wp\/v2\/posts"}],"about":[{"href":"https:\/\/www.bfv.cloud\/ajedrezeuropa\/wp-json\/wp\/v2\/types\/post"}],"author":[{"embeddable":true,"href":"https:\/\/www.bfv.cloud\/ajedrezeuropa\/wp-json\/wp\/v2\/users\/1"}],"replies":[{"embeddable":true,"href":"https:\/\/www.bfv.cloud\/ajedrezeuropa\/wp-json\/wp\/v2\/comments?post=1118"}],"version-history":[{"count":1,"href":"https:\/\/www.bfv.cloud\/ajedrezeuropa\/wp-json\/wp\/v2\/posts\/1118\/revisions"}],"predecessor-version":[{"id":1122,"href":"https:\/\/www.bfv.cloud\/ajedrezeuropa\/wp-json\/wp\/v2\/posts\/1118\/revisions\/1122"}],"wp:featuredmedia":[{"embeddable":true,"href":"https:\/\/www.bfv.cloud\/ajedrezeuropa\/wp-json\/wp\/v2\/media\/1119"}],"wp:attachment":[{"href":"https:\/\/www.bfv.cloud\/ajedrezeuropa\/wp-json\/wp\/v2\/media?parent=1118"}],"wp:term":[{"taxonomy":"category","embeddable":true,"href":"https:\/\/www.bfv.cloud\/ajedrezeuropa\/wp-json\/wp\/v2\/categories?post=1118"},{"taxonomy":"post_tag","embeddable":true,"href":"https:\/\/www.bfv.cloud\/ajedrezeuropa\/wp-json\/wp\/v2\/tags?post=1118"}],"curies":[{"name":"wp","href":"https:\/\/api.w.org\/{rel}","templated":true}]}}