{"id":1123,"date":"2009-05-08T15:10:00","date_gmt":"2009-05-08T15:10:00","guid":{"rendered":"https:\/\/www.bfv.cloud\/ajedrezeuropa\/index.php\/2009\/05\/08\/santiago-talavera-campeon-regional\/"},"modified":"2025-11-20T10:26:40","modified_gmt":"2025-11-20T10:26:40","slug":"santiago-talavera-campeon-regional","status":"publish","type":"post","link":"https:\/\/www.bfv.cloud\/ajedrezeuropa\/santiago-talavera-campeon-regional\/","title":{"rendered":"SANTIAGO TALAVERA CAMPE\u00d3N REGIONAL"},"content":{"rendered":"<p><a href=\"https:\/\/blogger.googleusercontent.com\/img\/b\/R29vZ2xl\/AVvXsEjKdHZ4Z4hAiwrxv6mgZ_BQEyLXK33TrEXEII_UHAQui1aUtJfdJWsFAI_vWpQJV20OSoajHKEZbBZ_HtRjgsAVp_1CstbRSA_9zwb1ltjzQFl-YjhG6Bdww-SS_BcKf0fZkpwfOnZ8wt4\/s1600-h\/IMG_0705[1]\"><img decoding=\"async\" id=\"BLOGGER_PHOTO_ID_5333471217150800114\" alt=\"\" src=\"https:\/\/blogger.googleusercontent.com\/img\/b\/R29vZ2xl\/AVvXsEjKdHZ4Z4hAiwrxv6mgZ_BQEyLXK33TrEXEII_UHAQui1aUtJfdJWsFAI_vWpQJV20OSoajHKEZbBZ_HtRjgsAVp_1CstbRSA_9zwb1ltjzQFl-YjhG6Bdww-SS_BcKf0fZkpwfOnZ8wt4\/s320\/IMG_0705%5B1%5D\" border=\"0\" \/><\/a><\/p>\n<div>Santiago Talavera se proclam\u00f3 campe\u00f3n regional el pasado fin de semana en Horche (Guadalajara), al final este ni\u00f1o de la escuela ha conseguido un t\u00edtulo regional, qued\u00e1ndose por delante de muchachos, que como \u00e9l luchan siempre en lo m\u00e1s alto.<\/div>\n<div>Acab\u00f3 el primero del torneo, con medio punto de diferencia sobre el segundo, esperemos que se le d\u00e9 igual de bien a \u00e9l y a sus compa\u00f1eros en el pr\u00f3ximo campeonato de Espa\u00f1a ,qu\u00e9 ser\u00e1 esta vez en Granada. Desde aqu\u00ed les deseamos mucha suerte.<\/div>\n<div><\/div>\n","protected":false},"excerpt":{"rendered":"<p>Santiago Talavera se proclam\u00f3 campe\u00f3n regional el pasado fin de semana en Horche (Guadalajara), al final este ni\u00f1o de la escuela ha conseguido un t\u00edtulo regional, qued\u00e1ndose por delante de muchachos, que como \u00e9l luchan siempre en lo m\u00e1s alto. Acab\u00f3 el primero del torneo, con medio punto de diferencia sobre el segundo, esperemos que [&hellip;]<\/p>\n","protected":false},"author":1,"featured_media":0,"comment_status":"open","ping_status":"closed","sticky":false,"template":"","format":"standard","meta":{"footnotes":""},"categories":[12],"tags":[],"class_list":["post-1123","post","type-post","status-publish","format-standard","hentry","category-santiago-en-una-de-sus-partidas"],"_links":{"self":[{"href":"https:\/\/www.bfv.cloud\/ajedrezeuropa\/wp-json\/wp\/v2\/posts\/1123","targetHints":{"allow":["GET"]}}],"collection":[{"href":"https:\/\/www.bfv.cloud\/ajedrezeuropa\/wp-json\/wp\/v2\/posts"}],"about":[{"href":"https:\/\/www.bfv.cloud\/ajedrezeuropa\/wp-json\/wp\/v2\/types\/post"}],"author":[{"embeddable":true,"href":"https:\/\/www.bfv.cloud\/ajedrezeuropa\/wp-json\/wp\/v2\/users\/1"}],"replies":[{"embeddable":true,"href":"https:\/\/www.bfv.cloud\/ajedrezeuropa\/wp-json\/wp\/v2\/comments?post=1123"}],"version-history":[{"count":1,"href":"https:\/\/www.bfv.cloud\/ajedrezeuropa\/wp-json\/wp\/v2\/posts\/1123\/revisions"}],"predecessor-version":[{"id":1124,"href":"https:\/\/www.bfv.cloud\/ajedrezeuropa\/wp-json\/wp\/v2\/posts\/1123\/revisions\/1124"}],"wp:attachment":[{"href":"https:\/\/www.bfv.cloud\/ajedrezeuropa\/wp-json\/wp\/v2\/media?parent=1123"}],"wp:term":[{"taxonomy":"category","embeddable":true,"href":"https:\/\/www.bfv.cloud\/ajedrezeuropa\/wp-json\/wp\/v2\/categories?post=1123"},{"taxonomy":"post_tag","embeddable":true,"href":"https:\/\/www.bfv.cloud\/ajedrezeuropa\/wp-json\/wp\/v2\/tags?post=1123"}],"curies":[{"name":"wp","href":"https:\/\/api.w.org\/{rel}","templated":true}]}}