{"id":1125,"date":"2020-03-11T18:51:00","date_gmt":"2020-03-11T18:51:00","guid":{"rendered":"https:\/\/www.bfv.cloud\/ajedrezeuropa\/index.php\/2020\/03\/11\/i-memorial-pedro-carbayo-en-alcazar-de-san-juan\/"},"modified":"2025-11-20T10:26:49","modified_gmt":"2025-11-20T10:26:49","slug":"i-memorial-pedro-carbayo-en-alcazar-de-san-juan","status":"publish","type":"post","link":"https:\/\/www.bfv.cloud\/ajedrezeuropa\/i-memorial-pedro-carbayo-en-alcazar-de-san-juan\/","title":{"rendered":"I MEMORIAL PEDRO CARBAYO EN ALC\u00c1ZAR DE SAN JUAN"},"content":{"rendered":"<div class=\"separator\" style=\"clear: both;text-align: center\">\n<a href=\"https:\/\/www.bfv.cloud\/ajedrezeuropa\/wp-content\/uploads\/2020\/03\/cartel3.png\" style=\"clear: left;float: left;margin-bottom: 1em;margin-right: 1em\"><img fetchpriority=\"high\" decoding=\"async\" border=\"0\" data-original-height=\"1449\" data-original-width=\"1024\" height=\"400\" src=\"https:\/\/blogger.googleusercontent.com\/img\/b\/R29vZ2xl\/AVvXsEgOzUka6x3175aDAR2anaYPGUd6877oHb-Mn_aKA2sEhWm3bFDetzcnZQuP3A9ORbQmTpETwBOAewc2UlmHm-JAzwdn7AlrKhU7ysR55nIOh5XkvMsFFtuE0Xm1mmZV4BGgfEN-b2kD6QI\/s400\/cartel3.png\" width=\"281\" \/><\/a><\/div>\n<p><span style=\", serif;font-size: large\"><br \/><\/span><br \/>\n<span style=\"color: red;, serif;font-size: x-large\"><b><u>SUSPENDIDO<\/u><\/b><\/span><br \/>\n<span style=\", serif;font-size: large\"><br \/><\/span><br \/>\n<span style=\", serif;font-size: large\">El s\u00e1bado 11 de abril el Centro C\u00edvico de Alc\u00e1zar de San Juan acoger\u00e1 el \u00abI Memorial Pedro Jos\u00e9 Carbayo\u00bb. Pedro, fue un gran aficionado al ajedrez y mantuvo viva durante varios a\u00f1os la incipiente escuela de ajedrez alcazare\u00f1a. La iniciativa de este nuevo torneo ha partido de su hijo Oswaldo y contar\u00e1 con la colaboraci\u00f3n de la escuela de ajedrez de Alc\u00e1zar, del Club Nuestro Ajedrez en Europa y del IMD del ayuntamiento de Alc\u00e1zar de San Juan.&nbsp;<\/span><br \/>\n<span style=\", serif;font-size: large\">Os invitamos a todos a participar en este torneo homenaje que se celebrar\u00e1 en una fecha vacacional, el s\u00e1bado de semana santa, d\u00eda 11 de abril.<\/span><br \/>\n<span style=\", serif;font-size: large\">A continuaci\u00f3n publicamos las bases:<\/span><\/p>\n<div class=\"separator\" style=\"clear: both;text-align: center\">\n<a href=\"https:\/\/www.bfv.cloud\/ajedrezeuropa\/wp-content\/uploads\/2020\/03\/bases.png\" style=\"margin-left: 1em;margin-right: 1em\"><img decoding=\"async\" border=\"0\" data-original-height=\"1449\" data-original-width=\"1024\" height=\"640\" src=\"https:\/\/blogger.googleusercontent.com\/img\/b\/R29vZ2xl\/AVvXsEg3WCw5sBxm3IghxJIGghFaFeYs0g9ICoKCXd-zFn60bODr0mBkSliGCRADu_MYas_mN6O9fXiVCH7driGM-ps20CgMes5Z5gcvfiPwLeUGdU0wF90SJ-FMMMzXk_gFmxQLXwCag2ezumE\/s640\/bases.png\" width=\"450\" \/><\/a><\/div>\n<p><span style=\", serif;font-size: large\"><br \/><\/span><\/p>\n","protected":false},"excerpt":{"rendered":"<p>SUSPENDIDO El s\u00e1bado 11 de abril el Centro C\u00edvico de Alc\u00e1zar de San Juan acoger\u00e1 el \u00abI Memorial Pedro Jos\u00e9 Carbayo\u00bb. Pedro, fue un gran aficionado al ajedrez y mantuvo viva durante varios a\u00f1os la incipiente escuela de ajedrez alcazare\u00f1a. La iniciativa de este nuevo torneo ha partido de su hijo Oswaldo y contar\u00e1 con [&hellip;]<\/p>\n","protected":false},"author":1,"featured_media":1126,"comment_status":"open","ping_status":"closed","sticky":false,"template":"","format":"standard","meta":{"footnotes":""},"categories":[1],"tags":[],"class_list":["post-1125","post","type-post","status-publish","format-standard","has-post-thumbnail","hentry","category-noticias"],"_links":{"self":[{"href":"https:\/\/www.bfv.cloud\/ajedrezeuropa\/wp-json\/wp\/v2\/posts\/1125","targetHints":{"allow":["GET"]}}],"collection":[{"href":"https:\/\/www.bfv.cloud\/ajedrezeuropa\/wp-json\/wp\/v2\/posts"}],"about":[{"href":"https:\/\/www.bfv.cloud\/ajedrezeuropa\/wp-json\/wp\/v2\/types\/post"}],"author":[{"embeddable":true,"href":"https:\/\/www.bfv.cloud\/ajedrezeuropa\/wp-json\/wp\/v2\/users\/1"}],"replies":[{"embeddable":true,"href":"https:\/\/www.bfv.cloud\/ajedrezeuropa\/wp-json\/wp\/v2\/comments?post=1125"}],"version-history":[{"count":1,"href":"https:\/\/www.bfv.cloud\/ajedrezeuropa\/wp-json\/wp\/v2\/posts\/1125\/revisions"}],"predecessor-version":[{"id":1128,"href":"https:\/\/www.bfv.cloud\/ajedrezeuropa\/wp-json\/wp\/v2\/posts\/1125\/revisions\/1128"}],"wp:featuredmedia":[{"embeddable":true,"href":"https:\/\/www.bfv.cloud\/ajedrezeuropa\/wp-json\/wp\/v2\/media\/1126"}],"wp:attachment":[{"href":"https:\/\/www.bfv.cloud\/ajedrezeuropa\/wp-json\/wp\/v2\/media?parent=1125"}],"wp:term":[{"taxonomy":"category","embeddable":true,"href":"https:\/\/www.bfv.cloud\/ajedrezeuropa\/wp-json\/wp\/v2\/categories?post=1125"},{"taxonomy":"post_tag","embeddable":true,"href":"https:\/\/www.bfv.cloud\/ajedrezeuropa\/wp-json\/wp\/v2\/tags?post=1125"}],"curies":[{"name":"wp","href":"https:\/\/api.w.org\/{rel}","templated":true}]}}