{"id":1132,"date":"2025-02-03T22:08:00","date_gmt":"2025-02-03T22:08:00","guid":{"rendered":"https:\/\/www.bfv.cloud\/ajedrezeuropa\/index.php\/2025\/02\/03\/los-campeonatos-escolares-de-toledo-y-ciudad-real-finalizan-con-grandes-resultados-para-nuestras-escuelas\/"},"modified":"2025-11-20T10:26:58","modified_gmt":"2025-11-20T10:26:58","slug":"los-campeonatos-escolares-de-toledo-y-ciudad-real-finalizan-con-grandes-resultados-para-nuestras-escuelas","status":"publish","type":"post","link":"https:\/\/www.bfv.cloud\/ajedrezeuropa\/los-campeonatos-escolares-de-toledo-y-ciudad-real-finalizan-con-grandes-resultados-para-nuestras-escuelas\/","title":{"rendered":"LOS CAMPEONATOS ESCOLARES DE TOLEDO Y CIUDAD REAL FINALIZAN CON GRANDES RESULTADOS PARA NUESTRAS ESCUELAS"},"content":{"rendered":"<p><span style=\"font-family: Open Sans;font-size: large\"><\/p>\n<table cellpadding=\"0\" cellspacing=\"0\" class=\"tr-caption-container\" style=\"float: right\">\n<tbody>\n<tr>\n<td style=\"text-align: center\"><a href=\"https:\/\/www.bfv.cloud\/ajedrezeuropa\/wp-content\/uploads\/2025\/02\/JAIME20VILA20CAMPEON20INFANTIL20C20REAL-1.jpg\" style=\"clear: right;margin-bottom: 1em;margin-left: auto;margin-right: auto\"><img fetchpriority=\"high\" decoding=\"async\" border=\"0\" data-original-height=\"811\" data-original-width=\"1054\" height=\"493\" src=\"https:\/\/blogger.googleusercontent.com\/img\/b\/R29vZ2xl\/AVvXsEh6ZCuF_NrTQeGvwKlpFcMnEa1L7DD9Ka56CvAmQ9xg9278nLknthnmkNtMPYWGemS4vlD43orK_9a_Qr8jrE2CiwmOsavCIfeSfJ0gc44Bv_xKU4wW6cBLiRXsJAp82ow08TP7qduHJBoxx_Ttf40CIniAD0Uy3bmyDQIZ0AnB_foOELXTQmHV95sXUFs\/w640-h493\/JAIME%20VILA%20CAMPEON%20INFANTIL%20C%20REAL.jpg\" width=\"640\" \/><\/a><\/td>\n<\/tr>\n<tr>\n<td class=\"tr-caption\" style=\"text-align: center\">Jaime Vila, campe\u00f3n del Deporte en Edad Escolar de Ciudad Real<\/td>\n<\/tr>\n<\/tbody>\n<\/table>\n<p><\/span><\/p>\n<table cellpadding=\"0\" cellspacing=\"0\" class=\"tr-caption-container\" style=\"margin-left: auto;margin-right: auto;text-align: center\">\n<tbody>\n<tr>\n<td style=\"text-align: center\"><a href=\"https:\/\/www.bfv.cloud\/ajedrezeuropa\/wp-content\/uploads\/2025\/02\/120MARIO20Y20MERYEM20CAMPEON20Y20SUBCAMPEONA20TOLEDO.jpg\" style=\"clear: left;margin-bottom: 1em;margin-left: auto;margin-right: auto\"><img decoding=\"async\" border=\"0\" data-original-height=\"1547\" data-original-width=\"888\" height=\"640\" src=\"https:\/\/blogger.googleusercontent.com\/img\/b\/R29vZ2xl\/AVvXsEgRbKF3K5q5gcPMiazkz8akzud0dBXiecupzm1CN5WkMf99XqlB7P2yWNNmPgbIeXSuphWtOf-TqXHT5Srz3cpKYsvmjQTsxv6QT9_WEwx5emBqosFmy4RvLVC_ZBbLMa7HI-Px3aC_8odIEesN1Mx5A1jfpw_5JZNn5px9YxaXNh4ohDs2W5oXDdeB674\/w368-h640\/1%20MARIO%20Y%20MERYEM%20CAMPEON%20Y%20SUBCAMPEONA%20TOLEDO.jpg\" width=\"368\" \/><\/a><\/td>\n<\/tr>\n<tr>\n<td class=\"tr-caption\" style=\"text-align: center\">Mario Moreno, campe\u00f3n prebenjam\u00edn de Toledo y<br \/>Meryem Benammou, subcampeona benjam\u00edn de Toledo<\/td>\n<\/tr>\n<\/tbody>\n<\/table>\n<div class=\"separator\" style=\"clear: both;text-align: center\"><span style=\"font-family: Open Sans;font-size: large\"><\/span><\/div>\n<div><\/div>\n<div><span style=\"font-family: Open Sans;font-size: large\">El fin de semana pasado conclu\u00edan los campeonatos del deporte en edad escolar en sus fases provinciales de Toledo y Ciudad Real. Estos torneos se han celebrado durante los 3 s\u00e1bados recientes, en el caso de Toledo, y los domingos 19 y 26 de enero y 2 de febrero en Miguelturra (Ciudad Real). La participaci\u00f3n conjunta ha superado los 500 chicos y chicas con edades comprendidas entre los 6 y los 18 a\u00f1os. Las escuelas de ajedrez de Illescas, Consuegra y Villafranca de los Caballeros han llevado a 26 ajedrecistas al escolar de Toledo y a 13 de la escuela de Alc\u00e1zar de San Juan al de Ciudad Real, lo que hace un total de 39 participantes entre ambos campeonatos.<\/span><\/p>\n<p><span style=\"font-family: Open Sans;font-size: large\"><b><u>Dos t\u00edtulos de campeones provinciales, 4 subcampeonatos, un tercer puesto y otros excelentes resultados<\/u><\/b><\/span><\/p>\n<p><span style=\"font-family: Open Sans;font-size: large\">Los resultados de esta amplia participaci\u00f3n han sido muy destacados:<\/span><\/p>\n<p><span style=\"font-family: Open Sans;font-size: large\">&#8211; <b>Jaime Vila Castillo (escuela de Alc\u00e1zar),&nbsp;<\/b>se ha proclamado campe\u00f3n de la categor\u00eda infantil de Ciudad Real, con 7,5 puntos sobre 8.<\/span><\/p>\n<p><span style=\"font-family: Open Sans;font-size: large\">&#8211; <b>Mario Moreno Rodr\u00edguez (escuela de Consuegra), <\/b>obtiene el t\u00edtulo de campe\u00f3n prebenjam\u00edn de Toledo, tras sumar la totalidad de los puntos posibles, 9.<\/span><\/p>\n<p><span style=\"font-family: Open Sans;font-size: large\">&#8211; <b>\u00c1ngel Collado Alcolado (escuela de Alc\u00e1zar), <\/b>queda subcampe\u00f3n del juvenil de Toledo.<\/span><\/p>\n<table align=\"center\" cellpadding=\"0\" cellspacing=\"0\" class=\"tr-caption-container\" style=\"margin-left: auto;margin-right: auto\">\n<tbody>\n<tr>\n<td style=\"text-align: center\"><a href=\"https:\/\/www.bfv.cloud\/ajedrezeuropa\/wp-content\/uploads\/2025\/02\/220ANGEL20COLLADO20SUBCAMPEON20JUVENIL20TOLEDO.jpg\" style=\"margin-left: auto;margin-right: auto\"><img decoding=\"async\" border=\"0\" data-original-height=\"652\" data-original-width=\"1255\" height=\"332\" src=\"https:\/\/blogger.googleusercontent.com\/img\/b\/R29vZ2xl\/AVvXsEjZVsBN_CqdZZ6bp6E0xEaSc4ZCaLYzCWP9P2lw8ljDJPeqnM3LpSz4p3daUKipBmhkK4svfB3y4AZgo97YShizcHF75wFkzu_REgp6G9pD0NpeBpm7Pu-oLfAPHBKn9nRGMpb0VyepWuoDKMocdWZVOaQpOnaL6Fuw64-FPX2Vuk1SSyTdsYk6WRTdMG8\/w640-h332\/2%20ANGEL%20COLLADO%20SUBCAMPEON%20JUVENIL%20TOLEDO.jpg\" width=\"640\" \/><\/a><\/td>\n<\/tr>\n<tr>\n<td class=\"tr-caption\" style=\"text-align: center\">\u00c1ngel Collado en el podio del campeonato juvenil de Toledo<\/td>\n<\/tr>\n<\/tbody>\n<\/table>\n<p><span style=\"font-family: Open Sans;font-size: large\"><br \/><\/span><\/p>\n<p><span style=\"font-family: Open Sans;font-size: large\">&#8211; <b>Meryem Benammou Yousri (escuela de Villafranca), <\/b>subcampeona del torneo benjam\u00edn de la provincia de Toledo.<\/span><\/p>\n<p><span style=\"font-family: Open Sans;font-size: large\">&#8211; La <b>escuela de ajedrez de Alc\u00e1zar<\/b>&nbsp;logra la 2\u00aa posici\u00f3n en el trofeo por equipos del infantil de Ciudad Real.<\/span><\/p>\n<table align=\"center\" cellpadding=\"0\" cellspacing=\"0\" class=\"tr-caption-container\" style=\"margin-left: auto;margin-right: auto\">\n<tbody>\n<tr>\n<td style=\"text-align: center\"><a href=\"https:\/\/www.bfv.cloud\/ajedrezeuropa\/wp-content\/uploads\/2025\/02\/GRUPO20JUGADORES20ALCAZAR.jpg\" style=\"margin-left: auto;margin-right: auto\"><img loading=\"lazy\" decoding=\"async\" border=\"0\" data-original-height=\"695\" data-original-width=\"1418\" height=\"314\" src=\"https:\/\/blogger.googleusercontent.com\/img\/b\/R29vZ2xl\/AVvXsEjzi8bzOqautfueh1ksubcHRVinN0zZS-cy_-7D6gxyREw8VSJX3UJMWMbYkiywgI2geSb2j-N82o1yPlFkd3CrDdOyDzQehapmTqJxJVpJ-4qpzJsdCaZpdJ2FvsEGs-qFanp_fVy6zXMRrKTiBYDAFwHOVy6TSnzh7eZLxFo1_Si6EbY7DMQ2mcJdfhs\/w640-h314\/GRUPO%20JUGADORES%20ALCAZAR.jpg\" width=\"640\" \/><\/a><\/td>\n<\/tr>\n<tr>\n<td class=\"tr-caption\" style=\"text-align: center\">Algunos de los participantes de la escuela de ajedrez de Alc\u00e1zar en el Escolar de Ciudad Real<\/td>\n<\/tr>\n<\/tbody>\n<\/table>\n<p><span style=\"font-family: Open Sans;font-size: large\"><br \/><\/span><\/p>\n<p><span style=\"font-family: Open Sans;font-size: large\">&#8211; <b><\/p>\n<table cellpadding=\"0\" cellspacing=\"0\" class=\"tr-caption-container\" style=\"float: left\">\n<tbody>\n<tr>\n<td style=\"text-align: center\"><a href=\"https:\/\/www.bfv.cloud\/ajedrezeuropa\/wp-content\/uploads\/2025\/02\/SANTIAGO20POLO203C2BA20PROMOCION20C20REAL.jpg\" style=\"clear: left;margin-bottom: 1em;margin-left: auto;margin-right: auto\"><img loading=\"lazy\" decoding=\"async\" border=\"0\" data-original-height=\"627\" data-original-width=\"342\" height=\"400\" src=\"https:\/\/blogger.googleusercontent.com\/img\/b\/R29vZ2xl\/AVvXsEhpqRLhiGBbrJtGWrhepvo-ZTK3qc47kHD6sZ19jMKUWJnbJyj5b0qfvQ-Ap0yd-BB-yxj2d6oHfLCp9RrGtW_3vBxcX1-lcp0azoEFZWRp3il2dTWj_AQFXhyuvH5Ur-__jHryT30CX0oyNYKdA6GWnyFTvPIxPBkAzVl5iBZHi3cNpeY2TBx5zHL84XQ\/w219-h400\/SANTIAGO%20POLO%203%C2%BA%20PROMOCION%20C%20REAL.jpg\" width=\"219\" \/><\/a><\/td>\n<\/tr>\n<tr>\n<td class=\"tr-caption\" style=\"text-align: center\">Santiago Polo<\/td>\n<\/tr>\n<\/tbody>\n<\/table>\n<p>\u00c1ngel Puente Ram\u00edrez (escuela de Alc\u00e1zar), <\/b>medalla de plata en la categor\u00eda benjam\u00edn de Ciudad Real.<\/span><\/p>\n<p><span style=\"font-family: Open Sans;font-size: large\">&#8211; <b>Santiago Polo Navia (escuela de Alc\u00e1zar), <\/b>queda tercer clasificado en la categor\u00eda de promoci\u00f3n de Ciudad Real.<\/span><\/p>\n<p><span style=\"font-size: large\"><span>A estas sobresalientes actuaciones hay que sumar otros magn\u00edficos resultados obtenidos por las alumnas de las escuelas que engloba <\/span><b>Nuestro Ajedrez en Europa<\/b><span>: la 4\u00aa plaza en el infantil femenino de Ciudad Real de <\/span><b>Elvira Cicuendez Quino (escuela de Alc\u00e1zar), <\/b><span>los quintos puestos de <\/span><b>Paula \u00c1vila Cervantes (escuela de Villafranca)<\/b><span>en el infantil femenino de Toledo y de <\/span><b>Karen Crespo Rodr\u00edguez (escuela de Illescas) <\/b><span>en la categor\u00eda benjam\u00edn de Toledo.<\/span><b>&nbsp;<\/b><span>En el apartado masculino tambi\u00e9n destaca&nbsp;la 6\u00aa plaza de <\/span><b>Gonzalo Moreno Rodr\u00edguez (escuela de Consuegra) <\/b><span>y el 14\u00ba puesto de&nbsp;<\/span><b>Joaqu\u00edn Ortiz G\u00f3mez (escuela de Illescas)&nbsp;<\/b><span>dentro del benjam\u00edn de Toledo, as\u00ed como las actuaciones realizadas por varios alumnos de la escuela de Alc\u00e1zar en el infantil de Ciudad Real: <\/span><b>Unai Ortega Hern\u00e1ndez, <\/b><span>12\u00ba clasificado con 6 puntos dentro de un grupo de participantes empatados que ha llegado hasta la 4\u00aa plaza; <\/span><b>\u00c1ngel Puente Ram\u00edrez, <\/b><span>15\u00ba clasificado con 5,5 puntos, al igual que <\/span><b>Diego Katwala Mu\u00f1oz <\/b><span>18\u00aa posici\u00f3n.<\/span><\/span><\/p>\n<p><span style=\"font-family: Open Sans;font-size: large\"><\/p>\n<table align=\"center\" cellpadding=\"0\" cellspacing=\"0\" class=\"tr-caption-container\" style=\"margin-left: auto;margin-right: auto\">\n<tbody>\n<tr>\n<td style=\"text-align: center\"><a href=\"https:\/\/www.bfv.cloud\/ajedrezeuropa\/wp-content\/uploads\/2025\/02\/320GRUPO20CON20TROFEOS.jpg\" style=\"margin-left: auto;margin-right: auto\"><img loading=\"lazy\" decoding=\"async\" border=\"0\" data-original-height=\"1487\" data-original-width=\"1949\" height=\"488\" src=\"https:\/\/blogger.googleusercontent.com\/img\/b\/R29vZ2xl\/AVvXsEja4O2WNouDCsNJmb5CL8ZCCXHVo5eHAAKIK3BoEkvueRpGhZr0iT1WZwfTMsmy40j7HM_aoxdt-SQ2m5VzFsKKkGbOtEtrn0EY1EXzIDgHj5_2Zuqv0pgzlOwZUKJRGAib7Q_-aDN5sX6YHAFDfaoH39YSHRGXSgKjMCWHgW6jokHBefPWXr0ci9oUge8\/w640-h488\/3%20GRUPO%20CON%20TROFEOS.jpg\" width=\"640\" \/><\/a><\/td>\n<\/tr>\n<tr>\n<td class=\"tr-caption\" style=\"text-align: center\">Grupo de participantes en el provincial de Toledo<\/td>\n<\/tr>\n<\/tbody>\n<\/table>\n<p><\/span><\/p>\n<p><span style=\"font-family: Open Sans;font-size: large\"><b><u><br \/><\/u><\/b><\/span><\/p>\n<p><span style=\"font-family: Open Sans;font-size: large\"><b><u>Una gran participaci\u00f3n de nuestras 4 escuelas de ajedrez<\/u><\/b><\/span><\/p>\n<p><span style=\"font-family: Open Sans;font-size: large\">Complementando a estos grandes resultados, queremos destacar la participaci\u00f3n del resto de ajedrecistas de las escuelas de ajedrez de Illescas, Alc\u00e1zar de San Juan, Consuegra y Villafranca de los Caballeros.<\/span><\/p>\n<p><span style=\"font-family: Open Sans;font-size: large\"><u style=\"font-weight: bold\">Escuela de Illescas (escolar de Toledo):<\/u>&nbsp;<i>Daniel Alejandro Rodr\u00edguez<\/i> (26\u00ba en cadete); <i>Carla Rodr\u00edguez Garc\u00eda<\/i> (10\u00aa femenina en infantil); <i>Iker Lara Cuenca<\/i>&nbsp;(21\u00ba benjam\u00edn); <i>\u00c1lvaro Alejandro Rodr\u00edguez <\/i>(24\u00ba benjam\u00edn); <i>Sa\u00fal Lara Cuenca <\/i>(21\u00ba prebenjam\u00edn);&nbsp;<i>Vicente L\u00f3pez S\u00e1nchez <\/i>(22\u00ba prebenjam\u00edn).<\/span><\/p>\n<p><span style=\"font-size: large\"><u style=\"font-weight: bold\">Escuela de Consuegra (escolar de Toledo):<\/u><span>&nbsp;<i>Jaime Novillo Soto <\/i>(16\u00ba cadete); <i>Manuel Casanova Vacas <\/i>(43\u00ba infantil); <i>Adri\u00e1n Valle Gal\u00e1n <\/i>(55\u00ba infantil); <i>Alberto Valle Gal\u00e1n <\/i>(59\u00ba infantil);<i> Cristian Garc\u00eda Mart\u00edn<\/i> (84\u00ba infantil); <i>V\u00edctor Verbo G\u00f3mez <\/i>(107\u00ba infantil); <i>Fabi\u00e1n Garc\u00eda Mart\u00edn <\/i>(118\u00ba infantil); Juan Francisco Verbo G\u00f3mez (135\u00ba infantil).<\/span><\/span><\/p>\n<p><span style=\"font-size: large\"><u style=\"font-weight: bold\">Escuela de Villafranca (escolar de Toledo):<\/u><span>&nbsp;<i>Omar Benammou Yousri <\/i>(23\u00ba infantil); <i>Marcos Argumanez Almendros <\/i>(48\u00ba infantil); <i>Mario Ortega Olivares <\/i>(82\u00ba infantil); <i>Gabriel Pati\u00f1o Zamora <\/i>(101\u00ba infantil); <i>Elisa Pati\u00f1o Zamora (11\u00aa benjam\u00edn femenina).<\/i><\/span><\/span><\/p>\n<p><span style=\"font-size: large\"><u style=\"font-weight: bold\">Escuela de Alc\u00e1zar (escolar de Ciudad Real):<\/u><span>&nbsp; <i>Sergio Chocano Avil\u00e9s <\/i>(14\u00ba cadete); <i>Santiago Linares N\u00fa\u00f1ez <\/i>(18\u00ba cadete); <i>Jorge Rodr\u00edguez Mart\u00ednez <\/i>(28\u00ba infantil); <i>Alejandro Katwala Mu\u00f1oz <\/i>(31\u00ba infantil); <i>Carlos Morales Rodr\u00edguez <\/i>(37\u00ba infantil); <i>Leo Diawara de Vicente <\/i>(49\u00ba infantil); <i>Luis Gonz\u00e1lez Espinosa <\/i>(73\u00ba infantil).<\/span>&nbsp; &nbsp; &nbsp; &nbsp; &nbsp; &nbsp; &nbsp; &nbsp; &nbsp; &nbsp; &nbsp; &nbsp;&nbsp; &nbsp; &nbsp; &nbsp; &nbsp; &nbsp; &nbsp; &nbsp; &nbsp; &nbsp; &nbsp; &nbsp; &nbsp; &nbsp; &nbsp; &nbsp; &nbsp; &nbsp; &nbsp; &nbsp; &nbsp; &nbsp; &nbsp; &nbsp; &nbsp; &nbsp; &nbsp; &nbsp; &nbsp; &nbsp; &nbsp; &nbsp; &nbsp; &nbsp; &nbsp; &nbsp; &nbsp; &nbsp; &nbsp; &nbsp; &nbsp; &nbsp; &nbsp; &nbsp; &nbsp; &nbsp; &nbsp; &nbsp; &nbsp; &nbsp; &nbsp; &nbsp; &nbsp; &nbsp; &nbsp; &nbsp; &nbsp; &nbsp; &nbsp; &nbsp; &nbsp; &nbsp; &nbsp; &nbsp; &nbsp; &nbsp; &nbsp; &nbsp; &nbsp; &nbsp; &nbsp; &nbsp; &nbsp; &nbsp; &nbsp; &nbsp; &nbsp; &nbsp; &nbsp; &nbsp; &nbsp; &nbsp; &nbsp; &nbsp; &nbsp; &nbsp; &nbsp; &nbsp; &nbsp; &nbsp; &nbsp; &nbsp; &nbsp; &nbsp; &nbsp; &nbsp; &nbsp; &nbsp; &nbsp; &nbsp; &nbsp; &nbsp; &nbsp; &nbsp; &nbsp; &nbsp; &nbsp; &nbsp; &nbsp; &nbsp; &nbsp; &nbsp; &nbsp; &nbsp; &nbsp; &nbsp; &nbsp; &nbsp; &nbsp; &nbsp; &nbsp; &nbsp; &nbsp; &nbsp;<\/span> &nbsp; &nbsp; &nbsp; &nbsp; &nbsp; &nbsp; &nbsp; &nbsp; &nbsp; &nbsp; &nbsp; &nbsp; &nbsp; &nbsp; &nbsp; &nbsp; &nbsp; &nbsp; &nbsp; &nbsp; &nbsp; &nbsp; &nbsp; &nbsp; &nbsp; &nbsp; &nbsp; &nbsp; &nbsp; &nbsp; &nbsp; &nbsp; &nbsp; &nbsp; &nbsp; &nbsp; &nbsp; &nbsp; &nbsp; &nbsp; &nbsp; &nbsp; &nbsp; &nbsp; &nbsp; &nbsp; &nbsp; &nbsp; &nbsp; &nbsp; &nbsp; &nbsp; &nbsp; &nbsp; &nbsp; &nbsp; &nbsp; &nbsp; &nbsp; &nbsp; &nbsp; &nbsp; &nbsp; &nbsp; &nbsp; &nbsp; &nbsp; &nbsp; &nbsp; &nbsp; &nbsp; &nbsp; &nbsp; &nbsp; &nbsp; &nbsp; &nbsp; &nbsp; &nbsp; &nbsp; &nbsp; &nbsp; &nbsp; &nbsp; &nbsp; &nbsp; &nbsp; &nbsp; &nbsp; &nbsp; &nbsp; &nbsp; &nbsp; &nbsp; &nbsp; &nbsp; &nbsp; &nbsp; &nbsp; &nbsp; &nbsp; &nbsp; &nbsp; &nbsp; &nbsp; &nbsp; &nbsp; &nbsp; &nbsp; &nbsp; &nbsp; &nbsp; &nbsp; &nbsp; &nbsp; &nbsp; &nbsp; &nbsp; &nbsp; &nbsp; &nbsp; &nbsp; &nbsp; &nbsp; &nbsp; &nbsp; &nbsp; &nbsp; &nbsp; &nbsp; &nbsp; &nbsp; &nbsp; &nbsp; &nbsp; &nbsp; &nbsp; &nbsp; &nbsp; &nbsp; &nbsp; &nbsp; &nbsp; &nbsp; &nbsp; &nbsp; &nbsp; &nbsp; &nbsp; &nbsp; &nbsp; &nbsp; &nbsp; &nbsp; &nbsp; &nbsp; &nbsp; &nbsp; &nbsp; &nbsp; &nbsp; &nbsp; &nbsp; &nbsp; &nbsp; &nbsp; &nbsp; &nbsp; &nbsp; &nbsp; &nbsp; &nbsp; &nbsp; &nbsp; &nbsp; &nbsp; &nbsp; &nbsp; &nbsp; &nbsp; &nbsp; &nbsp; &nbsp; &nbsp; &nbsp; &nbsp; &nbsp; &nbsp; &nbsp; &nbsp; &nbsp; &nbsp; &nbsp; &nbsp; &nbsp; &nbsp; &nbsp; &nbsp; &nbsp; &nbsp; &nbsp; &nbsp; &nbsp; &nbsp; &nbsp; &nbsp; &nbsp; &nbsp; &nbsp; &nbsp; &nbsp; &nbsp; &nbsp; &nbsp; &nbsp; &nbsp; &nbsp; &nbsp; &nbsp; &nbsp; &nbsp; &nbsp; &nbsp; &nbsp; &nbsp; &nbsp; &nbsp; &nbsp; &nbsp; &nbsp; &nbsp; &nbsp; &nbsp; &nbsp; &nbsp; &nbsp; &nbsp; &nbsp; &nbsp; &nbsp; &nbsp; &nbsp; &nbsp; &nbsp; &nbsp; &nbsp; &nbsp; &nbsp; &nbsp; &nbsp; &nbsp; &nbsp; &nbsp; &nbsp; &nbsp; &nbsp; &nbsp; &nbsp; &nbsp; &nbsp; &nbsp; &nbsp; &nbsp; &nbsp; &nbsp; &nbsp; &nbsp; &nbsp; &nbsp; &nbsp; &nbsp; &nbsp; &nbsp; &nbsp; &nbsp; &nbsp; &nbsp; &nbsp; &nbsp; &nbsp; &nbsp; &nbsp; &nbsp; &nbsp; &nbsp; &nbsp; &nbsp; &nbsp; &nbsp; &nbsp; &nbsp; &nbsp; &nbsp; &nbsp; &nbsp; &nbsp; &nbsp; &nbsp; &nbsp; &nbsp; &nbsp; &nbsp; &nbsp; &nbsp; &nbsp; &nbsp; &nbsp; &nbsp; &nbsp; &nbsp; &nbsp; &nbsp; &nbsp; &nbsp; &nbsp; &nbsp; &nbsp; &nbsp; &nbsp; &nbsp; &nbsp; &nbsp; &nbsp; &nbsp; &nbsp; &nbsp; &nbsp; &nbsp; &nbsp; &nbsp; &nbsp; &nbsp; &nbsp; &nbsp; &nbsp; &nbsp; &nbsp; &nbsp; &nbsp; &nbsp; &nbsp; &nbsp; &nbsp; &nbsp; &nbsp; &nbsp; &nbsp; &nbsp; &nbsp; &nbsp; &nbsp; &nbsp; &nbsp; &nbsp; &nbsp; &nbsp; &nbsp; &nbsp; &nbsp; &nbsp; &nbsp; &nbsp; &nbsp; &nbsp; &nbsp; &nbsp; &nbsp; &nbsp; &nbsp; &nbsp; &nbsp; &nbsp; &nbsp; &nbsp; &nbsp; &nbsp; &nbsp; &nbsp; &nbsp; &nbsp; &nbsp; &nbsp; &nbsp; &nbsp; &nbsp; &nbsp; &nbsp; &nbsp; &nbsp; &nbsp; &nbsp; &nbsp; &nbsp; &nbsp; &nbsp; &nbsp; &nbsp; &nbsp; &nbsp; &nbsp; &nbsp; &nbsp; &nbsp; &nbsp; &nbsp; &nbsp; &nbsp; &nbsp; &nbsp; &nbsp; &nbsp; &nbsp; &nbsp; &nbsp; &nbsp; &nbsp; &nbsp; &nbsp; &nbsp; &nbsp; &nbsp; &nbsp; &nbsp; &nbsp; &nbsp; &nbsp; &nbsp; &nbsp; &nbsp; &nbsp; &nbsp; &nbsp; &nbsp; &nbsp; &nbsp; &nbsp; &nbsp; &nbsp; &nbsp; &nbsp; &nbsp; &nbsp; &nbsp; &nbsp; &nbsp; &nbsp; &nbsp; &nbsp; &nbsp; &nbsp; &nbsp; &nbsp; &nbsp; &nbsp; &nbsp; &nbsp; &nbsp; &nbsp; &nbsp; &nbsp; &nbsp; &nbsp; &nbsp; &nbsp; &nbsp; &nbsp; &nbsp; &nbsp; &nbsp; &nbsp; &nbsp; &nbsp; &nbsp; &nbsp; &nbsp; &nbsp; &nbsp; &nbsp; &nbsp; &nbsp; &nbsp; &nbsp; &nbsp; &nbsp; &nbsp; &nbsp; &nbsp; &nbsp; &nbsp; &nbsp; &nbsp; &nbsp; &nbsp; &nbsp; &nbsp; &nbsp; &nbsp; &nbsp; &nbsp; &nbsp; &nbsp; &nbsp; &nbsp; &nbsp; &nbsp; &nbsp; &nbsp; &nbsp; &nbsp; &nbsp; &nbsp; &nbsp; &nbsp; &nbsp; &nbsp; &nbsp; &nbsp; &nbsp; &nbsp; &nbsp; &nbsp; &nbsp; &nbsp; &nbsp; &nbsp; &nbsp; &nbsp; &nbsp; &nbsp; &nbsp; &nbsp; &nbsp; &nbsp; &nbsp; &nbsp;&nbsp;<\/p>\n<\/div>\n","protected":false},"excerpt":{"rendered":"<p>Jaime Vila, campe\u00f3n del Deporte en Edad Escolar de Ciudad Real Mario Moreno, campe\u00f3n prebenjam\u00edn de Toledo yMeryem Benammou, subcampeona benjam\u00edn de Toledo El fin de semana pasado conclu\u00edan los campeonatos del deporte en edad escolar en sus fases provinciales de Toledo y Ciudad Real. Estos torneos se han celebrado durante los 3 s\u00e1bados recientes, [&hellip;]<\/p>\n","protected":false},"author":1,"featured_media":1133,"comment_status":"open","ping_status":"closed","sticky":false,"template":"","format":"standard","meta":{"footnotes":""},"categories":[1],"tags":[],"class_list":["post-1132","post","type-post","status-publish","format-standard","has-post-thumbnail","hentry","category-noticias"],"_links":{"self":[{"href":"https:\/\/www.bfv.cloud\/ajedrezeuropa\/wp-json\/wp\/v2\/posts\/1132","targetHints":{"allow":["GET"]}}],"collection":[{"href":"https:\/\/www.bfv.cloud\/ajedrezeuropa\/wp-json\/wp\/v2\/posts"}],"about":[{"href":"https:\/\/www.bfv.cloud\/ajedrezeuropa\/wp-json\/wp\/v2\/types\/post"}],"author":[{"embeddable":true,"href":"https:\/\/www.bfv.cloud\/ajedrezeuropa\/wp-json\/wp\/v2\/users\/1"}],"replies":[{"embeddable":true,"href":"https:\/\/www.bfv.cloud\/ajedrezeuropa\/wp-json\/wp\/v2\/comments?post=1132"}],"version-history":[{"count":1,"href":"https:\/\/www.bfv.cloud\/ajedrezeuropa\/wp-json\/wp\/v2\/posts\/1132\/revisions"}],"predecessor-version":[{"id":1139,"href":"https:\/\/www.bfv.cloud\/ajedrezeuropa\/wp-json\/wp\/v2\/posts\/1132\/revisions\/1139"}],"wp:featuredmedia":[{"embeddable":true,"href":"https:\/\/www.bfv.cloud\/ajedrezeuropa\/wp-json\/wp\/v2\/media\/1133"}],"wp:attachment":[{"href":"https:\/\/www.bfv.cloud\/ajedrezeuropa\/wp-json\/wp\/v2\/media?parent=1132"}],"wp:term":[{"taxonomy":"category","embeddable":true,"href":"https:\/\/www.bfv.cloud\/ajedrezeuropa\/wp-json\/wp\/v2\/categories?post=1132"},{"taxonomy":"post_tag","embeddable":true,"href":"https:\/\/www.bfv.cloud\/ajedrezeuropa\/wp-json\/wp\/v2\/tags?post=1132"}],"curies":[{"name":"wp","href":"https:\/\/api.w.org\/{rel}","templated":true}]}}