{"id":114,"date":"2016-03-14T08:28:00","date_gmt":"2016-03-14T08:28:00","guid":{"rendered":"https:\/\/www.bfv.cloud\/ajedrezeuropa\/index.php\/2016\/03\/14\/campeonato-individual-de-toledo\/"},"modified":"2025-11-20T10:13:31","modified_gmt":"2025-11-20T10:13:31","slug":"campeonato-individual-de-toledo","status":"publish","type":"post","link":"https:\/\/www.bfv.cloud\/ajedrezeuropa\/campeonato-individual-de-toledo\/","title":{"rendered":"CAMPEONATO INDIVIDUAL DE TOLEDO"},"content":{"rendered":"<table cellpadding=\"0\" cellspacing=\"0\" class=\"tr-caption-container\" style=\"float: right;margin-left: 1em;text-align: right\">\n<tbody>\n<tr>\n<td style=\"text-align: center\"><a href=\"https:\/\/www.bfv.cloud\/ajedrezeuropa\/wp-content\/uploads\/2016\/03\/SAM_2605.jpg\" style=\"clear: right;margin-bottom: 1em;margin-left: auto;margin-right: auto\"><img fetchpriority=\"high\" decoding=\"async\" border=\"0\" height=\"257\" src=\"https:\/\/blogger.googleusercontent.com\/img\/b\/R29vZ2xl\/AVvXsEjqMibApiWQt17TXUZPbi8NtrRvtmTCT8QknZpp66h24jxzAnljcCKYH25dCp8KYdLVugSc94GVvuw48HwsXSths1Kp5bvNlqWow4lgEbR197kj6IA57-wM4ZZ7AcVc7mYqdqkOiGRP8rc\/s320\/SAM_2605.JPG\" width=\"320\" \/><\/a><\/td>\n<\/tr>\n<tr>\n<td class=\"tr-caption\" style=\"text-align: center\">Alonso L\u00f3pez<\/td>\n<\/tr>\n<\/tbody>\n<\/table>\n<p><span style=\", sans-serif\"><b>El Campeonato Provincial Individual de Toledo lleva disputadas 4 rondas en los dos \u00faltimos fines de semana. Dentro de los 36 participantes se encuentran 3 de nuestros jugadores. Hasta ayer, tanto Alonso L\u00f3pez, como Alfredo Amador y Roberto L\u00f3pez est\u00e1n realizando un buen torneo, situ\u00e1ndose con 2,5 puntos entre los 16 mejores clasificados.<\/b><\/span><br \/>\n<span style=\", sans-serif\"><b>El campeonato finalizar\u00e1 el 3 de abril con la 5\u00aa y la 6\u00aa ronda. La competici\u00f3n se detiene, por el momento, durante los dos pr\u00f3ximos domingos al estar en juego el Regional por Edades, durante este fin de semana, seguido de las fiestas de Semana Santa.<\/b><\/span><\/p>\n<table cellpadding=\"0\" cellspacing=\"0\" class=\"tr-caption-container\" style=\"float: left;margin-right: 1em;text-align: left\">\n<tbody>\n<tr>\n<td style=\"text-align: center\"><a href=\"https:\/\/www.bfv.cloud\/ajedrezeuropa\/wp-content\/uploads\/2016\/03\/SAM_2622.jpg\" style=\"clear: left;margin-bottom: 1em;margin-left: auto;margin-right: auto\"><img decoding=\"async\" border=\"0\" height=\"240\" src=\"https:\/\/blogger.googleusercontent.com\/img\/b\/R29vZ2xl\/AVvXsEhqBcFRohXrX8YM0uH4C_renKCGLIwqEiVZy2xWSmnEUdtTx9M4iPU5VrlJEaOKpH4-bVg5WtC0VSvWI8-sezTu2KWBm42z1vtJjgpbM0CVLkTfiZaHL7tPtXLp0j61V8TGf5puqhyphenhyphenSDq0\/s320\/SAM_2622.JPG\" width=\"320\" \/><\/a><\/td>\n<\/tr>\n<tr>\n<td class=\"tr-caption\" style=\"text-align: center\">Alfredo Amador<\/td>\n<\/tr>\n<\/tbody>\n<\/table>\n<p><\/p>\n<table cellpadding=\"0\" cellspacing=\"0\" class=\"tr-caption-container\" style=\"float: left;margin-right: 1em;text-align: left\">\n<tbody>\n<tr>\n<td style=\"text-align: center\"><a href=\"https:\/\/www.bfv.cloud\/ajedrezeuropa\/wp-content\/uploads\/2016\/03\/SAM_2592.jpg\" style=\"clear: left;margin-bottom: 1em;margin-left: auto;margin-right: auto\"><img decoding=\"async\" border=\"0\" height=\"320\" src=\"https:\/\/blogger.googleusercontent.com\/img\/b\/R29vZ2xl\/AVvXsEiuRWVja_TNf2ocJDxOdC2y3aRXEl45bTSr2rkFhdCMyOPNPkgKsdeogrVWYlCPth49oEHvZpEzd7UHhst26O7fuoSLVWK-U6qWivAzo3OLYYacokeJv2abR1Z-uBuwFJM1m7BHy946gWo\/s320\/SAM_2592.JPG\" width=\"235\" \/><\/a><\/td>\n<\/tr>\n<tr>\n<td class=\"tr-caption\" style=\"text-align: center\">Roberto L\u00f3pez<\/td>\n<\/tr>\n<\/tbody>\n<\/table>\n<p><\/p>\n","protected":false},"excerpt":{"rendered":"<p>Alonso L\u00f3pez El Campeonato Provincial Individual de Toledo lleva disputadas 4 rondas en los dos \u00faltimos fines de semana. Dentro de los 36 participantes se encuentran 3 de nuestros jugadores. Hasta ayer, tanto Alonso L\u00f3pez, como Alfredo Amador y Roberto L\u00f3pez est\u00e1n realizando un buen torneo, situ\u00e1ndose con 2,5 puntos entre los 16 mejores clasificados. [&hellip;]<\/p>\n","protected":false},"author":1,"featured_media":115,"comment_status":"open","ping_status":"closed","sticky":false,"template":"","format":"standard","meta":{"footnotes":""},"categories":[1],"tags":[],"class_list":["post-114","post","type-post","status-publish","format-standard","has-post-thumbnail","hentry","category-noticias"],"_links":{"self":[{"href":"https:\/\/www.bfv.cloud\/ajedrezeuropa\/wp-json\/wp\/v2\/posts\/114","targetHints":{"allow":["GET"]}}],"collection":[{"href":"https:\/\/www.bfv.cloud\/ajedrezeuropa\/wp-json\/wp\/v2\/posts"}],"about":[{"href":"https:\/\/www.bfv.cloud\/ajedrezeuropa\/wp-json\/wp\/v2\/types\/post"}],"author":[{"embeddable":true,"href":"https:\/\/www.bfv.cloud\/ajedrezeuropa\/wp-json\/wp\/v2\/users\/1"}],"replies":[{"embeddable":true,"href":"https:\/\/www.bfv.cloud\/ajedrezeuropa\/wp-json\/wp\/v2\/comments?post=114"}],"version-history":[{"count":1,"href":"https:\/\/www.bfv.cloud\/ajedrezeuropa\/wp-json\/wp\/v2\/posts\/114\/revisions"}],"predecessor-version":[{"id":118,"href":"https:\/\/www.bfv.cloud\/ajedrezeuropa\/wp-json\/wp\/v2\/posts\/114\/revisions\/118"}],"wp:featuredmedia":[{"embeddable":true,"href":"https:\/\/www.bfv.cloud\/ajedrezeuropa\/wp-json\/wp\/v2\/media\/115"}],"wp:attachment":[{"href":"https:\/\/www.bfv.cloud\/ajedrezeuropa\/wp-json\/wp\/v2\/media?parent=114"}],"wp:term":[{"taxonomy":"category","embeddable":true,"href":"https:\/\/www.bfv.cloud\/ajedrezeuropa\/wp-json\/wp\/v2\/categories?post=114"},{"taxonomy":"post_tag","embeddable":true,"href":"https:\/\/www.bfv.cloud\/ajedrezeuropa\/wp-json\/wp\/v2\/tags?post=114"}],"curies":[{"name":"wp","href":"https:\/\/api.w.org\/{rel}","templated":true}]}}