{"id":1140,"date":"2021-09-06T17:26:00","date_gmt":"2021-09-06T17:26:00","guid":{"rendered":"https:\/\/www.bfv.cloud\/ajedrezeuropa\/index.php\/2021\/09\/06\/el-11-de-septiembre-illescas-celebrara-su-torneo-de-ajedrez\/"},"modified":"2025-11-20T10:27:02","modified_gmt":"2025-11-20T10:27:02","slug":"el-11-de-septiembre-illescas-celebrara-su-torneo-de-ajedrez","status":"publish","type":"post","link":"https:\/\/www.bfv.cloud\/ajedrezeuropa\/el-11-de-septiembre-illescas-celebrara-su-torneo-de-ajedrez\/","title":{"rendered":"EL 11 DE SEPTIEMBRE ILLESCAS CELEBRAR\u00c1 SU TORNEO DE AJEDREZ"},"content":{"rendered":"<\/p>\n<div class=\"separator\" style=\"clear: both;text-align: center\"><a href=\"https:\/\/www.bfv.cloud\/ajedrezeuropa\/wp-content\/uploads\/2021\/09\/AJEDREZTORNEOILLESCAS2021.jpg\" style=\"clear: left;float: left;margin-bottom: 1em;margin-right: 1em\"><img fetchpriority=\"high\" decoding=\"async\" border=\"0\" data-original-height=\"2048\" data-original-width=\"1447\" height=\"640\" src=\"https:\/\/blogger.googleusercontent.com\/img\/b\/R29vZ2xl\/AVvXsEgQr0ZE1Ym5ViZNnaVRY6_G_esXlNMXaUrHrJCeNpyg_ywT2JMop-Cu_3YigGpKxKc8KbtgiYraGrzW25oluBwgSKMRREmd2GJi01kQHLMUQ-VcKLaVoxgryLo3TFn36H5-1_jlIO2eTgk\/w452-h640\/AJEDREZ+TORNEO+ILLESCAS+2021.jpg\" width=\"452\" \/><\/a><\/div>\n<p>&nbsp;<span style=\"font-family: verdana;font-size: large\">El Centro de Creaci\u00f3n Joven de Illescas celebrar\u00e1 este s\u00e1bado 11 de septiembre, a partir de las 4 de la tarde, la 5\u00aa edici\u00f3n de su torneo de septiembre.&nbsp;<\/span><\/p>\n<div><span style=\"font-family: verdana;font-size: large\">El aforo est\u00e1 limitado a 60 participantes que deben inscribirse el jueves 9 de septiembre como m\u00e1ximo.<\/span><\/div>\n<div><span style=\"font-family: verdana;font-size: large\"><br \/><\/span><\/div>\n<div><span style=\"font-family: verdana;font-size: large\">Habr\u00e1 trofeos para los 2 primeros clasificados en las categor\u00edas absoluta, sub16, sub12 y sub8, as\u00ed como para las ganadoras y los primeros clasificados locales en cada una de ellas.<\/span><\/div>\n<div><span style=\"font-family: verdana;font-size: large\">A continuaci\u00f3n publicamos las bases del torneo.<\/span><\/div>\n<div><span style=\"font-family: verdana;font-size: large\"><\/p>\n<div class=\"separator\" style=\"clear: both;text-align: center\"><a href=\"https:\/\/www.bfv.cloud\/ajedrezeuropa\/wp-content\/uploads\/2021\/09\/BASESDELVTORNEODESEPTIEMBREILLESCAS2021_001.jpg\" style=\"margin-left: 1em;margin-right: 1em\"><img decoding=\"async\" border=\"0\" data-original-height=\"2048\" data-original-width=\"1447\" height=\"640\" src=\"https:\/\/blogger.googleusercontent.com\/img\/b\/R29vZ2xl\/AVvXsEjwLqExfuD05MSbdxKCe5ze5JrSAiNyi0LCpeq0ZrklE-mg-KDtlBn4-Z8D666gdFEvukUGAtMjimJjyEwNX412wVjJSqcq13xsX8JiWGh1OPDEwumWe-rsHf5pBeM7cHigBgzJuLGSGR8\/w452-h640\/BASES+DEL+V+TORNEO+DE+SEPTIEMBRE+ILLESCAS+2021_001.jpg\" width=\"452\" \/><\/a><\/div>\n<p>&nbsp;<\/span><\/div>\n","protected":false},"excerpt":{"rendered":"<p>&nbsp;El Centro de Creaci\u00f3n Joven de Illescas celebrar\u00e1 este s\u00e1bado 11 de septiembre, a partir de las 4 de la tarde, la 5\u00aa edici\u00f3n de su torneo de septiembre.&nbsp; El aforo est\u00e1 limitado a 60 participantes que deben inscribirse el jueves 9 de septiembre como m\u00e1ximo. Habr\u00e1 trofeos para los 2 primeros clasificados en las [&hellip;]<\/p>\n","protected":false},"author":1,"featured_media":1141,"comment_status":"open","ping_status":"closed","sticky":false,"template":"","format":"standard","meta":{"footnotes":""},"categories":[1],"tags":[],"class_list":["post-1140","post","type-post","status-publish","format-standard","has-post-thumbnail","hentry","category-noticias"],"_links":{"self":[{"href":"https:\/\/www.bfv.cloud\/ajedrezeuropa\/wp-json\/wp\/v2\/posts\/1140","targetHints":{"allow":["GET"]}}],"collection":[{"href":"https:\/\/www.bfv.cloud\/ajedrezeuropa\/wp-json\/wp\/v2\/posts"}],"about":[{"href":"https:\/\/www.bfv.cloud\/ajedrezeuropa\/wp-json\/wp\/v2\/types\/post"}],"author":[{"embeddable":true,"href":"https:\/\/www.bfv.cloud\/ajedrezeuropa\/wp-json\/wp\/v2\/users\/1"}],"replies":[{"embeddable":true,"href":"https:\/\/www.bfv.cloud\/ajedrezeuropa\/wp-json\/wp\/v2\/comments?post=1140"}],"version-history":[{"count":1,"href":"https:\/\/www.bfv.cloud\/ajedrezeuropa\/wp-json\/wp\/v2\/posts\/1140\/revisions"}],"predecessor-version":[{"id":1143,"href":"https:\/\/www.bfv.cloud\/ajedrezeuropa\/wp-json\/wp\/v2\/posts\/1140\/revisions\/1143"}],"wp:featuredmedia":[{"embeddable":true,"href":"https:\/\/www.bfv.cloud\/ajedrezeuropa\/wp-json\/wp\/v2\/media\/1141"}],"wp:attachment":[{"href":"https:\/\/www.bfv.cloud\/ajedrezeuropa\/wp-json\/wp\/v2\/media?parent=1140"}],"wp:term":[{"taxonomy":"category","embeddable":true,"href":"https:\/\/www.bfv.cloud\/ajedrezeuropa\/wp-json\/wp\/v2\/categories?post=1140"},{"taxonomy":"post_tag","embeddable":true,"href":"https:\/\/www.bfv.cloud\/ajedrezeuropa\/wp-json\/wp\/v2\/tags?post=1140"}],"curies":[{"name":"wp","href":"https:\/\/api.w.org\/{rel}","templated":true}]}}