{"id":1144,"date":"2012-11-20T22:27:00","date_gmt":"2012-11-20T22:27:00","guid":{"rendered":"https:\/\/www.bfv.cloud\/ajedrezeuropa\/index.php\/2012\/11\/20\/ya-estan-en-juego-nuestros-5-equipos-en-el-provincial-absoluto\/"},"modified":"2025-11-20T10:27:07","modified_gmt":"2025-11-20T10:27:07","slug":"ya-estan-en-juego-nuestros-5-equipos-en-el-provincial-absoluto","status":"publish","type":"post","link":"https:\/\/www.bfv.cloud\/ajedrezeuropa\/ya-estan-en-juego-nuestros-5-equipos-en-el-provincial-absoluto\/","title":{"rendered":"YA EST\u00c1N EN JUEGO NUESTROS 5 EQUIPOS EN EL PROVINCIAL ABSOLUTO"},"content":{"rendered":"<table cellpadding=\"0\" cellspacing=\"0\" class=\"tr-caption-container\" style=\"float: right;margin-left: 1em;text-align: right\">\n<tbody>\n<tr>\n<td style=\"text-align: center\"><a href=\"https:\/\/www.bfv.cloud\/ajedrezeuropa\/wp-content\/uploads\/2012\/11\/fotosprovincialabs.toledo002.jpg\" style=\"clear: right;margin-bottom: 1em;margin-left: auto;margin-right: auto\"><img fetchpriority=\"high\" decoding=\"async\" border=\"0\" height=\"300\" src=\"https:\/\/blogger.googleusercontent.com\/img\/b\/R29vZ2xl\/AVvXsEjIKK0f06xwxPPAT7ixEKfQ0EO9Dv3zMWtJEbnS2gPTqF4vqf_1r8XtjZ3nJM7O7xX0JBlFj3pDW8OJD20twl9wUzXz9Kb6pNco3m8Ea9vbfUoQBsGSt_OdSDsLOzY6HnWyGcQot_4eRno\/s400\/fotos+provincial+abs.+toledo+002.jpg\" width=\"400\" \/><\/a><\/td>\n<\/tr>\n<tr>\n<td class=\"tr-caption\" style=\"text-align: center\">El equipo C de Nuestro Ajedrez en Europa en la 1\u00aa ronda de la <br \/>\n2\u00aa divisi\u00f3n estuvo representado por \u00d3scar, Marta, Alba y Arturo<\/td>\n<\/tr>\n<\/tbody>\n<\/table>\n<p>&nbsp;<span style=\"color: blue;font-family: Verdana, sans-serif\">El 2\u00ba fin de semana de competici\u00f3n en la 1\u00aa divisi\u00f3n depar\u00f3 un nuevo enfrentamiento entre nuestros equipos con un resultado de 1-3 favorable a Nuestro Ajedrez en Europa \u00abA\u00bb contra el de la Igualdad. Sin embargo, lo m\u00e1s rese\u00f1able fue el comienzo de la competici\u00f3n en la 2\u00aa divisi\u00f3n con la participaci\u00f3n de un total de 10 equipos de los que 2&nbsp;est\u00e1n integrados por&nbsp;chicos y chicas menores de 13 a\u00f1os pertenecientes a las escuelas de Alc\u00e1zar y Villafranca.<\/span><\/p>\n<table cellpadding=\"0\" cellspacing=\"0\" class=\"tr-caption-container\" style=\"float: left;margin-right: 1em;text-align: left\">\n<tbody>\n<tr>\n<td style=\"text-align: center\"><a href=\"https:\/\/www.bfv.cloud\/ajedrezeuropa\/wp-content\/uploads\/2012\/11\/fotosprovincialabs.toledo003.jpg\" style=\"clear: left;margin-bottom: 1em;margin-left: auto;margin-right: auto\"><img decoding=\"async\" border=\"0\" height=\"300\" src=\"https:\/\/blogger.googleusercontent.com\/img\/b\/R29vZ2xl\/AVvXsEj3WJb2hDbURcfOOoMpvDro5zS86_cJAn8kKwaUq7FRhC8wuME40NE7xF3UZjvnGNGFIhyphenhyphenWMLAuo9UFcV-IwMZPXHGlZA3H6vO7TytFB6gLrEVRyJwEHtsRGZLXkOGRkFRToO0NOAjSgYY\/s400\/fotos+provincial+abs.+toledo+003.jpg\" width=\"400\" \/><\/a><\/td>\n<\/tr>\n<tr>\n<td class=\"tr-caption\" style=\"text-align: center\">Julia, Mar\u00eda, Samuel e Iv\u00e1n fueon los 4 tableros de <br \/>\nNuestro Ajedrez por la Igualdad<\/td>\n<\/tr>\n<\/tbody>\n<\/table>\n<p><span style=\"color: blue;font-family: Verdana, sans-serif\">De esta forma, 32 de nuestros&nbsp;j\u00f3venes ajedrecistas disfrutar\u00e1n de alguna partida en Toledo, con la mirada puesta en las pr\u00f3ximas citas por equipos e individuales. Para facilitar el seguimiento de los resultados durante la pr\u00f3xima jornada os vamos a&nbsp;dejar los enlaces con la p\u00e1gina oficial de Chess-Results, aunque debemos advertiros que la actualizaci\u00f3n no se produce hasta la noche del domingo, una vez finalizadas las 2 rondas del d\u00eda.<\/span><\/p>\n<div align=\"center\">\n\ufeff<a href=\"http:\/\/chess-results.com\/tnr84516.aspx?lan=2\"><span style=\"color: #741b47\"><strong>CAMPEONATO DE TOLEDO POR EQUIPOS ABSOLUTO DE 1\u00aa DIVISI\u00d3N<\/strong><\/span><\/a><\/div>\n<div align=\"center\">\n<\/div>\n<div align=\"center\">\n<a href=\"http:\/\/chess-results.com\/tnr85436.aspx?lan=2\"><span style=\"color: #274e13\"><strong>CAMPEONATO DE TOLEDO POR EQUIPOS ABSOLUTO DE 2\u00aa DIVISI\u00d3N<\/strong><\/span><\/a><\/div>\n<p><\/p>\n<table align=\"center\" cellpadding=\"0\" cellspacing=\"0\" class=\"tr-caption-container\" style=\"margin-left: auto;margin-right: auto;text-align: center\">\n<tbody>\n<tr>\n<td style=\"text-align: center\"><a href=\"https:\/\/www.bfv.cloud\/ajedrezeuropa\/wp-content\/uploads\/2012\/11\/fotosprovincialabs.toledo006.jpg\" style=\"margin-left: auto;margin-right: auto\"><img decoding=\"async\" border=\"0\" height=\"300\" src=\"https:\/\/blogger.googleusercontent.com\/img\/b\/R29vZ2xl\/AVvXsEg3JN72H87Z9nQTRHH819ESygjtgXwDLDl4-R-_8cXyvs4_byTetso9p7qKw8woNCyQuZWc3Ickm4VEJSIEJA4mOm3ZVpMFb_hbrz18HlZWXC3eFgtVm3ThyiHAjwUUlyB9HVLUzFFkc4s\/s400\/fotos+provincial+abs.+toledo+006.jpg\" width=\"400\" \/><\/a><\/td>\n<\/tr>\n<tr>\n<td class=\"tr-caption\" style=\"text-align: center\">En 1\u00aa divisi\u00f3n se jugaron la 3\u00aa y 4\u00aa ronda. Nuestros 3 equipos se <br \/>\nencuentran clasificados en la 5\u00aa, 10 \u00aa y 11\u00aa posici\u00f3n<br \/>\nde la clasificaci\u00f3n provisional<\/td>\n<\/tr>\n<\/tbody>\n<\/table>\n","protected":false},"excerpt":{"rendered":"<p>El equipo C de Nuestro Ajedrez en Europa en la 1\u00aa ronda de la 2\u00aa divisi\u00f3n estuvo representado por \u00d3scar, Marta, Alba y Arturo &nbsp;El 2\u00ba fin de semana de competici\u00f3n en la 1\u00aa divisi\u00f3n depar\u00f3 un nuevo enfrentamiento entre nuestros equipos con un resultado de 1-3 favorable a Nuestro Ajedrez en Europa \u00abA\u00bb contra [&hellip;]<\/p>\n","protected":false},"author":1,"featured_media":1145,"comment_status":"open","ping_status":"closed","sticky":false,"template":"","format":"standard","meta":{"footnotes":""},"categories":[1],"tags":[],"class_list":["post-1144","post","type-post","status-publish","format-standard","has-post-thumbnail","hentry","category-noticias"],"_links":{"self":[{"href":"https:\/\/www.bfv.cloud\/ajedrezeuropa\/wp-json\/wp\/v2\/posts\/1144","targetHints":{"allow":["GET"]}}],"collection":[{"href":"https:\/\/www.bfv.cloud\/ajedrezeuropa\/wp-json\/wp\/v2\/posts"}],"about":[{"href":"https:\/\/www.bfv.cloud\/ajedrezeuropa\/wp-json\/wp\/v2\/types\/post"}],"author":[{"embeddable":true,"href":"https:\/\/www.bfv.cloud\/ajedrezeuropa\/wp-json\/wp\/v2\/users\/1"}],"replies":[{"embeddable":true,"href":"https:\/\/www.bfv.cloud\/ajedrezeuropa\/wp-json\/wp\/v2\/comments?post=1144"}],"version-history":[{"count":1,"href":"https:\/\/www.bfv.cloud\/ajedrezeuropa\/wp-json\/wp\/v2\/posts\/1144\/revisions"}],"predecessor-version":[{"id":1148,"href":"https:\/\/www.bfv.cloud\/ajedrezeuropa\/wp-json\/wp\/v2\/posts\/1144\/revisions\/1148"}],"wp:featuredmedia":[{"embeddable":true,"href":"https:\/\/www.bfv.cloud\/ajedrezeuropa\/wp-json\/wp\/v2\/media\/1145"}],"wp:attachment":[{"href":"https:\/\/www.bfv.cloud\/ajedrezeuropa\/wp-json\/wp\/v2\/media?parent=1144"}],"wp:term":[{"taxonomy":"category","embeddable":true,"href":"https:\/\/www.bfv.cloud\/ajedrezeuropa\/wp-json\/wp\/v2\/categories?post=1144"},{"taxonomy":"post_tag","embeddable":true,"href":"https:\/\/www.bfv.cloud\/ajedrezeuropa\/wp-json\/wp\/v2\/tags?post=1144"}],"curies":[{"name":"wp","href":"https:\/\/api.w.org\/{rel}","templated":true}]}}