{"id":1149,"date":"2018-02-26T21:08:00","date_gmt":"2018-02-26T21:08:00","guid":{"rendered":"https:\/\/www.bfv.cloud\/ajedrezeuropa\/index.php\/2018\/02\/26\/nuestro-ajedrez-en-europa-retoma-la-colaboracion-con-la-delegacion-de-educacion-de-toledo\/"},"modified":"2025-11-20T10:27:11","modified_gmt":"2025-11-20T10:27:11","slug":"nuestro-ajedrez-en-europa-retoma-la-colaboracion-con-la-delegacion-de-educacion-de-toledo","status":"publish","type":"post","link":"https:\/\/www.bfv.cloud\/ajedrezeuropa\/nuestro-ajedrez-en-europa-retoma-la-colaboracion-con-la-delegacion-de-educacion-de-toledo\/","title":{"rendered":"NUESTRO AJEDREZ EN EUROPA RETOMA LA COLABORACI\u00d3N CON LA DELEGACI\u00d3N DE EDUCACI\u00d3N DE TOLEDO"},"content":{"rendered":"<table align=\"center\" cellpadding=\"0\" cellspacing=\"0\" class=\"tr-caption-container\" style=\"margin-left: auto;margin-right: auto;text-align: center\">\n<tbody>\n<tr>\n<td style=\"text-align: center\"><a href=\"https:\/\/www.bfv.cloud\/ajedrezeuropa\/wp-content\/uploads\/2018\/02\/TODOSATENTOSENCLASEIESO.jpg\" style=\"margin-left: auto;margin-right: auto\"><img fetchpriority=\"high\" decoding=\"async\" border=\"0\" data-original-height=\"488\" data-original-width=\"1132\" height=\"270\" src=\"https:\/\/blogger.googleusercontent.com\/img\/b\/R29vZ2xl\/AVvXsEj6kWpHy1CRrh6FBFF8yRj-7I0YKBCceel9u-AFJ-zN9C6uXt-CmmRrPW0eDnvFFRCU5_ZZePB4qlekhsx7ORUeVIdyYLqIxulbPvHHqe06qZvIRqP4rv2e2sn51TD28weJ7hpyaApObTQ\/s640\/TODOS+ATENTOS+EN+CLASE+IESO.jpg\" width=\"640\" \/><\/a><\/td>\n<\/tr>\n<tr>\n<td class=\"tr-caption\" style=\"text-align: center\">Comienza la clase en el IESO La Falcata de Villafranca de los Caballeros<\/td>\n<\/tr>\n<\/tbody>\n<\/table>\n<p><\/p>\n<table cellpadding=\"0\" cellspacing=\"0\" class=\"tr-caption-container\" style=\"float: right;margin-left: 1em;text-align: right\">\n<tbody>\n<tr>\n<td style=\"text-align: center\"><a href=\"https:\/\/www.bfv.cloud\/ajedrezeuropa\/wp-content\/uploads\/2018\/02\/MARIALUISAENCLASEIESOLAFALCATA.jpg\" style=\"clear: right;margin-bottom: 1em;margin-left: auto;margin-right: auto\"><img decoding=\"async\" border=\"0\" data-original-height=\"1386\" data-original-width=\"1116\" height=\"400\" src=\"https:\/\/blogger.googleusercontent.com\/img\/b\/R29vZ2xl\/AVvXsEgpkyBPzEG-obo_RnPZ_ijLr78hDKcZc31mnPWi2jO7lrXiHG0KhrCLOzkUFSTbEWYPXepRGKgRyosFXaa_DavkSQ8zZN-dcVvRByHFaMjr9cBq0vOP2mmCAGGUY3e28ClSqcDtUIZVe8Q\/s400\/MARIA+LUISA+EN+CLASE+IESO+LA+FALCATA.jpg\" width=\"318\" \/><\/a><\/td>\n<\/tr>\n<tr>\n<td class=\"tr-caption\" style=\"text-align: center\">M\u00aa Luisa ense\u00f1a a reconocer las partes del tablero<\/td>\n<\/tr>\n<\/tbody>\n<\/table>\n<div class=\"MsoNormal\" style=\"text-align: justify\">\n<span style=\", sans-serif;font-size: large\">La Delegaci\u00f3n Provincial de Educaci\u00f3n de Toledo junto a Nuestro Ajedrez en Europa han retomado el proyecto de \u00abIniciaci\u00f3n al ajedrez en la escuela\u00bb a trav\u00e9s del programa \u00abSomos Deporte 3-18\u00bb promovido por la Direcci\u00f3n General de Deportes. El proyecto se inici\u00f3 el lunes 19 de febrero y se extender\u00e1 hasta el viernes 18 de mayo del presente curso escolar. En esta ocasi\u00f3n son varios colegios de educaci\u00f3n primaria e institutos de secundaria los que participan.<\/span><br \/>\n<span style=\", sans-serif;font-size: large\">El viernes pasado el CEIP Villa de Torrijos y el IESO La Falcata de Villafranca de los Caballeros iniciaban sus clases dentro del proyecto. En Torrijos se dieron cita los responsables de Educaci\u00f3n de Toledo, Jos\u00e9 Manuel Almeida y Noelia P\u00e9rez, junto al alcalde, Anastasio Arevalillo, y otros concejales de la localidad, para tomar un primer contacto con la realidad del proyecto formativo que desarrolla Nuestro Ajedrez en Europa.&nbsp;<\/span><br \/>\n<span style=\", sans-serif;font-size: large\">A continuaci\u00f3n publicamos la nota de prensa elaborada desde la Direcci\u00f3n Provincial de Educaci\u00f3n con motivo del inicio del programa de promoci\u00f3n deportiva en 122 centros de Toledo:<\/span><\/div>\n<table cellpadding=\"0\" cellspacing=\"0\" class=\"tr-caption-container\" style=\"clear: left;float: left;margin-bottom: 1em;margin-right: 1em;text-align: left\">\n<tbody>\n<tr>\n<td style=\"text-align: center\"><a href=\"https:\/\/www.bfv.cloud\/ajedrezeuropa\/wp-content\/uploads\/2018\/02\/FOTOVISITAEDUCACIONACOLEVILLATORRIJOS.jpg\" style=\"clear: left;margin-bottom: 1em;margin-left: auto;margin-right: auto\"><img decoding=\"async\" border=\"0\" data-original-height=\"638\" data-original-width=\"754\" height=\"337\" src=\"https:\/\/blogger.googleusercontent.com\/img\/b\/R29vZ2xl\/AVvXsEgiW5eCH_3BJJDqrMzHQBMmZPyg37rIislciTKvTDWU4kbj58-LuBiA6RyeHxOoXIBhdQ-qEQh50rQXMgkCyv_U_A0drWdcC2_KksK00s9IVpqsGaZ2SfsVIBBmRaCGuLsReIz24c-AjIw\/s400\/FOTO+VISITA+EDUCACION+A+COLE+VILLA+TORRIJOS.jpg\" width=\"400\" \/><\/a><\/td>\n<\/tr>\n<tr>\n<td class=\"tr-caption\" style=\"text-align: center\">El Director Provincial de Educaci\u00f3n junto al alcalde de Torrijos en el<br \/>\ncomienzo del proyecto en el colegio Villa de Torrijos<\/p>\n<p><\/td>\n<\/tr>\n<\/tbody>\n<\/table>\n<div class=\"MsoNormal\" style=\"text-align: justify\">\n<b><span style=\"font-size: large\"><br \/><\/span><\/b><br \/>\n<b><span style=\"font-size: large\">La Direcci\u00f3n Provincial&nbsp; de Educaci\u00f3n, Cultura&nbsp; y Deportes dentro de la l\u00ednea de Promoci\u00f3n<br \/>\nDeportiva del Programa desarrollado por la Direcci\u00f3n General de Deportes \u201cSomos<br \/>\nDeporte 3-18\u201d, ya ha empezado con la promoci\u00f3n deportiva en centros educativos,&nbsp; que ser\u00e1 impartido por profesionales en cada<br \/>\nmateria. Hoy el Director Provincial de Educaci\u00f3n de Toledo, Jos\u00e9 Manuel Almeida<br \/>\nGordillo&nbsp; junto con el alcalde de la<br \/>\nlocalidad de Torrijos Anastasio Arevalillo, ha querido conocer de primera mano<br \/>\nc\u00f3mo se est\u00e1 desarrollando &nbsp;la promoci\u00f3n<br \/>\ndel Ajedrez en el CEIP Villa de Torrijos. Tanto el director Provincial,<br \/>\nalcalde, concejales y profesores del&nbsp;<br \/>\ncentro han podido comprobar y vivir en primera persona &nbsp;el gran poder que tiene el ajedrez como<br \/>\nherramienta trasversal&nbsp; dentro de las<br \/>\ndistintas materias,&nbsp; como el ajedrez&nbsp; contribuye al aprender jugando, aprender&nbsp; los valores, fundamentos y reglas b\u00e1sicas del<br \/>\najedrez, as\u00ed como respetar a los compa\u00f1eros de clase y de juegos &nbsp;mediante el conocimiento de las normas y<br \/>\nturnos de juego del ajedrez , mejorar y trabajar el c\u00e1lculo mental , aprender a<br \/>\naceptar el resultado del juego,&nbsp; mejorar<br \/>\nla memoria visual, la atenci\u00f3n, el c\u00e1lculo matem\u00e1tico, la comprensi\u00f3n lectora,<br \/>\nla concentraci\u00f3n en el estudio, y un largo etc\u00e9tera.&nbsp; El Director Provincial, ha resaltado la gran<br \/>\natenci\u00f3n, compa\u00f1erismo y diversi\u00f3n que han experimentado los alumnos durante<br \/>\nesta primera jornada de diez que se van a impartir.<\/span><\/b><\/div>\n<div class=\"separator\" style=\"clear: both;text-align: center\">\n<\/div>\n<table align=\"center\" cellpadding=\"0\" cellspacing=\"0\" class=\"tr-caption-container\" style=\"margin-left: 1em;margin-right: 1em;text-align: center\">\n<tbody>\n<tr>\n<td style=\"text-align: center\"><a href=\"https:\/\/www.bfv.cloud\/ajedrezeuropa\/wp-content\/uploads\/2018\/02\/CLASEENIESOLAFALCATA.jpg\" style=\"margin-left: auto;margin-right: auto\"><img loading=\"lazy\" decoding=\"async\" border=\"0\" data-original-height=\"453\" data-original-width=\"1041\" height=\"274\" src=\"https:\/\/blogger.googleusercontent.com\/img\/b\/R29vZ2xl\/AVvXsEig7ntZfBjEBYyyq6pp1TDaxYS3km74WcVPxJmMRtVmnVzJq6IPktApH6q3BpKq2WqIYtZggM9YwsOVqxxETMjZKbXKXW8KYzxr5X61wWKg1yPXGwpWdiLq2zwCYFJKnHtF8dkegeGrIP0\/s640\/CLASE+EN+IESO+LA+FALCATA.jpg\" width=\"640\" \/><\/a><\/td>\n<\/tr>\n<tr>\n<td class=\"tr-caption\" style=\"text-align: center\">Las clases se imparten ayudados de material audiovisual<\/td>\n<\/tr>\n<\/tbody>\n<\/table>\n","protected":false},"excerpt":{"rendered":"<p>Comienza la clase en el IESO La Falcata de Villafranca de los Caballeros M\u00aa Luisa ense\u00f1a a reconocer las partes del tablero La Delegaci\u00f3n Provincial de Educaci\u00f3n de Toledo junto a Nuestro Ajedrez en Europa han retomado el proyecto de \u00abIniciaci\u00f3n al ajedrez en la escuela\u00bb a trav\u00e9s del programa \u00abSomos Deporte 3-18\u00bb promovido por [&hellip;]<\/p>\n","protected":false},"author":1,"featured_media":1150,"comment_status":"open","ping_status":"closed","sticky":false,"template":"","format":"standard","meta":{"footnotes":""},"categories":[1],"tags":[],"class_list":["post-1149","post","type-post","status-publish","format-standard","has-post-thumbnail","hentry","category-noticias"],"_links":{"self":[{"href":"https:\/\/www.bfv.cloud\/ajedrezeuropa\/wp-json\/wp\/v2\/posts\/1149","targetHints":{"allow":["GET"]}}],"collection":[{"href":"https:\/\/www.bfv.cloud\/ajedrezeuropa\/wp-json\/wp\/v2\/posts"}],"about":[{"href":"https:\/\/www.bfv.cloud\/ajedrezeuropa\/wp-json\/wp\/v2\/types\/post"}],"author":[{"embeddable":true,"href":"https:\/\/www.bfv.cloud\/ajedrezeuropa\/wp-json\/wp\/v2\/users\/1"}],"replies":[{"embeddable":true,"href":"https:\/\/www.bfv.cloud\/ajedrezeuropa\/wp-json\/wp\/v2\/comments?post=1149"}],"version-history":[{"count":1,"href":"https:\/\/www.bfv.cloud\/ajedrezeuropa\/wp-json\/wp\/v2\/posts\/1149\/revisions"}],"predecessor-version":[{"id":1154,"href":"https:\/\/www.bfv.cloud\/ajedrezeuropa\/wp-json\/wp\/v2\/posts\/1149\/revisions\/1154"}],"wp:featuredmedia":[{"embeddable":true,"href":"https:\/\/www.bfv.cloud\/ajedrezeuropa\/wp-json\/wp\/v2\/media\/1150"}],"wp:attachment":[{"href":"https:\/\/www.bfv.cloud\/ajedrezeuropa\/wp-json\/wp\/v2\/media?parent=1149"}],"wp:term":[{"taxonomy":"category","embeddable":true,"href":"https:\/\/www.bfv.cloud\/ajedrezeuropa\/wp-json\/wp\/v2\/categories?post=1149"},{"taxonomy":"post_tag","embeddable":true,"href":"https:\/\/www.bfv.cloud\/ajedrezeuropa\/wp-json\/wp\/v2\/tags?post=1149"}],"curies":[{"name":"wp","href":"https:\/\/api.w.org\/{rel}","templated":true}]}}