{"id":1155,"date":"2014-06-30T22:20:00","date_gmt":"2014-06-30T22:20:00","guid":{"rendered":"https:\/\/www.bfv.cloud\/ajedrezeuropa\/index.php\/2014\/06\/30\/ya-tenemos-22-ajedrecistas-con-evaluacion-internacional\/"},"modified":"2025-11-20T10:27:12","modified_gmt":"2025-11-20T10:27:12","slug":"ya-tenemos-22-ajedrecistas-con-evaluacion-internacional","status":"publish","type":"post","link":"https:\/\/www.bfv.cloud\/ajedrezeuropa\/ya-tenemos-22-ajedrecistas-con-evaluacion-internacional\/","title":{"rendered":"YA TENEMOS 22 AJEDRECISTAS CON EVALUACI\u00d3N INTERNACIONAL"},"content":{"rendered":"<div class=\"separator\" style=\"clear: both;text-align: center\">\n<a href=\"https:\/\/www.bfv.cloud\/ajedrezeuropa\/wp-content\/uploads\/2014\/06\/IMG-20140601-WA0006.jpg\" style=\"clear: right;float: right;margin-bottom: 1em;margin-left: 1em\"><img fetchpriority=\"high\" decoding=\"async\" border=\"0\" src=\"https:\/\/www.bfv.cloud\/ajedrezeuropa\/wp-content\/uploads\/2014\/06\/IMG-20140601-WA0006.jpg\" height=\"302\" width=\"400\" \/><\/a><\/div>\n<div align=\"left\" class=\"MsoTitle\">\n<b><span style=\"font-family: Verdana, sans-serif\"><u>Seg\u00fan los datos facilitados por la FIDE en su listado de 1 de julio<\/u><span style=\"font-size: small\"><\/span><\/span><\/b><\/div>\n<div align=\"left\" class=\"MsoTitle\">\n<span style=\"font-family: Verdana, sans-serif\">Como cada mes, la FIDE y la<br \/>\nFEDA acaban de hacer p\u00fablicas sus respectivas listas de ELO internacional y<br \/>\nnacional. Con los nuevos datos en la mano son 22 el actual n\u00famero de<br \/>\najedrecistas que han obtenido evaluaci\u00f3n ELO y mantienen licencia federativa en<br \/>\nalguno de nuestros clubes. La \u00faltima jugadora en incorporarse a esta lista ha<br \/>\nsido Alba P\u00edriz Fern\u00e1ndez, que tras su buena actuaci\u00f3n en el regional escolar<br \/>\nha conseguido sumar el tercer bloque necesario para lograr el rating<br \/>\ninternacional. Alba, parte con 1.265 puntos en esta primera publicaci\u00f3n,<br \/>\nconvirti\u00e9ndose en la quinta chica del proyecto que alcanza ELO FIDE y<br \/>\nsitu\u00e1ndose tercera en nuestro ranking femenino. <\/span><\/div>\n<div align=\"left\" class=\"MsoTitle\">\n<b><span style=\"font-family: Verdana, sans-serif\"><u>Mejoras importantes de varios jugadores<\/u><\/span><\/b><\/div>\n<div align=\"left\" class=\"MsoTitle\">\n<span style=\"font-family: Verdana, sans-serif\">Por otro lado, este nuevo<br \/>\nlistado ofrece algunas variaciones significativas de varios de nuestros<br \/>\njugadores, en especial de Javier Valdepe\u00f1as, que gana 35 puntos y supera los<br \/>\n1.700, y de Carlos \u00c1lvarez, que se mantiene por encima de los 1.900 puntos tras<br \/>\nsumar 14 a su rating anterior. En los pr\u00f3ximos meses conoceremos m\u00e1s novedades<br \/>\nen la lista de jugadores y jugadoras de nuestros clubes. De momento, publicamos<br \/>\nnuestro ranking actual:<\/span><\/div>\n<div style=\"text-align: center\">\n<span style=\"font-family: Verdana, sans-serif;font-size: small\"><b><span style=\"color: blue\">Fernando Visier<\/span> (FM)&nbsp;&nbsp; 2.233<\/b><\/span><\/div>\n<div style=\"text-align: center\">\n<span style=\"font-family: Verdana, sans-serif\"><b><span style=\"color: blue\">Santiago<br \/>\nTalavera<\/span><\/b><b>&nbsp;&nbsp; 2.005<\/b><\/span><\/div>\n<div class=\"MsoNormal\" style=\"text-align: center\">\n<span style=\"font-family: Verdana, sans-serif\"><b><span style=\"color: blue\">Daniel P\u00edriz<\/span><\/b><b>&nbsp;&nbsp;&nbsp; 1.991<\/b><\/span><\/div>\n<div class=\"MsoNormal\" style=\"text-align: center\">\n<span style=\"font-family: Verdana, sans-serif\"><b><span style=\"color: blue\">Carlos<br \/>\n\u00c1lvarez <\/span><\/b>(S18)<b>&nbsp; 1.936<\/b><\/span><\/div>\n<div class=\"MsoNormal\" style=\"text-align: center\">\n<span style=\"font-family: Verdana, sans-serif\"><b><span style=\"color: blue\">Jos\u00e9 M\u00aa<br \/>\nRedondo<\/span><\/b><b>&nbsp;&nbsp;&nbsp; 1.929<\/b><\/span><\/div>\n<div class=\"MsoNormal\" style=\"text-align: center\">\n<span style=\"font-family: Verdana, sans-serif\"><b><span style=\"color: blue\">Jorge Sim\u00f3n<\/span><\/b><b>&nbsp;&nbsp; 1.893<\/b><\/span><\/div>\n<div class=\"MsoNormal\" style=\"text-align: center\">\n<span style=\"font-family: Verdana, sans-serif\"><b><span style=\"color: blue\">Luis Miguel<br \/>\nMonreal<\/span><\/b><b>&nbsp;&nbsp; 1.840<\/b><\/span><\/div>\n<div class=\"MsoNormal\" style=\"text-align: center\">\n<span style=\"font-family: Verdana, sans-serif\"><b><span lang=\"EN-GB\" style=\"color: blue\">Isaac Lozano<\/span><\/b><b><span lang=\"EN-GB\"> <\/span><\/b><span lang=\"EN-GB\">(S18)<b>&nbsp; &nbsp;1.767<\/b><\/span><\/span><\/div>\n<div class=\"MsoNormal\" style=\"text-align: center\">\n<b><span style=\"font-family: Verdana, sans-serif\"><span style=\"color: blue\">Jos\u00e9 \u00c1ngel Vela<\/span>&nbsp;&nbsp; 1.714<\/span><\/b><\/div>\n<div style=\"text-align: center\">\n<span style=\"font-family: Verdana, sans-serif\"><b><span style=\"color: blue\">Antonio Albo<\/span><\/b><b>&nbsp;&nbsp; 1.704<\/b><\/span><\/div>\n<div style=\"text-align: center\">\n<span style=\"font-family: Verdana, sans-serif\"><b><span style=\"color: blue\">Javier Valdepe\u00f1as<\/span><\/b><b> <\/b>(S16)<b>&nbsp;&nbsp; 1.701<\/b><\/span><\/div>\n<div class=\"MsoNormal\" style=\"text-align: center\">\n<span style=\"font-family: Verdana, sans-serif\"><b><span style=\"color: blue\">Sergio<br \/>\nValencia<\/span><\/b><b>&nbsp;&nbsp; 1.689<\/b><\/span><\/div>\n<div class=\"MsoNormal\" style=\"text-align: center\">\n<span style=\"font-family: Verdana, sans-serif\"><b><span style=\"color: blue\">Carlos Romo<\/span><\/b><b>&nbsp;&nbsp; 1.683<\/b><\/span><\/div>\n<div class=\"MsoNormal\" style=\"text-align: center\">\n<span style=\"font-family: Verdana, sans-serif\"><b><span style=\"color: blue\">Jos\u00e9 M\u00aa<br \/>\nPastrana<\/span><\/b><b>&nbsp;&nbsp; 1.670<\/b><\/span><\/div>\n<div class=\"MsoNormal\" style=\"text-align: center\">\n<span style=\"font-family: Verdana, sans-serif\"><b><span style=\"color: blue\">Cosimo<br \/>\nLeonardo de Giorgi<\/span><\/b><b> <\/b>(S18)<b>&nbsp;&nbsp; 1.615<\/b><\/span><\/div>\n<div class=\"MsoNormal\" style=\"text-align: center\">\n<span style=\"font-family: Verdana, sans-serif\"><b><span lang=\"EN-GB\" style=\"color: blue\">Daniel Salas<\/span><\/b><b><span lang=\"EN-GB\">&nbsp;&nbsp; 1.593<\/span><\/b><\/span><\/div>\n<div class=\"MsoNormal\" style=\"text-align: center\">\n<span style=\"font-family: Verdana, sans-serif\"><b><span lang=\"EN-GB\" style=\"color: blue\">Jes\u00fas M\u00aa Bricio<\/span><\/b><b><span lang=\"EN-GB\">&nbsp; <\/span><\/b><span lang=\"EN-GB\">(S18)&nbsp;&nbsp; <b>1.517<\/b><\/span><\/span><\/div>\n<div class=\"MsoNormal\" style=\"text-align: center\">\n<span style=\"font-family: Verdana, sans-serif\"><b><span lang=\"EN-GB\" style=\"color: blue\">Irene Sim\u00f3n<\/span><\/b><b><span lang=\"EN-GB\">&nbsp; (<\/span><\/b><span lang=\"EN-GB\">S14F)&nbsp;&nbsp;&nbsp; <b>1.460<\/b><\/span><\/span><\/div>\n<div class=\"MsoNormal\" style=\"text-align: center\">\n<span style=\"font-family: Verdana, sans-serif\"><b><span style=\"color: blue\">Silvia<br \/>\nToribio<\/span><\/b><b> <\/b>(S16F)&nbsp;&nbsp;&nbsp; <b>1.393<\/b><\/span><\/div>\n<div class=\"MsoNormal\" style=\"text-align: center\">\n<span style=\"font-family: Verdana, sans-serif\"><span style=\"color: blue;font-weight: bold\">Julio M\u00e9rida<\/span> (S14)<b>&nbsp;&nbsp; 1.357<\/b><\/span><\/div>\n<div class=\"MsoNormal\" style=\"text-align: center\">\n<span style=\"font-family: Verdana, sans-serif\"><b><span style=\"color: blue\">Alba P\u00edriz<\/span><\/b><b>&nbsp; <\/b>(S16F)&nbsp;&nbsp; <b>1.265<\/b><\/span><\/div>\n<div class=\"MsoNormal\" style=\"text-align: center\">\n<span style=\"font-family: Verdana, sans-serif\"><span style=\"color: blue;font-weight: bold\">Isabel Marcos-Alberca<\/span> (S12F)<b>&nbsp;&nbsp; 1.063<\/b><\/span><\/div>\n","protected":false},"excerpt":{"rendered":"<p>Seg\u00fan los datos facilitados por la FIDE en su listado de 1 de julio Como cada mes, la FIDE y la FEDA acaban de hacer p\u00fablicas sus respectivas listas de ELO internacional y nacional. Con los nuevos datos en la mano son 22 el actual n\u00famero de ajedrecistas que han obtenido evaluaci\u00f3n ELO y mantienen [&hellip;]<\/p>\n","protected":false},"author":1,"featured_media":1156,"comment_status":"open","ping_status":"closed","sticky":false,"template":"","format":"standard","meta":{"footnotes":""},"categories":[1],"tags":[],"class_list":["post-1155","post","type-post","status-publish","format-standard","has-post-thumbnail","hentry","category-noticias"],"_links":{"self":[{"href":"https:\/\/www.bfv.cloud\/ajedrezeuropa\/wp-json\/wp\/v2\/posts\/1155","targetHints":{"allow":["GET"]}}],"collection":[{"href":"https:\/\/www.bfv.cloud\/ajedrezeuropa\/wp-json\/wp\/v2\/posts"}],"about":[{"href":"https:\/\/www.bfv.cloud\/ajedrezeuropa\/wp-json\/wp\/v2\/types\/post"}],"author":[{"embeddable":true,"href":"https:\/\/www.bfv.cloud\/ajedrezeuropa\/wp-json\/wp\/v2\/users\/1"}],"replies":[{"embeddable":true,"href":"https:\/\/www.bfv.cloud\/ajedrezeuropa\/wp-json\/wp\/v2\/comments?post=1155"}],"version-history":[{"count":1,"href":"https:\/\/www.bfv.cloud\/ajedrezeuropa\/wp-json\/wp\/v2\/posts\/1155\/revisions"}],"predecessor-version":[{"id":1157,"href":"https:\/\/www.bfv.cloud\/ajedrezeuropa\/wp-json\/wp\/v2\/posts\/1155\/revisions\/1157"}],"wp:featuredmedia":[{"embeddable":true,"href":"https:\/\/www.bfv.cloud\/ajedrezeuropa\/wp-json\/wp\/v2\/media\/1156"}],"wp:attachment":[{"href":"https:\/\/www.bfv.cloud\/ajedrezeuropa\/wp-json\/wp\/v2\/media?parent=1155"}],"wp:term":[{"taxonomy":"category","embeddable":true,"href":"https:\/\/www.bfv.cloud\/ajedrezeuropa\/wp-json\/wp\/v2\/categories?post=1155"},{"taxonomy":"post_tag","embeddable":true,"href":"https:\/\/www.bfv.cloud\/ajedrezeuropa\/wp-json\/wp\/v2\/tags?post=1155"}],"curies":[{"name":"wp","href":"https:\/\/api.w.org\/{rel}","templated":true}]}}