{"id":1158,"date":"2020-01-05T11:34:00","date_gmt":"2020-01-05T11:34:00","guid":{"rendered":"https:\/\/www.bfv.cloud\/ajedrezeuropa\/index.php\/2020\/01\/05\/el-torneo-de-la-igualdad-se-hace-grande-en-participacion-y-en-reivindicaciones\/"},"modified":"2025-11-20T10:27:19","modified_gmt":"2025-11-20T10:27:19","slug":"el-torneo-de-la-igualdad-se-hace-grande-en-participacion-y-en-reivindicaciones","status":"publish","type":"post","link":"https:\/\/www.bfv.cloud\/ajedrezeuropa\/el-torneo-de-la-igualdad-se-hace-grande-en-participacion-y-en-reivindicaciones\/","title":{"rendered":"EL TORNEO DE LA IGUALDAD SE HACE GRANDE EN PARTICIPACI\u00d3N Y EN REIVINDICACIONES"},"content":{"rendered":"<table align=\"center\" cellpadding=\"0\" cellspacing=\"0\" class=\"tr-caption-container\" style=\"margin-left: auto;margin-right: auto;text-align: center\">\n<tbody>\n<tr>\n<td style=\"text-align: center\"><a href=\"https:\/\/www.bfv.cloud\/ajedrezeuropa\/wp-content\/uploads\/2020\/01\/UNAGRANPARTICIPACION.jpg\" style=\"margin-left: auto;margin-right: auto\"><img fetchpriority=\"high\" decoding=\"async\" border=\"0\" data-original-height=\"951\" data-original-width=\"1586\" height=\"384\" src=\"https:\/\/blogger.googleusercontent.com\/img\/b\/R29vZ2xl\/AVvXsEgxvACDsi-vkPF3wNA5KMyQarfB-yQ1LVLwnfwM4xD2b-Ea7Rl1VR_sWrSl9YPFz3rRGsf55CTkSxOPYEAIovIvwH5prmlU5u4jJnuXD7Xz7MwwM5Fsux23KnYRj6hmn681DQAJI2K7fAI\/s640\/UNA+GRAN+PARTICIPACION.jpg\" width=\"640\" \/><\/a><\/td>\n<\/tr>\n<tr>\n<td class=\"tr-caption\" style=\"text-align: center\">El sal\u00f3n de actos de la casa de la cultura se llen\u00f3 de jugadores y jugadoras<\/td>\n<\/tr>\n<\/tbody>\n<\/table>\n<p><span style=\"font-family: Courier New, Courier, monospace;font-size: large\"><b>El Torneo de Ajedrez por la Igualdad congreg\u00f3 a m\u00e1s de 60 hombres y mujeres, 25 de ellos menores de 12 a\u00f1os, durante la ma\u00f1ana y primeras horas de la tarde del pasado s\u00e1bado 4 de enero. El sal\u00f3n de actos de la casa de la cultura de Villafranca de los Caballeros casi se qued\u00f3 peque\u00f1o para recibir a las decenas de ajedrecistas llegados de distintos pueblos de Toledo, Ciudad Real, Albacete o Madrid.<\/p>\n<table align=\"center\" cellpadding=\"0\" cellspacing=\"0\" class=\"tr-caption-container\" style=\"margin-left: auto;margin-right: auto;text-align: center\">\n<tbody>\n<tr>\n<td style=\"text-align: center\"><a href=\"https:\/\/www.bfv.cloud\/ajedrezeuropa\/wp-content\/uploads\/2020\/01\/LOSPRIMEROSTABLEROSDELTORNEO.jpg\" style=\"margin-left: auto;margin-right: auto\"><img decoding=\"async\" border=\"0\" data-original-height=\"1036\" data-original-width=\"1532\" height=\"430\" src=\"https:\/\/blogger.googleusercontent.com\/img\/b\/R29vZ2xl\/AVvXsEjPhexHE4x1ONPD24vnK7jxjVW6zpa45O9SlSK5XXJAwbOHjGilxB88foXVxBbZOhEa9Jr6-hgVaKUJpJgFM-vO8pgCseO7XMlhmj5l76Cnj9230ewPkn9BxrQgwqACH97JXJqbPmCuyd0\/s640\/LOS+PRIMEROS+TABLEROS+DEL+TORNEO.jpg\" width=\"640\" \/><\/a><\/td>\n<\/tr>\n<tr>\n<td class=\"tr-caption\" style=\"text-align: center\">Ante el tablero<\/td>\n<\/tr>\n<\/tbody>\n<\/table>\n<p><\/b><\/span><br \/>\n<b style=\", Courier, monospace;font-size: x-large\"><i><u>Reivindicando la igualdad<\/u><\/i>&nbsp;<\/b><br \/>\n<span style=\"font-family: Courier New, Courier, monospace;font-size: large\"><b>En sus 15 ediciones, este torneo, ha reivindicado el papel principal que debe jugar la mujer en el deporte de la mente. Uno de los frutos de este trabajo es la importante participaci\u00f3n femenina en los \u00faltimos torneos celebrados. En concreto, las 2 categor\u00edas de los torneos de la Navidad de 2019\/2020 recibieron a 13 j\u00f3venes jugadoras, 9 ni\u00f1as de menos de 12 a\u00f1os y 4 de entre 14 y 21 a\u00f1os de edad.<\/b><\/span><\/p>\n<table align=\"center\" cellpadding=\"0\" cellspacing=\"0\" class=\"tr-caption-container\" style=\"margin-left: auto;margin-right: auto;text-align: center\">\n<tbody>\n<tr>\n<td style=\"text-align: center\"><a href=\"https:\/\/www.bfv.cloud\/ajedrezeuropa\/wp-content\/uploads\/2020\/01\/ELAJEDREZFEMENINO.jpg\" style=\"margin-left: auto;margin-right: auto\"><img decoding=\"async\" border=\"0\" data-original-height=\"979\" data-original-width=\"1581\" height=\"390\" src=\"https:\/\/blogger.googleusercontent.com\/img\/b\/R29vZ2xl\/AVvXsEgJl0T7K16Lg4FiqaF-0QFr3jhAoqJB6Okyi1Us-R33IJqPHK65n24S1wTCJzITXq6gpJA9RlKVRkh5yLrtitVQsdH6Hm9VhktwTIHDVMl3PLdrGC1MP1LJhlZFYQ2Hr_lUbUHFk2K92S0\/s640\/EL+AJEDREZ+FEMENINO.jpg\" width=\"640\" \/><\/a><\/td>\n<\/tr>\n<tr>\n<td class=\"tr-caption\" style=\"text-align: center\">Un gran n\u00famero de chicas y j\u00f3venes jugadoras se dieron cita ne el Torneo de la Igualdad<\/td>\n<\/tr>\n<\/tbody>\n<\/table>\n<p><span style=\"font-family: Courier New, Courier, monospace;font-size: large\"><b><br \/><\/b><\/span><br \/>\n<span style=\"font-family: Courier New, Courier, monospace;font-size: large\"><b><i><u>Aportando a la causa de Las Lagunas de Villafranca<\/u><\/i><\/b><\/span><\/p>\n<table align=\"center\" cellpadding=\"0\" cellspacing=\"0\" class=\"tr-caption-container\" style=\"margin-left: auto;margin-right: auto;text-align: center\">\n<tbody>\n<tr>\n<td style=\"text-align: center\"><a href=\"https:\/\/www.bfv.cloud\/ajedrezeuropa\/wp-content\/uploads\/2020\/01\/ELTABLEROGIGANTE.jpg\" style=\"margin-left: auto;margin-right: auto\"><img loading=\"lazy\" decoding=\"async\" border=\"0\" data-original-height=\"1025\" data-original-width=\"1463\" height=\"448\" src=\"https:\/\/blogger.googleusercontent.com\/img\/b\/R29vZ2xl\/AVvXsEj19GhKZEAT7by6hh5F851v_NHG08996tnVjblfUSFMtekbDLMP0Fgki7klWlvPC-3sahsgytGslOA4YeaFIvP6qK8pu3fD_1Iv6SMM-uMQpkB7BNSWK3lkqsAibF72OX2TCMG0OnOmDbI\/s640\/EL+TABLERO+GIGANTE.jpg\" width=\"640\" \/><\/a><\/td>\n<\/tr>\n<tr>\n<td class=\"tr-caption\" style=\"text-align: center\">Un ajedrez gigante para Las Lagunas de Villafranca<\/td>\n<\/tr>\n<\/tbody>\n<\/table>\n<p><b style=\", Courier, monospace\"><span style=\"font-size: large\">En esta ocasi\u00f3n, el torneo tambi\u00e9n sirvi\u00f3 para hacernos eco del sentir generalizado de los pueblos manchegos respecto al problema del agua. Es muy importante en la lucha contra la despoblaci\u00f3n que sufren muchos puntos de las comarcas manchegas, el mantenimiento de los ecosistemas aut\u00f3ctonos y de los humedales que les dan vida. Por eso, tambi\u00e9n se reivindic\u00f3 el derecho al agua del Parque Natural y la Reserva de la Biosfera de Las Lagunas de Villafranca de los Caballeros.<\/span><\/b><br \/>\n<span style=\"font-family: Courier New, Courier, monospace;font-size: large\"><b><br \/><\/b><\/span><br \/>\n<span style=\"font-family: Courier New, Courier, monospace;font-size: large\"><b><i><u>El ajedrez en Navidad<\/u><\/i><\/b><\/span><\/p>\n<table align=\"center\" cellpadding=\"0\" cellspacing=\"0\" class=\"tr-caption-container\" style=\"margin-left: auto;margin-right: auto;text-align: center\">\n<tbody>\n<tr>\n<td style=\"text-align: center\"><a href=\"https:\/\/www.bfv.cloud\/ajedrezeuropa\/wp-content\/uploads\/2020\/01\/LAGUNASYAJEDREZUNIDOS.jpg\" style=\"margin-left: auto;margin-right: auto\"><img loading=\"lazy\" decoding=\"async\" border=\"0\" data-original-height=\"804\" data-original-width=\"1505\" height=\"340\" src=\"https:\/\/blogger.googleusercontent.com\/img\/b\/R29vZ2xl\/AVvXsEgw5Z_7scYKYpaphCdnRIwVq1ddkR4FFTTtuNxR19K61Sg5L_uDmSkzvLRXwPs6VaRc-kWasKu-lJMZrdSoZqLpAbKYARoTifUMmmOnq-ppU0gtHPby4bQE0MyQ8K8NXmHxZNF8DNqAgOo\/s640\/LAGUNAS+Y+AJEDREZ+UNIDOS.jpg\" width=\"640\" \/><\/a><\/td>\n<\/tr>\n<tr>\n<td class=\"tr-caption\" style=\"text-align: center\">El alcade de Villafranca junto a algunos de los j\u00f3venes participantes<\/td>\n<\/tr>\n<\/tbody>\n<\/table>\n<p><b style=\", Courier, monospace\"><span style=\"font-size: large\">En los periodos de vacaciones escolares, el proyecto Nuestro Ajedrez en Europa, organiza actividades formativas y deportivas que se han convertido en cl\u00e1sicas de las fechas de verano y navide\u00f1as. As\u00ed nacieron hace 12 a\u00f1os el campus de verano y la concentraci\u00f3n de Navidad, despu\u00e9s de que en 2002 ya se hubieran celebrado las primeras jornadas de ajedrez y mujer con la entonces campeona de Europa, P\u00eda Cramling, como invitada especial. Un a\u00f1o m\u00e1s tarde comenz\u00f3 a disputarse el Torneo de Ajedrez por la Igualdad, con modestas participaciones en un principio. Actualmente, el Torneo se ha convertido en uno de los que m\u00e1s jugadores re\u00fane en nuestra regi\u00f3n, destacando por el n\u00famero de j\u00f3venes jugadoras y por el volumen de ni\u00f1os y ni\u00f1as de hasta 12 a\u00f1os de edad que lo disputan.<\/span><\/b><\/p>\n<table align=\"center\" cellpadding=\"0\" cellspacing=\"0\" class=\"tr-caption-container\" style=\"margin-left: auto;margin-right: auto;text-align: center\">\n<tbody>\n<tr>\n<td style=\"text-align: center\"><a href=\"https:\/\/www.bfv.cloud\/ajedrezeuropa\/wp-content\/uploads\/2020\/01\/LOSTROFEOSDELAIGUALDAD.jpg\" style=\"margin-left: auto;margin-right: auto\"><img loading=\"lazy\" decoding=\"async\" border=\"0\" data-original-height=\"1027\" data-original-width=\"1599\" height=\"410\" src=\"https:\/\/blogger.googleusercontent.com\/img\/b\/R29vZ2xl\/AVvXsEjr-9ciXG4osiM3E3c2hlXEzfWVa6x8ayPhPHaGuhtAXXRM20nWl24TYOKo2exYs0r9pTMaqypoWFcNdi37KUiojhx73D1Q9jdy_Vsal2pqbFmXXTqyXKlmleBEGHupvcG1VokMkI1HMGw\/s640\/LOS+TROFEOS+DE+LA+IGUALDAD.jpg\" width=\"640\" \/><\/a><\/td>\n<\/tr>\n<tr>\n<td class=\"tr-caption\" style=\"text-align: center\">Los trofeos del torneo<\/td>\n<\/tr>\n<\/tbody>\n<\/table>\n<p><b style=\", Courier, monospace\"><span style=\"font-size: large\">\u00a1\u00a1Agradecemos a las instituciones, as\u00ed como a jugadores, jugadoras y familias su colaboraci\u00f3n en la organizaci\u00f3n del magn\u00edfico torneo que vivimos ayer!!&nbsp;<\/span><\/b><\/p>\n","protected":false},"excerpt":{"rendered":"<p>El sal\u00f3n de actos de la casa de la cultura se llen\u00f3 de jugadores y jugadoras El Torneo de Ajedrez por la Igualdad congreg\u00f3 a m\u00e1s de 60 hombres y mujeres, 25 de ellos menores de 12 a\u00f1os, durante la ma\u00f1ana y primeras horas de la tarde del pasado s\u00e1bado 4 de enero. El sal\u00f3n [&hellip;]<\/p>\n","protected":false},"author":1,"featured_media":1159,"comment_status":"open","ping_status":"closed","sticky":false,"template":"","format":"standard","meta":{"footnotes":""},"categories":[1],"tags":[],"class_list":["post-1158","post","type-post","status-publish","format-standard","has-post-thumbnail","hentry","category-noticias"],"_links":{"self":[{"href":"https:\/\/www.bfv.cloud\/ajedrezeuropa\/wp-json\/wp\/v2\/posts\/1158","targetHints":{"allow":["GET"]}}],"collection":[{"href":"https:\/\/www.bfv.cloud\/ajedrezeuropa\/wp-json\/wp\/v2\/posts"}],"about":[{"href":"https:\/\/www.bfv.cloud\/ajedrezeuropa\/wp-json\/wp\/v2\/types\/post"}],"author":[{"embeddable":true,"href":"https:\/\/www.bfv.cloud\/ajedrezeuropa\/wp-json\/wp\/v2\/users\/1"}],"replies":[{"embeddable":true,"href":"https:\/\/www.bfv.cloud\/ajedrezeuropa\/wp-json\/wp\/v2\/comments?post=1158"}],"version-history":[{"count":1,"href":"https:\/\/www.bfv.cloud\/ajedrezeuropa\/wp-json\/wp\/v2\/posts\/1158\/revisions"}],"predecessor-version":[{"id":1165,"href":"https:\/\/www.bfv.cloud\/ajedrezeuropa\/wp-json\/wp\/v2\/posts\/1158\/revisions\/1165"}],"wp:featuredmedia":[{"embeddable":true,"href":"https:\/\/www.bfv.cloud\/ajedrezeuropa\/wp-json\/wp\/v2\/media\/1159"}],"wp:attachment":[{"href":"https:\/\/www.bfv.cloud\/ajedrezeuropa\/wp-json\/wp\/v2\/media?parent=1158"}],"wp:term":[{"taxonomy":"category","embeddable":true,"href":"https:\/\/www.bfv.cloud\/ajedrezeuropa\/wp-json\/wp\/v2\/categories?post=1158"},{"taxonomy":"post_tag","embeddable":true,"href":"https:\/\/www.bfv.cloud\/ajedrezeuropa\/wp-json\/wp\/v2\/tags?post=1158"}],"curies":[{"name":"wp","href":"https:\/\/api.w.org\/{rel}","templated":true}]}}