{"id":1166,"date":"2019-07-02T18:03:00","date_gmt":"2019-07-02T18:03:00","guid":{"rendered":"https:\/\/www.bfv.cloud\/ajedrezeuropa\/index.php\/2019\/07\/02\/nuestro-campus-de-verano-regresa-del-29-de-julio-al-3-de-agosto\/"},"modified":"2025-11-20T10:27:24","modified_gmt":"2025-11-20T10:27:24","slug":"nuestro-campus-de-verano-regresa-del-29-de-julio-al-3-de-agosto","status":"publish","type":"post","link":"https:\/\/www.bfv.cloud\/ajedrezeuropa\/nuestro-campus-de-verano-regresa-del-29-de-julio-al-3-de-agosto\/","title":{"rendered":"NUESTRO CAMPUS DE VERANO REGRESA DEL 29 DE JULIO AL 3 DE AGOSTO"},"content":{"rendered":"<div class=\"separator\" style=\"clear: both;text-align: center\">\n<a href=\"https:\/\/www.bfv.cloud\/ajedrezeuropa\/wp-content\/uploads\/2019\/07\/campusdeverano2019.jpg\" style=\"clear: left;float: left;margin-bottom: 1em;margin-right: 1em\"><img fetchpriority=\"high\" decoding=\"async\" border=\"0\" data-original-height=\"1600\" data-original-width=\"1172\" height=\"640\" src=\"https:\/\/blogger.googleusercontent.com\/img\/b\/R29vZ2xl\/AVvXsEhaPjRnoWJoonrOZqEjumU1WYbuSvV_qWhF2Y96ugHMlFknrMpOyB0wxlzL3NBBVF4wq5sBTPiHYqaLqlscVN42FPQixOej_jpPBTVtrUUCB9SFQHZkEy2zr_ZCy32_XzpI7GRRskPT7K4\/s640\/campus+de+verano+2019.jpg\" width=\"465\" \/><\/a><\/div>\n<p><span style=\", sans-serif;font-size: large\"><b>Del 29 de julio al 3 de agosto se celebrar\u00e1 la 12\u00aa edici\u00f3n de nuestro campus de verano. Vuelve a destacar la presencia de dos de los mejores preparadores del mundo del ajedrez, los grandes maestros: Elizbar Ubilava y Herminio Herr\u00e1iz, junto a los monitores y preparadoras vinculados al proyecto de Alc\u00e1zar y Villafranca: Ana Isabel Gonz\u00e1lez, Antonio Albo y Silvia Toribio.&nbsp;<\/b><\/span><br \/>\n<span style=\", sans-serif;font-size: large\"><b><i><u>El campus como s\u00edmbolo de un proyecto<\/u><\/i><\/b><\/span><br \/>\n<span style=\", sans-serif;font-size: large\"><b>Las actividades de tecnificaci\u00f3n, perfeccionamiento e iniciaci\u00f3n, englobadas dentro del proyecto Nuestro Ajedrez en Europa han permitido mantener a los equipos juveniles, del que forman parte los chicos y chicas de las escuelas de Alc\u00e1zar y Villafranca, entre los 10 mejores clubes de Espa\u00f1a durante m\u00e1s de una d\u00e9cada. Esta calidad se certifica a\u00f1o tras a\u00f1o en competiciones provinciales, regionales y nacionales: 5\u00aa posici\u00f3n en la Copa de Espa\u00f1a por Equipos Juveniles en diciembre de 2018 o campeones de Toledo de clubes en categor\u00eda juvenil hace unas pocas semanas, son dos ejemplos de esta excelencia.<\/b><\/span><br \/>\n<span style=\", sans-serif;font-size: large\"><b><i><u>Caracter\u00edsticas del campus<\/u><\/i><\/b><\/span><br \/>\n<span style=\", sans-serif;font-size: large\"><b>El periodo de inscripci\u00f3n comienza el lunes 8 de julio y finaliza al siguiente lunes, d\u00eda 15 de julio. Un a\u00f1o m\u00e1s se mantiene la tasa para los alumnos de las escuelas de ajedrez vinculadas a Nuestro Ajedrez en Europa: 80\u20ac. Tambi\u00e9n la inscripci\u00f3n para los chicos y las chicas de fuera de nuestras escuelas se repite respecto a pasadas ediciones: 125\u20ac.<\/b><\/span><br \/>\n<span style=\", sans-serif;font-size: large\"><b><i><u>La organizaci\u00f3n y las empresas colaboradoras<\/u><\/i><\/b><\/span><br \/>\n<span style=\", sans-serif;font-size: large\"><b>El campus cuenta con la organizaci\u00f3n de los ayuntamientos de Alc\u00e1zar de San Juan y Villafranca de los Caballeros que adem\u00e1s ceden el CIJ Covadonga y la Casa de la Cultura, respectivamente, para su realizaci\u00f3n. Adem\u00e1s todos los participantes disfrutar\u00e1n de acceso a las piscinas municipales de ambas poblaciones a lo largo de los 6 d\u00edas de duraci\u00f3n del campus.<\/b><\/span><br \/>\n<span style=\"font-family: verdana, sans-serif;font-size: large\"><b>Destacamos tambi\u00e9n la colaboraci\u00f3n del Hotel Intur, Hotel \u00cdnsula Barataria, Restaurante La Jorja y Autobuses Criferba a lo largo de \u00e9sta y de las recientes ediciones.<\/b><\/span><br \/>\n<span style=\"font-family: verdana, sans-serif;font-size: large\"><b><i><u>Actos de inauguraci\u00f3n y clausura<\/u><\/i><\/b><\/span><br \/>\n<span style=\"font-family: verdana, sans-serif;font-size: large\"><b>Como es habitual, el campus tendr\u00e1 un acto inaugural en el sal\u00f3n de actos del CIJ Covadonga de Alc\u00e1zar de San Juan, el lunes 29 de julio a partir de las 19,30 horas; y un acto de clausura, el s\u00e1bado 3 de agosto en el sal\u00f3n de actos de la Casa de la Cultura de Villafranca de los Caballeros a las 19,30h.<\/b><\/span><br \/>\n<span style=\"font-family: verdana, sans-serif;font-size: large\"><b>Recordaros que ambos actos son de entrada libre.<\/b><\/span><br \/>\n<span style=\"font-family: verdana, sans-serif;font-size: large\"><b><br \/><\/b><\/span><\/p>\n<div class=\"separator\" style=\"clear: both;text-align: center\">\n<span style=\", sans-serif;font-size: large\"><b><a href=\"https:\/\/www.bfv.cloud\/ajedrezeuropa\/wp-content\/uploads\/2019\/07\/TRIP25C32597TICOXIICAMPUS_002.jpg\" style=\"margin-left: 1em;margin-right: 1em\"><img decoding=\"async\" border=\"0\" data-original-height=\"1131\" data-original-width=\"1600\" height=\"450\" src=\"https:\/\/blogger.googleusercontent.com\/img\/b\/R29vZ2xl\/AVvXsEglOp46q_pMwjvmiwWLjL_DsWq746YFG9i2HiC1dBdrhtC9l_6T-mIFmN3b2Uaz030KYjyuAU16kLfOmrgnjpPzZ2cw4emdUVcB2WI96I5QRxZZUJgDWrs3viQgkWiqDK_TXKZXKxSmxbU\/s640\/TRIP%25C3%2597TICO+XII+CAMPUS_002.jpg\" width=\"640\" \/><\/a><\/b><\/span><\/div>\n<p><\/p>\n<div class=\"separator\" style=\"clear: both;text-align: center\">\n<span style=\", sans-serif;font-size: large\"><b><a href=\"https:\/\/www.bfv.cloud\/ajedrezeuropa\/wp-content\/uploads\/2019\/07\/TRIP25C32597TICOXIICAMPUS_001.jpg\" style=\"margin-left: 1em;margin-right: 1em\"><img decoding=\"async\" border=\"0\" data-original-height=\"1131\" data-original-width=\"1600\" height=\"450\" src=\"https:\/\/blogger.googleusercontent.com\/img\/b\/R29vZ2xl\/AVvXsEgeQQyGT2tZ6pxHqduB4CAxEliAxgukCim5lrzbZoQcgTJ63MGcesofzgtiLr-pJYvXWlYob_lQK5btQCR4vDBDHNNV5fML7mlt4qGNGGZ1171ZCOTFqKIbjL_eVPYDSRZa5RcHlDC3HfY\/s640\/TRIP%25C3%2597TICO+XII+CAMPUS_001.jpg\" width=\"640\" \/><\/a><\/b><\/span><\/div>\n<div class=\"separator\" style=\"clear: both;text-align: center\">\n<\/div>\n","protected":false},"excerpt":{"rendered":"<p>Del 29 de julio al 3 de agosto se celebrar\u00e1 la 12\u00aa edici\u00f3n de nuestro campus de verano. Vuelve a destacar la presencia de dos de los mejores preparadores del mundo del ajedrez, los grandes maestros: Elizbar Ubilava y Herminio Herr\u00e1iz, junto a los monitores y preparadoras vinculados al proyecto de Alc\u00e1zar y Villafranca: Ana [&hellip;]<\/p>\n","protected":false},"author":1,"featured_media":1167,"comment_status":"open","ping_status":"closed","sticky":false,"template":"","format":"standard","meta":{"footnotes":""},"categories":[1],"tags":[],"class_list":["post-1166","post","type-post","status-publish","format-standard","has-post-thumbnail","hentry","category-noticias"],"_links":{"self":[{"href":"https:\/\/www.bfv.cloud\/ajedrezeuropa\/wp-json\/wp\/v2\/posts\/1166","targetHints":{"allow":["GET"]}}],"collection":[{"href":"https:\/\/www.bfv.cloud\/ajedrezeuropa\/wp-json\/wp\/v2\/posts"}],"about":[{"href":"https:\/\/www.bfv.cloud\/ajedrezeuropa\/wp-json\/wp\/v2\/types\/post"}],"author":[{"embeddable":true,"href":"https:\/\/www.bfv.cloud\/ajedrezeuropa\/wp-json\/wp\/v2\/users\/1"}],"replies":[{"embeddable":true,"href":"https:\/\/www.bfv.cloud\/ajedrezeuropa\/wp-json\/wp\/v2\/comments?post=1166"}],"version-history":[{"count":1,"href":"https:\/\/www.bfv.cloud\/ajedrezeuropa\/wp-json\/wp\/v2\/posts\/1166\/revisions"}],"predecessor-version":[{"id":1170,"href":"https:\/\/www.bfv.cloud\/ajedrezeuropa\/wp-json\/wp\/v2\/posts\/1166\/revisions\/1170"}],"wp:featuredmedia":[{"embeddable":true,"href":"https:\/\/www.bfv.cloud\/ajedrezeuropa\/wp-json\/wp\/v2\/media\/1167"}],"wp:attachment":[{"href":"https:\/\/www.bfv.cloud\/ajedrezeuropa\/wp-json\/wp\/v2\/media?parent=1166"}],"wp:term":[{"taxonomy":"category","embeddable":true,"href":"https:\/\/www.bfv.cloud\/ajedrezeuropa\/wp-json\/wp\/v2\/categories?post=1166"},{"taxonomy":"post_tag","embeddable":true,"href":"https:\/\/www.bfv.cloud\/ajedrezeuropa\/wp-json\/wp\/v2\/tags?post=1166"}],"curies":[{"name":"wp","href":"https:\/\/api.w.org\/{rel}","templated":true}]}}