{"id":1171,"date":"2012-12-10T14:34:00","date_gmt":"2012-12-10T14:34:00","guid":{"rendered":"https:\/\/www.bfv.cloud\/ajedrezeuropa\/index.php\/2012\/12\/10\/nuestro-ajedrez-en-europa-finaliza-en-15a-posicion-del-v-campeonato-de-espana-por-equipos-de-club-sub-16\/"},"modified":"2025-11-20T10:27:29","modified_gmt":"2025-11-20T10:27:29","slug":"nuestro-ajedrez-en-europa-finaliza-en-15a-posicion-del-v-campeonato-de-espana-por-equipos-de-club-sub-16","status":"publish","type":"post","link":"https:\/\/www.bfv.cloud\/ajedrezeuropa\/nuestro-ajedrez-en-europa-finaliza-en-15a-posicion-del-v-campeonato-de-espana-por-equipos-de-club-sub-16\/","title":{"rendered":"NUESTRO AJEDREZ EN EUROPA FINALIZA EN 15\u00aa POSICI\u00d3N DEL V CAMPEONATO DE ESPA\u00d1A POR EQUIPOS DE CLUB SUB-16"},"content":{"rendered":"<div class=\"separator\" style=\"clear: both;text-align: center\">\n<object><\/object><\/div>\n<div class=\"separator\" style=\"clear: both;text-align: center\">\n<\/div>\n<div class=\"separator\" style=\"clear: both;text-align: left\">\n<span style=\"color: blue;font-family: Verdana, sans-serif\"><strong>\ufeffAyer finalizaba en Benidorm la 5\u00aa edici\u00f3n del CECLUB sub-16 que ha contado con la participaci\u00f3n de 20 equipos, 3 menos que en 2011. Deportivamente este campeonato ha presentado caracter\u00edsticas diferenciadas con respecto a los de a\u00f1os anteriores. En concreto, la falta de uno o varios equipos que sobresalieran notablemente sobre el resto ha permitido una competici\u00f3n muy abierta con m\u00faltiples opciones de victoria incluso para clubes de segunda fila. <\/strong><\/span>\ufeff <\/div>\n<table cellpadding=\"0\" cellspacing=\"0\" class=\"tr-caption-container\" style=\"float: left;margin-right: 1em;text-align: left\">\n<tbody>\n<tr>\n<td style=\"text-align: center\"><a href=\"https:\/\/www.bfv.cloud\/ajedrezeuropa\/wp-content\/uploads\/2012\/12\/camp.espaC3B1asub16003.jpg\" style=\"clear: left;margin-bottom: 1em;margin-left: auto;margin-right: auto\"><img fetchpriority=\"high\" decoding=\"async\" border=\"0\" height=\"300\" src=\"https:\/\/blogger.googleusercontent.com\/img\/b\/R29vZ2xl\/AVvXsEj_59xG0nFbcKXOfvHp2UuNhLCDdnxMcAFfs18b2JEvn-tXqDGUfBWcYe1zIAMo6nFvzHwVLIvFUyfCa_dQENnTPxw_bi_21MIE-O6JokjDKYIcpZRxmApRbTf0PmD-oIovyeCx7OtakyY\/s400\/camp.+espa%C3%B1a+sub+16+003.jpg\" width=\"400\" \/><\/a><\/td>\n<\/tr>\n<tr>\n<td class=\"tr-caption\" style=\"text-align: center\">Sentados: Isaac, Leo, Irene y Jes\u00fas M\u00aa; de pie : Javier, Silvia y el<br \/>\ngran maestro Herminio Herr\u00e1iz<\/td>\n<\/tr>\n<\/tbody>\n<\/table>\n<p>\ufeff<br \/>\n<span style=\"color: blue;font-family: Verdana, sans-serif\"><strong>En nuestro caso, el 4\u00ba a\u00f1o de presencia ininterrumpida de NUESTRO AJEDREZ EN EUROPA, marcaba el final de una etapa caracterizada por la apuesta formativa y deportiva que realizamos sobre los alumnos y alumnas nacidos en el 94, 95 y 96. Si bien es cierto que, seg\u00fan qued\u00f3 demostrado en el \u00faltimo regional, de haber podido contar con todos los jugadores en su integridad, el nivel competitivo del equipo hubiese crecido notablemente. Como consecuencia de la ausencia de Carlos \u00c1lvarez, debido a estar cursando estudios en Irlanda, el objetivo fundamental que hemos querido transmitir a nuestros jugadores y jugadoras es el del aprendizaje. A falta del jugador m\u00e1s fuerte y con m\u00e1s experiencia, la delegaci\u00f3n quedaba reducida a 5 ajedrecistas con una media de edad de 14 a\u00f1os en una competici\u00f3n con formaciones de chicos y chicas de 16 a\u00f1os en su mayor\u00eda, ampliamente conocedores de los campeonatos nacionales. Es indudable que en estas finales un alto grado de experiencia deportiva condiciona los resultados, aunque nuestro objetivo es consolidar un grupo de chicos y chicas, cuyo origen sean las escuelas de Alc\u00e1zar y Villafranca, para que desarrollen todo su potencial a medio y largo plazo. Por lo tanto, debemos resaltar el esfuerzo en el trabajo personal que ha supuesto enfrentarse con algunos de los mejores clubes espa\u00f1oles, entre ellos el propio campe\u00f3n de 2012, el Cerdanyola de Catalu\u00f1a. <\/strong><\/span><span style=\"font-family: Verdana, sans-serif\"><br \/><strong><span style=\"color: blue\"><\/span><\/strong><\/span><span style=\"color: blue;font-family: Verdana, sans-serif\"><strong>Nuestra representaci\u00f3n en el hotel Bali de Benidorm se ha completado con Javier Valdepe\u00f1as Octavio jugando el torneo sub-16 individual, con un resultado de 4 puntos sobre 7 y ocupando la 28\u00aa plaza de un total de 70 jugadores. La intervenci\u00f3n de Javier en el torneo hay que calificarla de sobresaliente al alcanzar la 8\u00aa posici\u00f3n de la clasificaci\u00f3n final en la categor\u00eda sub-14 de la que es jugador de primer a\u00f1o.<\/strong><\/span>\ufeff <\/p>\n<table cellpadding=\"0\" cellspacing=\"0\" class=\"tr-caption-container\" style=\"float: left;margin-right: 1em;text-align: left\">\n<tbody>\n<tr>\n<td style=\"text-align: center\"><a href=\"https:\/\/www.bfv.cloud\/ajedrezeuropa\/wp-content\/uploads\/2012\/12\/fotoscamp.espaC3B1asub16017.jpg\" style=\"clear: left;margin-bottom: 1em;margin-left: auto;margin-right: auto\"><img decoding=\"async\" border=\"0\" height=\"300\" src=\"https:\/\/blogger.googleusercontent.com\/img\/b\/R29vZ2xl\/AVvXsEgF8C0SELpvOym8qLB3MzbgWvMVJ866gYE1px3MUKjpHC0s8zqWOGhga8HjajQ7u1msQZvVoDQlS4Y28XLCtPkmz4ofYrd7PKL_A61pTtcv_7_TQZRufkiMxk-XUM4Wq3L4brOJceD7pIg\/s400\/fotos+camp.+espa%C3%B1a+sub+16+017.jpg\" width=\"400\" \/><\/a><\/td>\n<\/tr>\n<tr>\n<td class=\"tr-caption\" style=\"text-align: center\">Javier Valdepe\u00f1as durante una de las rondas<\/td>\n<\/tr>\n<\/tbody>\n<\/table>\n<p>\ufeff <br \/>\n\ufeff <\/p>\n<table cellpadding=\"0\" cellspacing=\"0\" class=\"tr-caption-container\" style=\"float: right;margin-left: 1em;text-align: right\">\n<tbody>\n<tr>\n<td style=\"text-align: center\"><a href=\"https:\/\/www.bfv.cloud\/ajedrezeuropa\/wp-content\/uploads\/2012\/12\/fotoscamp.espaC3B1asub16016.jpg\" style=\"clear: right;margin-bottom: 1em;margin-left: auto;margin-right: auto\"><img decoding=\"async\" border=\"0\" height=\"300\" src=\"https:\/\/blogger.googleusercontent.com\/img\/b\/R29vZ2xl\/AVvXsEi9-oFniSVRUDfKpHaIChItUFLqJE_srDZSU9YOS6dByJy4tyDWicYfPHgEzl_cCppoF3KN1BFtkTWIXkQx_2SCv6TK5to7KwEE8x8BvZsHvp-LiuHfHbv5Q8g3LHQexNJZDhWkWe9kyjA\/s400\/fotos+camp.+espa%C3%B1a+sub+16+016.jpg\" width=\"400\" \/><\/a><\/td>\n<\/tr>\n<tr>\n<td class=\"tr-caption\" style=\"text-align: center\">Nuestro equipo sub-16 frente al campe\u00f3n, Cerdanyola<\/td>\n<\/tr>\n<\/tbody>\n<\/table>\n<p>\ufeff <\/p>\n","protected":false},"excerpt":{"rendered":"<p>\ufeffAyer finalizaba en Benidorm la 5\u00aa edici\u00f3n del CECLUB sub-16 que ha contado con la participaci\u00f3n de 20 equipos, 3 menos que en 2011. Deportivamente este campeonato ha presentado caracter\u00edsticas diferenciadas con respecto a los de a\u00f1os anteriores. En concreto, la falta de uno o varios equipos que sobresalieran notablemente sobre el resto ha permitido [&hellip;]<\/p>\n","protected":false},"author":1,"featured_media":1172,"comment_status":"open","ping_status":"closed","sticky":false,"template":"","format":"standard","meta":{"footnotes":""},"categories":[1],"tags":[],"class_list":["post-1171","post","type-post","status-publish","format-standard","has-post-thumbnail","hentry","category-noticias"],"_links":{"self":[{"href":"https:\/\/www.bfv.cloud\/ajedrezeuropa\/wp-json\/wp\/v2\/posts\/1171","targetHints":{"allow":["GET"]}}],"collection":[{"href":"https:\/\/www.bfv.cloud\/ajedrezeuropa\/wp-json\/wp\/v2\/posts"}],"about":[{"href":"https:\/\/www.bfv.cloud\/ajedrezeuropa\/wp-json\/wp\/v2\/types\/post"}],"author":[{"embeddable":true,"href":"https:\/\/www.bfv.cloud\/ajedrezeuropa\/wp-json\/wp\/v2\/users\/1"}],"replies":[{"embeddable":true,"href":"https:\/\/www.bfv.cloud\/ajedrezeuropa\/wp-json\/wp\/v2\/comments?post=1171"}],"version-history":[{"count":1,"href":"https:\/\/www.bfv.cloud\/ajedrezeuropa\/wp-json\/wp\/v2\/posts\/1171\/revisions"}],"predecessor-version":[{"id":1175,"href":"https:\/\/www.bfv.cloud\/ajedrezeuropa\/wp-json\/wp\/v2\/posts\/1171\/revisions\/1175"}],"wp:featuredmedia":[{"embeddable":true,"href":"https:\/\/www.bfv.cloud\/ajedrezeuropa\/wp-json\/wp\/v2\/media\/1172"}],"wp:attachment":[{"href":"https:\/\/www.bfv.cloud\/ajedrezeuropa\/wp-json\/wp\/v2\/media?parent=1171"}],"wp:term":[{"taxonomy":"category","embeddable":true,"href":"https:\/\/www.bfv.cloud\/ajedrezeuropa\/wp-json\/wp\/v2\/categories?post=1171"},{"taxonomy":"post_tag","embeddable":true,"href":"https:\/\/www.bfv.cloud\/ajedrezeuropa\/wp-json\/wp\/v2\/tags?post=1171"}],"curies":[{"name":"wp","href":"https:\/\/api.w.org\/{rel}","templated":true}]}}