{"id":1176,"date":"2017-08-11T10:32:00","date_gmt":"2017-08-11T10:32:00","guid":{"rendered":"https:\/\/www.bfv.cloud\/ajedrezeuropa\/index.php\/2017\/08\/11\/xv-torneo-de-feria-de-alcazar-de-san-juan\/"},"modified":"2025-11-20T10:27:34","modified_gmt":"2025-11-20T10:27:34","slug":"xv-torneo-de-feria-de-alcazar-de-san-juan","status":"publish","type":"post","link":"https:\/\/www.bfv.cloud\/ajedrezeuropa\/xv-torneo-de-feria-de-alcazar-de-san-juan\/","title":{"rendered":"XV TORNEO DE FERIA DE ALC\u00c1ZAR DE SAN JUAN"},"content":{"rendered":"<div class=\"separator\" style=\"clear: both;text-align: center\">\n<a href=\"https:\/\/www.bfv.cloud\/ajedrezeuropa\/wp-content\/uploads\/2017\/08\/carteltorneodealc25C325A1zar2017-azul.jpg\" style=\"clear: left;float: left;margin-bottom: 1em;margin-right: 1em\"><img fetchpriority=\"high\" decoding=\"async\" border=\"0\" data-original-height=\"1600\" data-original-width=\"1154\" height=\"640\" src=\"https:\/\/blogger.googleusercontent.com\/img\/b\/R29vZ2xl\/AVvXsEj8hAKsa3anApV-_hXCy-SUbYQHDy4KDLdxt9GpqjE_TVvkM-yAtS-IzSTP271OowNP1nSpTVR2Vm3kRbZPA7gMX83kfqnf6psGZxiOizFxNpvSmIXF7lUHjE71Cu2IIhg60qoRdIDZU4c\/s640\/cartel+torneo+de+alc%25C3%25A1zar+2017+-+azul.jpg\" width=\"460\" \/><\/a><\/div>\n<p><span style=\", sans-serif;font-size: large\"><b>La XV edici\u00f3n del Torneo de Feria de Alc\u00e1zar de San Juan trae algunas novedades relevantes respecto a los a\u00f1os anteriores. En el aspecto organizativo se mantiene el formato del torneo absoluto y, de acuerdo con la nueva disposici\u00f3n de categor\u00edas juveniles de los campeonatos por equipos, se pasa a jugar un torneo sub-18. Los trofeos siguen siendo para los clubes participantes, valorando los resultados de los mejores jugadores. El ritmo de juego de ambos torneos se ajusta a 20 minutos por jugador sin incremento, siendo el n\u00famero de rondas 5, para poder finalizarlos al mediod\u00eda. Desaparece la tasa de inscripci\u00f3n y los premios en forma de subvenci\u00f3n directa para los clubes. Las inscripciones pasan a ser abiertas para jugadores y clubes, pudiendo realizarse a partir del d\u00eda 16 hasta el 25 de agosto mediante las formas especificadas en el cartel y en las bases que publicamos seguidamente.<\/b><\/span><br \/>\n<b style=\"font-family: Verdana, sans-serif;font-size: x-large\">Con esta nueva estructura esperamos facilitar la participaci\u00f3n a jugadores individuales y aficionados.<\/b><br \/>\n<b style=\"font-family: Verdana, sans-serif;font-size: x-large\">\u00a1\u00a1Os esperamos el domingo 27 de agosto en el Centro C\u00edvico de Alc\u00e1zar de San juan!!<\/b><\/p>\n<div class=\"separator\" style=\"clear: both;text-align: center\">\n<a href=\"https:\/\/www.bfv.cloud\/ajedrezeuropa\/wp-content\/uploads\/2017\/08\/0001.jpg\" style=\"margin-left: 1em;margin-right: 1em\"><img decoding=\"async\" border=\"0\" data-original-height=\"1600\" data-original-width=\"1132\" height=\"640\" src=\"https:\/\/blogger.googleusercontent.com\/img\/b\/R29vZ2xl\/AVvXsEilhQMbYJNCa5PYML2atcnz-faQ3TnZv1BaOLr9SSkERcC60q_QGQL8_Qvy3xKuZiBRC93v8zVv3vhTWRZIb1wxWWjLXWSMbJzeFpTNeKOKQmP3MaBntWlr6etPKduWtBh5ztirY0EeDBc\/s640\/0001.jpg\" width=\"452\" \/><\/a><\/div>\n<div style=\"text-align: center\">\n&nbsp;<a href=\"https:\/\/www.bfv.cloud\/ajedrezeuropa\/wp-content\/uploads\/2017\/08\/0002.jpg\" style=\"margin-left: 1em;margin-right: 1em;text-align: center\"><img decoding=\"async\" border=\"0\" data-original-height=\"1600\" data-original-width=\"1132\" height=\"640\" src=\"https:\/\/blogger.googleusercontent.com\/img\/b\/R29vZ2xl\/AVvXsEh1-Qtpyh9TYa6hq6IYfpqNgI7wi-Rq1CZ7JuwP4TZu8eoVa_R20IS9dOpzLz1DgcIHt41KbogCxP64mON6Wpq1N-MxMxuG7motdE8wyJBPPMedi0fhr18vWoIril2GRYtdNOKXOM3iSjo\/s640\/0002.jpg\" width=\"452\" \/><\/a><\/div>\n<div style=\"text-align: center\">\n<b style=\"font-family: Verdana, sans-serif;font-size: x-large\"><br \/><\/b><\/div>\n<div class=\"separator\" style=\"clear: both;text-align: center\">\n<\/div>\n<p><\/p>\n<div class=\"separator\" style=\"clear: both;text-align: center\">\n<\/div>\n<p><span style=\", sans-serif;font-size: large\"><b><br \/><\/b><\/span><\/p>\n","protected":false},"excerpt":{"rendered":"<p>La XV edici\u00f3n del Torneo de Feria de Alc\u00e1zar de San Juan trae algunas novedades relevantes respecto a los a\u00f1os anteriores. En el aspecto organizativo se mantiene el formato del torneo absoluto y, de acuerdo con la nueva disposici\u00f3n de categor\u00edas juveniles de los campeonatos por equipos, se pasa a jugar un torneo sub-18. Los [&hellip;]<\/p>\n","protected":false},"author":1,"featured_media":1177,"comment_status":"open","ping_status":"closed","sticky":false,"template":"","format":"standard","meta":{"footnotes":""},"categories":[1],"tags":[],"class_list":["post-1176","post","type-post","status-publish","format-standard","has-post-thumbnail","hentry","category-noticias"],"_links":{"self":[{"href":"https:\/\/www.bfv.cloud\/ajedrezeuropa\/wp-json\/wp\/v2\/posts\/1176","targetHints":{"allow":["GET"]}}],"collection":[{"href":"https:\/\/www.bfv.cloud\/ajedrezeuropa\/wp-json\/wp\/v2\/posts"}],"about":[{"href":"https:\/\/www.bfv.cloud\/ajedrezeuropa\/wp-json\/wp\/v2\/types\/post"}],"author":[{"embeddable":true,"href":"https:\/\/www.bfv.cloud\/ajedrezeuropa\/wp-json\/wp\/v2\/users\/1"}],"replies":[{"embeddable":true,"href":"https:\/\/www.bfv.cloud\/ajedrezeuropa\/wp-json\/wp\/v2\/comments?post=1176"}],"version-history":[{"count":1,"href":"https:\/\/www.bfv.cloud\/ajedrezeuropa\/wp-json\/wp\/v2\/posts\/1176\/revisions"}],"predecessor-version":[{"id":1180,"href":"https:\/\/www.bfv.cloud\/ajedrezeuropa\/wp-json\/wp\/v2\/posts\/1176\/revisions\/1180"}],"wp:featuredmedia":[{"embeddable":true,"href":"https:\/\/www.bfv.cloud\/ajedrezeuropa\/wp-json\/wp\/v2\/media\/1177"}],"wp:attachment":[{"href":"https:\/\/www.bfv.cloud\/ajedrezeuropa\/wp-json\/wp\/v2\/media?parent=1176"}],"wp:term":[{"taxonomy":"category","embeddable":true,"href":"https:\/\/www.bfv.cloud\/ajedrezeuropa\/wp-json\/wp\/v2\/categories?post=1176"},{"taxonomy":"post_tag","embeddable":true,"href":"https:\/\/www.bfv.cloud\/ajedrezeuropa\/wp-json\/wp\/v2\/tags?post=1176"}],"curies":[{"name":"wp","href":"https:\/\/api.w.org\/{rel}","templated":true}]}}