{"id":1181,"date":"2013-12-30T20:19:00","date_gmt":"2013-12-30T20:19:00","guid":{"rendered":"https:\/\/www.bfv.cloud\/ajedrezeuropa\/index.php\/2013\/12\/30\/y-finalizamos-2013-con-mucho-ajedrez\/"},"modified":"2025-11-20T10:27:41","modified_gmt":"2025-11-20T10:27:41","slug":"y-finalizamos-2013-con-mucho-ajedrez","status":"publish","type":"post","link":"https:\/\/www.bfv.cloud\/ajedrezeuropa\/y-finalizamos-2013-con-mucho-ajedrez\/","title":{"rendered":"\u00a1\u00a1 Y FINALIZAMOS 2013 CON MUCHO AJEDREZ !!"},"content":{"rendered":"<div class=\"separator\" style=\"clear: both;text-align: center\">\n<\/div>\n<table align=\"center\" cellpadding=\"0\" cellspacing=\"0\" class=\"tr-caption-container\" style=\"margin-left: auto;margin-right: auto;text-align: center\">\n<tbody>\n<tr>\n<td style=\"text-align: center\"><a href=\"https:\/\/www.bfv.cloud\/ajedrezeuropa\/wp-content\/uploads\/2013\/12\/fotosconcentraciC3B3n2013034.jpg\" style=\"margin-left: auto;margin-right: auto\"><img fetchpriority=\"high\" decoding=\"async\" border=\"0\" src=\"https:\/\/www.bfv.cloud\/ajedrezeuropa\/wp-content\/uploads\/2013\/12\/fotosconcentraciC3B3n2013034.jpg\" height=\"300\" width=\"640\" \/><\/a><\/td>\n<\/tr>\n<tr>\n<td class=\"tr-caption\" style=\"text-align: center\">La despedida de la concentraci\u00f3n con algunos de los alumnos y de sus entrenadores y monitores<\/td>\n<\/tr>\n<\/tbody>\n<\/table>\n<p>&nbsp;<span style=\"color: #4c1130;font-family: Trebuchet MS, sans-serif\"><b>El pasado fin de semana conclu\u00edan las actividades programadas para 2013 por nuestro proyecto: la novena edici\u00f3n del trofeo de Navidad \u00abAjedrez por la Igualdad\u00bb del domingo fue precedida por la clausura de la concentraci\u00f3n de Navidad el s\u00e1bado por la tarde.<\/b><\/span><\/p>\n<table cellpadding=\"0\" cellspacing=\"0\" class=\"tr-caption-container\" style=\"float: right;margin-left: 1em;text-align: right\">\n<tbody>\n<tr>\n<td style=\"text-align: center\"><a href=\"https:\/\/www.bfv.cloud\/ajedrezeuropa\/wp-content\/uploads\/2013\/12\/fotosconcentraciC3B3n2013037.jpg\" style=\"clear: right;margin-bottom: 1em;margin-left: auto;margin-right: auto\"><img decoding=\"async\" border=\"0\" src=\"https:\/\/www.bfv.cloud\/ajedrezeuropa\/wp-content\/uploads\/2013\/12\/fotosconcentraciC3B3n2013037.jpg\" height=\"301\" width=\"400\" \/><\/a><\/td>\n<\/tr>\n<tr>\n<td class=\"tr-caption\" style=\"text-align: center\">Una foto art\u00edstica de la clausura de la concentraci\u00f3n<br \/>\n(Imagen tomada por M\u00aa Luisa)<\/td>\n<\/tr>\n<\/tbody>\n<\/table>\n<p>&nbsp;<span style=\"color: #4c1130;font-family: Trebuchet MS, sans-serif\"><b>Apurando los \u00faltimos d\u00edas del a\u00f1o, los chicos y chicas de las escuelas de ajedrez de Alc\u00e1zar y Villafranca disfrutaron de 3 d\u00edas de aprendizaje y de una ma\u00f1ana de juego ante los tableros. El torneo en su categor\u00eda absoluta fue ganado por Luis Miguel Monreal y en la categor\u00eda infantil por Julio M\u00e9rida, mientras que las vencedoras femeninas fueron Silvia Toribio y la peque\u00f1a de 8 a\u00f1os Nuria Lozano en sus correspondientes torneos. Los magn\u00edficos trofeos preparados por la alfarer\u00eda de los Hermanos Pe\u00f1o fueron entregados por el alcalde de Villafranca, Andr\u00e9s Beldad, y por el concejal de deportes, Javier Romo.<\/b><\/span><\/p>\n<table cellpadding=\"0\" cellspacing=\"0\" class=\"tr-caption-container\" style=\"float: right;text-align: right\">\n<tbody>\n<tr>\n<td style=\"text-align: center\"><a href=\"https:\/\/www.bfv.cloud\/ajedrezeuropa\/wp-content\/uploads\/2013\/12\/IMG-20131229-WA0010.jpg\" style=\"clear: right;margin-bottom: 1em;margin-left: auto;margin-right: auto\"><img decoding=\"async\" border=\"0\" src=\"https:\/\/www.bfv.cloud\/ajedrezeuropa\/wp-content\/uploads\/2013\/12\/IMG-20131229-WA0010.jpg\" height=\"281\" width=\"400\" \/><\/a><\/td>\n<\/tr>\n<tr>\n<td class=\"tr-caption\" style=\"text-align: center\">Ajedrez con humor &#8230; pensando a tres bandas<\/td>\n<\/tr>\n<\/tbody>\n<\/table>\n<p><span style=\"color: #4c1130;font-family: Trebuchet MS, sans-serif\"><b><br \/><\/b><\/span><br \/>\n<\/p>\n<h3>\n<span style=\"color: #4c1130;font-family: Trebuchet MS, sans-serif\"><b><u>Con fuerza para 2014<\/u><\/b><\/span><\/h3>\n<p><span style=\"color: #4c1130;font-family: Trebuchet MS, sans-serif\"><b>&nbsp;La competici\u00f3n del a\u00f1o 2014 comenzar\u00e1 con los campeonatos escolares en las provincias de Ciudad Real y Toledo, a partir de mediados de enero, y continuar\u00e1 con el desarrollo de los programas que estamos preparando.<\/b><\/span><br \/>\n<span style=\"color: #4c1130;font-family: Trebuchet MS, sans-serif\"><b><br \/><\/b><\/span><br \/>\n<\/p>\n<table cellpadding=\"0\" cellspacing=\"0\" class=\"tr-caption-container\" style=\"float: left;margin-right: 1em;text-align: left\">\n<tbody>\n<tr>\n<td style=\"text-align: center\"><a href=\"https:\/\/www.bfv.cloud\/ajedrezeuropa\/wp-content\/uploads\/2013\/12\/fotostorneodeNavidad2013004.jpg\" style=\"clear: left;margin-bottom: 1em;margin-left: auto;margin-right: auto\"><img loading=\"lazy\" decoding=\"async\" border=\"0\" src=\"https:\/\/www.bfv.cloud\/ajedrezeuropa\/wp-content\/uploads\/2013\/12\/fotostorneodeNavidad2013004.jpg\" height=\"215\" width=\"320\" \/><\/a><\/td>\n<\/tr>\n<tr>\n<td class=\"tr-caption\" style=\"text-align: center\">La sala de juego durante el torneo<\/td>\n<\/tr>\n<\/tbody>\n<\/table>\n<p><span style=\"color: #4c1130;font-family: Trebuchet MS, sans-serif\"><b>Con la idea puesta en favorecer el crecimiento de nuestro deporte y potenciar todas las capacidades de los ni\u00f1os y ni\u00f1as que se acercan a conocer el mundo del ajedrez, os deseamos lo mejor para el pr\u00f3ximo 2014.<\/b><\/span><br \/>\n<span style=\"color: #4c1130;font-family: Trebuchet MS, sans-serif\"><b><br \/><\/b><\/span><br \/>\n<\/p>\n<h3>\n<span style=\"color: #4c1130;font-family: Trebuchet MS, sans-serif\"><b>\u00a1\u00a1Feliz a\u00f1o!!&nbsp;<\/b><\/span><\/h3>\n<table cellpadding=\"0\" cellspacing=\"0\" class=\"tr-caption-container\" style=\"float: right;margin-left: 1em;text-align: right\">\n<tbody>\n<tr>\n<td style=\"text-align: center\"><a href=\"https:\/\/www.bfv.cloud\/ajedrezeuropa\/wp-content\/uploads\/2013\/12\/fotostorneodeNavidad2013001.jpg\" style=\"clear: right;margin-bottom: 1em;margin-left: auto;margin-right: auto\"><img loading=\"lazy\" decoding=\"async\" border=\"0\" src=\"https:\/\/www.bfv.cloud\/ajedrezeuropa\/wp-content\/uploads\/2013\/12\/fotostorneodeNavidad2013001.jpg\" height=\"600\" width=\"640\" \/><\/a><\/td>\n<\/tr>\n<tr>\n<td class=\"tr-caption\" style=\"text-align: center\">Los originales trofeos de la alfarer\u00eda de los Hnos. Pe\u00f1o con un fondo de sus manos trabajando el barro<\/td>\n<\/tr>\n<\/tbody>\n<\/table>\n","protected":false},"excerpt":{"rendered":"<p>La despedida de la concentraci\u00f3n con algunos de los alumnos y de sus entrenadores y monitores &nbsp;El pasado fin de semana conclu\u00edan las actividades programadas para 2013 por nuestro proyecto: la novena edici\u00f3n del trofeo de Navidad \u00abAjedrez por la Igualdad\u00bb del domingo fue precedida por la clausura de la concentraci\u00f3n de Navidad el s\u00e1bado [&hellip;]<\/p>\n","protected":false},"author":1,"featured_media":1182,"comment_status":"open","ping_status":"closed","sticky":false,"template":"","format":"standard","meta":{"footnotes":""},"categories":[1],"tags":[],"class_list":["post-1181","post","type-post","status-publish","format-standard","has-post-thumbnail","hentry","category-noticias"],"_links":{"self":[{"href":"https:\/\/www.bfv.cloud\/ajedrezeuropa\/wp-json\/wp\/v2\/posts\/1181","targetHints":{"allow":["GET"]}}],"collection":[{"href":"https:\/\/www.bfv.cloud\/ajedrezeuropa\/wp-json\/wp\/v2\/posts"}],"about":[{"href":"https:\/\/www.bfv.cloud\/ajedrezeuropa\/wp-json\/wp\/v2\/types\/post"}],"author":[{"embeddable":true,"href":"https:\/\/www.bfv.cloud\/ajedrezeuropa\/wp-json\/wp\/v2\/users\/1"}],"replies":[{"embeddable":true,"href":"https:\/\/www.bfv.cloud\/ajedrezeuropa\/wp-json\/wp\/v2\/comments?post=1181"}],"version-history":[{"count":1,"href":"https:\/\/www.bfv.cloud\/ajedrezeuropa\/wp-json\/wp\/v2\/posts\/1181\/revisions"}],"predecessor-version":[{"id":1187,"href":"https:\/\/www.bfv.cloud\/ajedrezeuropa\/wp-json\/wp\/v2\/posts\/1181\/revisions\/1187"}],"wp:featuredmedia":[{"embeddable":true,"href":"https:\/\/www.bfv.cloud\/ajedrezeuropa\/wp-json\/wp\/v2\/media\/1182"}],"wp:attachment":[{"href":"https:\/\/www.bfv.cloud\/ajedrezeuropa\/wp-json\/wp\/v2\/media?parent=1181"}],"wp:term":[{"taxonomy":"category","embeddable":true,"href":"https:\/\/www.bfv.cloud\/ajedrezeuropa\/wp-json\/wp\/v2\/categories?post=1181"},{"taxonomy":"post_tag","embeddable":true,"href":"https:\/\/www.bfv.cloud\/ajedrezeuropa\/wp-json\/wp\/v2\/tags?post=1181"}],"curies":[{"name":"wp","href":"https:\/\/api.w.org\/{rel}","templated":true}]}}