{"id":1188,"date":"2022-09-16T18:44:00","date_gmt":"2022-09-16T18:44:00","guid":{"rendered":"https:\/\/www.bfv.cloud\/ajedrezeuropa\/index.php\/2022\/09\/16\/abiertas-las-inscripciones-a-las-escuelas-de-ajedrez-de-alcazar-y-villafranca\/"},"modified":"2025-11-20T10:28:02","modified_gmt":"2025-11-20T10:28:02","slug":"abiertas-las-inscripciones-a-las-escuelas-de-ajedrez-de-alcazar-y-villafranca","status":"publish","type":"post","link":"https:\/\/www.bfv.cloud\/ajedrezeuropa\/abiertas-las-inscripciones-a-las-escuelas-de-ajedrez-de-alcazar-y-villafranca\/","title":{"rendered":"ABIERTAS LAS INSCRIPCIONES A LAS ESCUELAS DE AJEDREZ DE ALC\u00c1ZAR Y VILLAFRANCA"},"content":{"rendered":"<h2 style=\"text-align: left\">\n<div class=\"separator\" style=\"clear: both;text-align: center\"><\/div>\n<div class=\"separator\" style=\"clear: both;text-align: center\">\n<div class=\"separator\" style=\"clear: both;text-align: center\"><a href=\"https:\/\/www.bfv.cloud\/ajedrezeuropa\/wp-content\/uploads\/2022\/09\/CARTEL20ESCUELA20ALCAZAR202022-23-scaled.jpg\" style=\"clear: left;float: left;margin-bottom: 1em;margin-right: 1em\"><img fetchpriority=\"high\" decoding=\"async\" border=\"0\" data-original-height=\"3380\" data-original-width=\"2447\" height=\"400\" src=\"https:\/\/blogger.googleusercontent.com\/img\/b\/R29vZ2xl\/AVvXsEgAdjp-E4Ed_Zz7qfg6Y3jmuuIeblMWrXDtqKyrcd0vPtSXL_sYD17iGHNCFl-UONJ4r3AY-50w0OIBHFy_ygE9KRchujs2ZMrGKa9z0VfeqHSbFLWtGVaRFeCUsiIMqQE6wtw81I4Rm9ruM4kQVFygrSt9QrVyce4F7ThPdtqUe85VAb7f2khPFep2\/w290-h400\/CARTEL%20ESCUELA%20ALCAZAR%202022-23.jpg\" width=\"290\" \/><\/a><\/div>\n<p><a href=\"https:\/\/www.bfv.cloud\/ajedrezeuropa\/wp-content\/uploads\/2022\/09\/DOCUMENTO20ORGANIZACION20CLASES20DE20AJEDREZ20TEMP202022-23_001-scaled.jpg\" style=\"margin-left: 1em;margin-right: 1em\"><img decoding=\"async\" border=\"0\" data-original-height=\"3508\" data-original-width=\"2479\" height=\"320\" src=\"https:\/\/blogger.googleusercontent.com\/img\/b\/R29vZ2xl\/AVvXsEjpxudLENmcLXXnLhjXvDLhL9GPGrL5jQGbGsopt1X3pr5mTpEYhlAOt-17Lee3yF1TcZEOGu0hKbQ9iF0ZPt-UJYRl_5VH7pMsTyVCl_73_lZYYitxSRuvvHnYy2vR-qzTXcAx1Gcq0PNWF-d6hsOTy7zRCtOZ3sQp55LW-takMSAo1ScvslPRLozT\/s320\/DOCUMENTO%20ORGANIZACION%20CLASES%20DE%20AJEDREZ%20TEMP%202022-23_001.jpg\" width=\"226\" \/><\/a><\/div>\n<p><\/p>\n<div class=\"separator\" style=\"clear: both;text-align: center\"><a href=\"https:\/\/www.bfv.cloud\/ajedrezeuropa\/wp-content\/uploads\/2022\/09\/COMIENZO20CLASES20VILLAFRANCA2020222023_001-scaled.jpg\" style=\"clear: left;float: left;margin-bottom: 1em;margin-right: 1em\"><img decoding=\"async\" border=\"0\" data-original-height=\"3508\" data-original-width=\"2479\" height=\"400\" src=\"https:\/\/blogger.googleusercontent.com\/img\/b\/R29vZ2xl\/AVvXsEi3AvAg34e8c59MDAvpkr5VtNX6o_isPhSjv139A2ma73vcf5i3LX5aI8IrEcSPDYinJ_-LCxNY7rjYHK4vtnk3WBe__WKC1F9_NzWdIxRsEIFK0NzD6QUhiMIJkfASp-jP9qbUjGTd933sIJxpCAtna7Pzye8oY9MhLHhKSFyezpCKYgn8zVA130vY\/w283-h400\/COMIENZO%20CLASES%20VILLAFRANCA%202022%2023_001.jpg\" width=\"283\" \/><\/a><\/div>\n<p>Ya se encuentra abierto el periodo de inscripci\u00f3n a las escuelas de ajedrez de Alc\u00e1zar de San Juan y Villafranca de los Caballeros para la nueva temporada 2022\/23. Las clases en ambas escuelas comenzar\u00e1n el s\u00e1bado 24 de septiembre, quedando las inscripciones cerradas el pr\u00f3ximo jueves 22. En las im\u00e1genes est\u00e1n los carteles informativos y las caracter\u00edsticas organizativas.<\/h2>\n<div>\n<div class=\"separator\" style=\"clear: both;text-align: center\"><a href=\"https:\/\/www.bfv.cloud\/ajedrezeuropa\/wp-content\/uploads\/2022\/09\/ORGANIIZACIC393N20ESCUELA20AJEDREZ20VILLAFRANCA20TEMP202022-23_001-scaled.jpg\" style=\"clear: left;float: left;margin-bottom: 1em;margin-right: 1em\"><img loading=\"lazy\" decoding=\"async\" border=\"0\" data-original-height=\"3508\" data-original-width=\"2479\" height=\"400\" src=\"https:\/\/blogger.googleusercontent.com\/img\/b\/R29vZ2xl\/AVvXsEjxsYmG6okZnRrmOD3ydKkYeJ20jUqEXD2afKdqiea5OIzUvir-SK9CoBztK8I3H9s3kctAgSg6mkS2MeBdUyvaYLuTZmud7LEhzPdA4Z04N6R2F5NrTjt5U8em62Nvg9maJFtaKma0lm9Ot3TfWuwhdFZNtD_GWPvpYAYkbA-4BrhTQXQzSKJe9eXB\/w200-h400\/ORGANIIZACI%C3%93N%20ESCUELA%20AJEDREZ%20VILLAFRANCA%20TEMP%202022-23_001.jpg\" width=\"200\" \/><\/a><\/div>\n<p><\/div>\n<h2 style=\"text-align: left\">Todos aquellos interesados en asistir a las clases de las escuelas que forman el proyecto Nuestro Ajedrez en Europa pueden enviar los formularios que se publican a continuaci\u00f3n a:&nbsp;<a href=\"felixtoribio@nuestroajedrezeneuropa\" target=\"_blank\">felixtoribio@nuestroajedrezeneuropa.com<\/a>&nbsp;<\/h2>\n<h2 style=\"text-align: left\">A d\u00eda de hoy quedan pocas plazas y las inscripciones se atienden por orden de formalizaci\u00f3n.<\/h2>\n<div><\/div>\n<div><\/div>\n<div><\/div>\n<div class=\"separator\" style=\"clear: both;text-align: center\"><a href=\"https:\/\/www.bfv.cloud\/ajedrezeuropa\/wp-content\/uploads\/2022\/09\/FICHA20DE20INSCRIPCION20ESCUELA20AJEDREZ20TEMP202022-23_001-scaled.jpg\" style=\"margin-left: 1em;margin-right: 1em\"><img loading=\"lazy\" decoding=\"async\" border=\"0\" data-original-height=\"3508\" data-original-width=\"2479\" height=\"640\" src=\"https:\/\/blogger.googleusercontent.com\/img\/b\/R29vZ2xl\/AVvXsEiWbtTZxcmNgBN2vgkGErhdXrtRfBey8dFHGIloFtaUngMKwCo4MD4OoVcVfQJtmL3jUAp_L7pGq-pPwPRdcGYr5rAT6qF1JEW3YM46mddikP0Ns8X_kBVfEVgIdzeZqsmYAGita4WDpMgBmSI5VT8QISzrL8Zdqu8Riva5vRQnI9mpovjvelFJefJW\/w453-h640\/FICHA%20DE%20INSCRIPCION%20ESCUELA%20AJEDREZ%20TEMP%202022-23_001.jpg\" width=\"453\" \/><\/a><\/div>\n<p><\/p>\n<div class=\"separator\" style=\"clear: both;text-align: center\"><a href=\"https:\/\/blogger.googleusercontent.com\/img\/b\/R29vZ2xl\/AVvXsEikha2_nGXF_U-Z7ou1cwt34yIEm8eZ_ETmEggzN1Tyq0OutYzxlA3M5EdvK3VLXiqHqSG_9HiWG3ogrQVCnJ7k3qrh_MV6Ny9mSyhdogh1MTEXgTL2GMXFOpjsHQU9JKp16Dm2bYaxS4d2TuBWBIJ-Kti2iOwLnPWTBOyQ4kYdq5EX_AwBjtwIIii4\/s3508\/FICHA%20DE%20INSCRIPCION%20ESCUELA%20AJEDREZ%20TEMP%202022-23_001.jpg\" style=\"margin-left: 1em;margin-right: 1em\"><img loading=\"lazy\" decoding=\"async\" border=\"0\" data-original-height=\"3508\" data-original-width=\"2479\" height=\"640\" src=\"https:\/\/blogger.googleusercontent.com\/img\/b\/R29vZ2xl\/AVvXsEikha2_nGXF_U-Z7ou1cwt34yIEm8eZ_ETmEggzN1Tyq0OutYzxlA3M5EdvK3VLXiqHqSG_9HiWG3ogrQVCnJ7k3qrh_MV6Ny9mSyhdogh1MTEXgTL2GMXFOpjsHQU9JKp16Dm2bYaxS4d2TuBWBIJ-Kti2iOwLnPWTBOyQ4kYdq5EX_AwBjtwIIii4\/w453-h640\/FICHA%20DE%20INSCRIPCION%20ESCUELA%20AJEDREZ%20TEMP%202022-23_001.jpg\" width=\"453\" \/><\/a><\/div>\n<div><\/div>\n","protected":false},"excerpt":{"rendered":"<p>Ya se encuentra abierto el periodo de inscripci\u00f3n a las escuelas de ajedrez de Alc\u00e1zar de San Juan y Villafranca de los Caballeros para la nueva temporada 2022\/23. Las clases en ambas escuelas comenzar\u00e1n el s\u00e1bado 24 de septiembre, quedando las inscripciones cerradas el pr\u00f3ximo jueves 22. En las im\u00e1genes est\u00e1n los carteles informativos y [&hellip;]<\/p>\n","protected":false},"author":1,"featured_media":1189,"comment_status":"open","ping_status":"closed","sticky":false,"template":"","format":"standard","meta":{"footnotes":""},"categories":[1],"tags":[],"class_list":["post-1188","post","type-post","status-publish","format-standard","has-post-thumbnail","hentry","category-noticias"],"_links":{"self":[{"href":"https:\/\/www.bfv.cloud\/ajedrezeuropa\/wp-json\/wp\/v2\/posts\/1188","targetHints":{"allow":["GET"]}}],"collection":[{"href":"https:\/\/www.bfv.cloud\/ajedrezeuropa\/wp-json\/wp\/v2\/posts"}],"about":[{"href":"https:\/\/www.bfv.cloud\/ajedrezeuropa\/wp-json\/wp\/v2\/types\/post"}],"author":[{"embeddable":true,"href":"https:\/\/www.bfv.cloud\/ajedrezeuropa\/wp-json\/wp\/v2\/users\/1"}],"replies":[{"embeddable":true,"href":"https:\/\/www.bfv.cloud\/ajedrezeuropa\/wp-json\/wp\/v2\/comments?post=1188"}],"version-history":[{"count":1,"href":"https:\/\/www.bfv.cloud\/ajedrezeuropa\/wp-json\/wp\/v2\/posts\/1188\/revisions"}],"predecessor-version":[{"id":1194,"href":"https:\/\/www.bfv.cloud\/ajedrezeuropa\/wp-json\/wp\/v2\/posts\/1188\/revisions\/1194"}],"wp:featuredmedia":[{"embeddable":true,"href":"https:\/\/www.bfv.cloud\/ajedrezeuropa\/wp-json\/wp\/v2\/media\/1189"}],"wp:attachment":[{"href":"https:\/\/www.bfv.cloud\/ajedrezeuropa\/wp-json\/wp\/v2\/media?parent=1188"}],"wp:term":[{"taxonomy":"category","embeddable":true,"href":"https:\/\/www.bfv.cloud\/ajedrezeuropa\/wp-json\/wp\/v2\/categories?post=1188"},{"taxonomy":"post_tag","embeddable":true,"href":"https:\/\/www.bfv.cloud\/ajedrezeuropa\/wp-json\/wp\/v2\/tags?post=1188"}],"curies":[{"name":"wp","href":"https:\/\/api.w.org\/{rel}","templated":true}]}}