{"id":119,"date":"2019-05-18T16:04:00","date_gmt":"2019-05-18T16:04:00","guid":{"rendered":"https:\/\/www.bfv.cloud\/ajedrezeuropa\/index.php\/2019\/05\/18\/el-campeonato-regional-del-deporte-en-edad-escolar-contara-con-5-ajedrecistas-de-las-escuelas-de-alcazar-y-villafranca\/"},"modified":"2025-11-20T10:13:33","modified_gmt":"2025-11-20T10:13:33","slug":"el-campeonato-regional-del-deporte-en-edad-escolar-contara-con-5-ajedrecistas-de-las-escuelas-de-alcazar-y-villafranca","status":"publish","type":"post","link":"https:\/\/www.bfv.cloud\/ajedrezeuropa\/el-campeonato-regional-del-deporte-en-edad-escolar-contara-con-5-ajedrecistas-de-las-escuelas-de-alcazar-y-villafranca\/","title":{"rendered":"EL CAMPEONATO REGIONAL DEL DEPORTE EN EDAD ESCOLAR CONTAR\u00c1 CON 5 AJEDRECISTAS DE LAS ESCUELAS DE ALC\u00c1ZAR Y VILLAFRANCA"},"content":{"rendered":"<div class=\"separator\" style=\"clear: both;text-align: center\">\n<a href=\"https:\/\/www.bfv.cloud\/ajedrezeuropa\/wp-content\/uploads\/2019\/05\/CARTELCAMPEONATO2019.jpg\" style=\"clear: left;float: left;margin-bottom: 1em;margin-right: 1em\"><img fetchpriority=\"high\" decoding=\"async\" border=\"0\" data-original-height=\"1600\" data-original-width=\"1132\" height=\"400\" src=\"https:\/\/blogger.googleusercontent.com\/img\/b\/R29vZ2xl\/AVvXsEh0K37W03juf09Qnz-d7YQu6pMzrfVsmiH3mUioRUPwoTxpQAT_FQcUn7xbQT8JC4a7Y8iiz3iYt4bLm-TycGuwtTJ7mvhJi3ejHo1hWc9csC2Ix97nMA5pPClM_5t0MKdZKNVE1tIk0Y0\/s400\/CARTEL+CAMPEONATO+2019.jpg\" width=\"280\" \/><\/a><\/div>\n<p><span style=\"font-family: Helvetica Neue, Arial, Helvetica, sans-serif;font-size: large\">Del viernes 31 de mayo al lunes 3 de junio el castillo de San Servando de Toledo acoger\u00e1 la fase regional de ajedrez escolar de Castilla-La Mancha en las categor\u00edas cadete e infantil.&nbsp;<\/span><br \/>\n<span style=\"font-family: Helvetica Neue, Arial, Helvetica, sans-serif;font-size: large\">La escuela de ajedrez de Villafranca de los Caballeros acudir\u00e1 con los 3 clasificados en la fase provincial de Toledo: <b>Alfredo Amador And\u00fajar<\/b> y <b>M\u00f3nica Monreal G\u00f3mez<\/b> en el cadete; <b>Alonso L\u00f3pez N\u00fa\u00f1ez<\/b> en el infantil. Por su parte, la escuela de ajedrez de Alc\u00e1zar de San Juan tendr\u00e1 su representaci\u00f3n en las jugadoras cadetes: <b>Clara Vela Adr\u00edan<\/b> y <b>Adela Collado Alcolado<\/b>, clasificadas en el provincial escolar de Ciudad Real. De esta manera, ser\u00e1n 3 chicas y 2 chicos los ajedrecistas de Nuestro Ajedrez en Europa que participar\u00e1n en el Campeonato Regional del Deporte en Edad Escolar.&nbsp;<\/span><br \/>\n<span style=\"font-family: Helvetica Neue, Arial, Helvetica, sans-serif;font-size: large\">\u00a1\u00a1Les deseamos a todos un buen campeonato!!<\/span><\/p>\n","protected":false},"excerpt":{"rendered":"<p>Del viernes 31 de mayo al lunes 3 de junio el castillo de San Servando de Toledo acoger\u00e1 la fase regional de ajedrez escolar de Castilla-La Mancha en las categor\u00edas cadete e infantil.&nbsp; La escuela de ajedrez de Villafranca de los Caballeros acudir\u00e1 con los 3 clasificados en la fase provincial de Toledo: Alfredo Amador [&hellip;]<\/p>\n","protected":false},"author":1,"featured_media":120,"comment_status":"open","ping_status":"closed","sticky":false,"template":"","format":"standard","meta":{"footnotes":""},"categories":[1],"tags":[],"class_list":["post-119","post","type-post","status-publish","format-standard","has-post-thumbnail","hentry","category-noticias"],"_links":{"self":[{"href":"https:\/\/www.bfv.cloud\/ajedrezeuropa\/wp-json\/wp\/v2\/posts\/119","targetHints":{"allow":["GET"]}}],"collection":[{"href":"https:\/\/www.bfv.cloud\/ajedrezeuropa\/wp-json\/wp\/v2\/posts"}],"about":[{"href":"https:\/\/www.bfv.cloud\/ajedrezeuropa\/wp-json\/wp\/v2\/types\/post"}],"author":[{"embeddable":true,"href":"https:\/\/www.bfv.cloud\/ajedrezeuropa\/wp-json\/wp\/v2\/users\/1"}],"replies":[{"embeddable":true,"href":"https:\/\/www.bfv.cloud\/ajedrezeuropa\/wp-json\/wp\/v2\/comments?post=119"}],"version-history":[{"count":1,"href":"https:\/\/www.bfv.cloud\/ajedrezeuropa\/wp-json\/wp\/v2\/posts\/119\/revisions"}],"predecessor-version":[{"id":121,"href":"https:\/\/www.bfv.cloud\/ajedrezeuropa\/wp-json\/wp\/v2\/posts\/119\/revisions\/121"}],"wp:featuredmedia":[{"embeddable":true,"href":"https:\/\/www.bfv.cloud\/ajedrezeuropa\/wp-json\/wp\/v2\/media\/120"}],"wp:attachment":[{"href":"https:\/\/www.bfv.cloud\/ajedrezeuropa\/wp-json\/wp\/v2\/media?parent=119"}],"wp:term":[{"taxonomy":"category","embeddable":true,"href":"https:\/\/www.bfv.cloud\/ajedrezeuropa\/wp-json\/wp\/v2\/categories?post=119"},{"taxonomy":"post_tag","embeddable":true,"href":"https:\/\/www.bfv.cloud\/ajedrezeuropa\/wp-json\/wp\/v2\/tags?post=119"}],"curies":[{"name":"wp","href":"https:\/\/api.w.org\/{rel}","templated":true}]}}