{"id":1195,"date":"2017-10-22T17:57:00","date_gmt":"2017-10-22T17:57:00","guid":{"rendered":"https:\/\/www.bfv.cloud\/ajedrezeuropa\/index.php\/2017\/10\/22\/la-asociacion-tdah-toledo-entrega-su-premio-en-el-ambito-social-a-nuestro-ajedrez-en-europa\/"},"modified":"2025-11-20T10:28:06","modified_gmt":"2025-11-20T10:28:06","slug":"la-asociacion-tdah-toledo-entrega-su-premio-en-el-ambito-social-a-nuestro-ajedrez-en-europa","status":"publish","type":"post","link":"https:\/\/www.bfv.cloud\/ajedrezeuropa\/la-asociacion-tdah-toledo-entrega-su-premio-en-el-ambito-social-a-nuestro-ajedrez-en-europa\/","title":{"rendered":"LA ASOCIACI\u00d3N TDAH TOLEDO ENTREGA SU PREMIO EN EL \u00c1MBITO SOCIAL A NUESTRO AJEDREZ EN EUROPA"},"content":{"rendered":"<table cellpadding=\"0\" cellspacing=\"0\" class=\"tr-caption-container\" style=\"float: right;margin-left: 1em;text-align: right\">\n<tbody>\n<tr>\n<td style=\"text-align: center\"><a href=\"https:\/\/www.bfv.cloud\/ajedrezeuropa\/wp-content\/uploads\/2017\/10\/FOTO09.jpg\" style=\"clear: right;margin-bottom: 1em;margin-left: auto;margin-right: auto\"><img fetchpriority=\"high\" decoding=\"async\" border=\"0\" data-original-height=\"1000\" data-original-width=\"750\" height=\"400\" src=\"https:\/\/blogger.googleusercontent.com\/img\/b\/R29vZ2xl\/AVvXsEiAcgQoy3LGY2ygfOZgcoK39MYvnmaLJzOOg7exYl8mcC5M7vblgEEhFn0vi3BPHSihKmGzYD4pdDTGCeuy7IjRWXS6Fq3A3sAiLH7qinXxAI5O-kvhBStiyISU6JZhX_vh9qb7ikxo1UM\/s400\/FOTO+09.jpg\" width=\"300\" \/><\/a><\/td>\n<\/tr>\n<tr>\n<td class=\"tr-caption\" style=\"text-align: center\">Una imagen durante la intervenci\u00f3n para agradecer<br \/>&nbsp;el premio<br \/>Foto Toledo News Redes<\/td>\n<\/tr>\n<\/tbody>\n<\/table>\n<div class=\"MsoNormal\">\n<b><span style=\",sans-serif;font-size: 24.0pt\">F\u00e9lix<br \/>\nToribio reivindica el ajedrez como \u201cherramienta educativa y social\u201d<\/span><\/b><span style=\",sans-serif;font-size: 22.0pt\"><\/span><\/div>\n<div class=\"MsoNormal\">\n<\/div>\n<div class=\"MsoNormal\" style=\"margin-left: 36.0pt;text-indent: -18.0pt\">\n<!--[if !supportLists]--><span style=\"font-family: Symbol;font-size: 18.0pt\">\u00b7<span style=\"font-size: 7pt;line-height: normal\">&nbsp;&nbsp;&nbsp;&nbsp;&nbsp;&nbsp;<br \/>\n<\/span><\/span><!--[endif]--><i><span style=\"font-family: Arial, sans-serif;font-size: 18pt\">El director del proyecto \u201cNuestro Ajedrez en<br \/>\nEuropa\u201d, de las escuelas de Villafranca de los Caballeros y Alc\u00e1zar de San Juan<br \/>\nrecoge en Toledo el Premio TDAH 2017 en el \u201c\u00e1mbito social\u201d<\/span><\/i><i><span style=\",sans-serif;font-size: 18.0pt\"><\/span><\/i><\/div>\n<div class=\"MsoNormal\" style=\"margin-left: 36.0pt\">\n<\/div>\n<div class=\"MsoNormal\">\n<b><span style=\",sans-serif;font-size: 14.0pt\">VILLAFRANCA<br \/>\n(TOLEDO) 21-10-17.-<\/span><\/b><span style=\",sans-serif;font-size: 14.0pt\"><br \/>\n<\/span><span style=\",sans-serif;font-size: 15.0pt\">&nbsp;El director del proyecto \u201cNuestro Ajedrez en<br \/>\nEuropa\u201d, <b>F\u00e9lix Toribio<\/b>, reivindica el ajedrez como \u201cherramienta<br \/>\neducativa y social, m\u00e1s all\u00e1 de su \u00e1mbito deportivo\u201d. Y as\u00ed lo trasladaba<br \/>\ndurante su intervenci\u00f3n en la entrega de los Premios 2017 de la Asociaci\u00f3n del<br \/>\nTrastorno del D\u00e9ficit de Atenci\u00f3n e Hiperactividad, TDAH Toledo, que ten\u00eda<br \/>\nlugar este viernes por la tarde en la Biblioteca de Castilla-La Mancha.<\/span><\/div>\n<table cellpadding=\"0\" cellspacing=\"0\" class=\"tr-caption-container\" style=\"float: left;margin-right: 1em;text-align: left\">\n<tbody>\n<tr>\n<td style=\"text-align: center\"><a href=\"https:\/\/www.bfv.cloud\/ajedrezeuropa\/wp-content\/uploads\/2017\/10\/FOTO08.jpg\" style=\"clear: left;margin-bottom: 1em;margin-left: auto;margin-right: auto\"><img decoding=\"async\" border=\"0\" data-original-height=\"750\" data-original-width=\"1200\" height=\"250\" src=\"https:\/\/blogger.googleusercontent.com\/img\/b\/R29vZ2xl\/AVvXsEjhj7ZzC5TsZOsOp_T937b9HTeGviBWVJhl62YCB02Qn7_pK3ZkFmuxGWheeVXLWX44viFjO2G_nunoDwMR6SY2mUmEyWUeBdJ0p_ee9r3ecQlgWHAVAD0sTv31f-NDVn30deRrcHuvj3A\/s400\/FOTO+08.jpg\" width=\"400\" \/><\/a><\/td>\n<\/tr>\n<tr>\n<td class=\"tr-caption\" style=\"text-align: center\">Durante la entrega del premio<br \/>Foto Toledo News Redes<\/td>\n<\/tr>\n<\/tbody>\n<\/table>\n<div class=\"MsoNormal\">\n<span style=\"font-family: Arial, sans-serif;font-size: 15pt\">&nbsp; &nbsp;Toribio, que recog\u00eda este viernes en la<br \/>\nBiblioteca de Castilla-La Mancha el galard\u00f3n que este a\u00f1o le ha concedido TDAH<br \/>\nToledo en el \u201c\u00e1mbito social\u201d, destacaba los beneficios del ajedrez como terapia<br \/>\npara ni\u00f1os y ni\u00f1as con este tipo de trastorno, \u201ccomo as\u00ed ha quedado demostrado<br \/>\nen la primera experiencia que iniciamos en 2016 en \u201c7 colegios de la provincia<br \/>\nde Toledo, uno de ellos el Miguel de Cervantes de Villafranca de los<br \/>\nCaballeros\u201d. En este sentido a\u00f1ad\u00eda que \u201cfue un trabajo muy especial, una<br \/>\nexperiencia \u00fanica, que ha dado sus frutos y que nos gustar\u00eda seguir<br \/>\ndesarrollando en el futuro\u201d.<\/span><\/div>\n<div class=\"MsoNormal\">\n<span style=\",sans-serif;font-size: 15.0pt\">De<br \/>\nla implicaci\u00f3n del ajedrez en el mundo educativo, el director del proyecto de<br \/>\nlas escuelas de Villafranca de los Caballeros (Toledo) y Alc\u00e1zar de San Juan<br \/>\n(Ciudad Real), Toribio destac\u00f3 el convenio que el pasado curso firmaban con el<br \/>\nAyuntamiento de Illescas (Toledo) para implantar el ajedrez como asignatura<br \/>\ntransversal, \u201cy que en este curso ha servido para llevar el proyecto a todos<br \/>\nlos colegios p\u00fablicos de la localidad toledana desde 1\u00ba a 4\u00ba de primaria dentro<br \/>\ndel horario lectivo\u201d. En este \u00e1mbito, el educativo, \u201cNuestro Ajedrez en Europa\u201d<br \/>\nha ofrecido formaci\u00f3n a m\u00e1s de 1.200<b><span style=\"color: #002060\"> <\/span><\/b>escolares y en el deportivo superan ya los 200<br \/>\nalumnos. <\/span><span style=\"font-size: 15.0pt\"><\/span><\/div>\n<div class=\"MsoNormal\">\n<\/div>\n<div class=\"MsoNormal\">\n<span style=\",sans-serif;font-size: 15.0pt\">&nbsp;&nbsp; Adem\u00e1s, \u201cNuestro Ajedrez en Europa\u201d tambi\u00e9n<br \/>\ntrabaja en materia de igualdad, uno de los aspectos que este a\u00f1o reclama la<br \/>\nAsociaci\u00f3n Europea de TDAH y que recoge el manifiesto que este a\u00f1o se ha<br \/>\nelaborado para llamar la atenci\u00f3n sobre este tipo de trastornos, m\u00e1s dif\u00edcil de<br \/>\ndetectar y diagnosticar entre mujeres y ni\u00f1as. En este sentido, las escuelas de<br \/>\najedrez de Villafranca y Alc\u00e1zar cuentan con un proyecto paralelo \u201cNuestro<br \/>\nAjedrez por la Igualdad\u201d.<\/span><\/div>\n<div class=\"MsoNormal\">\n<\/div>\n<div class=\"MsoNormal\">\n<span style=\",sans-serif;font-size: 15.0pt\">&nbsp; Toribio, tras agradecer la concesi\u00f3n de este<br \/>\npremio que llega coincidiendo con el X Aniversario del proyecto que dirige,<br \/>\nanim\u00f3 a instituciones y colectivos \u201ca contar con el ajedrez\u201d y concluy\u00f3,<br \/>\ndirigi\u00e9ndose a la asociaci\u00f3n TDAH Toledo, \u201csiempre contar\u00e9is con nosotros\u201d.<\/span><span style=\"font-size: 15.0pt\"><\/span><\/div>\n<div class=\"MsoNormal\">\n<\/div>\n<div class=\"MsoNormal\">\n<b><span style=\",sans-serif;font-size: 15.0pt\"><u>Resto<br \/>\nde premiados<\/u><\/span><\/b><span style=\",sans-serif;font-size: 15.0pt\"><\/span><\/div>\n<div class=\"MsoNormal\">\n<span style=\",sans-serif;font-size: 15.0pt\">El<br \/>\nacto ,que se celebraba ayer en la Biblioteca de CLM, se iniciaba con una breve<br \/>\nexposici\u00f3n del trabajo que lleva acabo TDAH Toledo, que en la actualidad<br \/>\npreside <b>Mercedes Alonso Recuero<\/b>, para continuar con la lectura del manifiesto, a<br \/>\ncargo de una de sus socias, Blanca Corroto Rojo y la entrega de galardones.<\/span><\/div>\n<table align=\"center\" cellpadding=\"0\" cellspacing=\"0\" class=\"tr-caption-container\" style=\"margin-left: auto;margin-right: auto;text-align: center\">\n<tbody>\n<tr>\n<td style=\"text-align: center\"><a href=\"https:\/\/www.bfv.cloud\/ajedrezeuropa\/wp-content\/uploads\/2017\/10\/FOTO01.jpg\" style=\"margin-left: auto;margin-right: auto\"><img decoding=\"async\" border=\"0\" data-original-height=\"750\" data-original-width=\"1200\" height=\"400\" src=\"https:\/\/blogger.googleusercontent.com\/img\/b\/R29vZ2xl\/AVvXsEj-fPaHXvyYqb3Qz1H3lHixO2ycmx0D4sVCD0O40WYG2XxFPbND05Fv0Es2Z4r7apUIio_GP5tItoU3qS54dAMTDT3H8QTY_yNPUls8j1OWEVMDuwFhOewJwbTTpxs-UYFidIxVgszjjEA\/s640\/FOTO+01.jpg\" width=\"640\" \/><\/a><\/td>\n<\/tr>\n<tr>\n<td class=\"tr-caption\" style=\"text-align: center\">Todos los premiados junto a la presidenta de la Asociaci\u00f3n TDAH Toledo, Mercedes Alonso Recuero<br \/>Foto Toledo News Redes<\/td>\n<\/tr>\n<\/tbody>\n<\/table>\n<div class=\"MsoNormal\" style=\"text-align: center\">\n<span style=\"font-family: Arial, sans-serif;font-size: 15pt\">&nbsp; &nbsp;<\/span><span style=\"font-family: Arial, sans-serif;font-size: 15pt\">En esta edici\u00f3n han reca\u00eddo en la doctora <\/span><b style=\"font-family: Arial, sans-serif;font-size: 15pt\">Anabel<br \/>\nYag\u00fce Alonso<\/b><span style=\"font-family: Arial, sans-serif;font-size: 15pt\">, de la Unidad de Salud Mental Infantil y Juvenil del Servicio<br \/>\nde Psiquiatr\u00eda del Complejo Hospitalario de Toledo. Servicio de Salud de<br \/>\nCastilla-La Mancha, en el \u201c\u00e1mbito de Salud\u201d; en el \u201c\u00e1mbito educativo, <\/span><b style=\"font-family: Arial, sans-serif;font-size: 15pt\">\u00c1ngel<br \/>\nFelpeto Enr\u00edquez<\/b><span style=\"font-family: Arial, sans-serif;font-size: 15pt\">, consejero de Educaci\u00f3n, Cultura y Deportes de la Junta de<br \/>\nComunidades de Castilla-La Mancha. En este caso recog\u00eda el galard\u00f3n en su<br \/>\nnombre el director provincial, <\/span><b style=\"font-family: Arial, sans-serif;font-size: 15pt\">Jos\u00e9 Manuel Almeida. <\/b><span style=\"font-family: Arial, sans-serif;font-size: 15pt\">En el \u201c\u00e1mbito<br \/>\ninstitucional\u201d se reconoce al Ayuntamiento de Toledo, cuyo concejal de<br \/>\nBienestar Social, <\/span><b style=\"font-family: Arial, sans-serif;font-size: 15pt\">Javier Mateo<\/b><span style=\"font-family: Arial, sans-serif;font-size: 15pt\">, fue el encargado de recoger el premio y,<br \/>\nfinalmente, se entreg\u00f3 una menci\u00f3n especial al ni\u00f1o <\/span><b style=\"font-family: Arial, sans-serif;font-size: 15pt\">Diego Torrej\u00f3n Trimi\u00f1o.<br \/>\n\u201c<\/b><span style=\"font-family: Arial, sans-serif;font-size: 15pt\">Ayudar a Nico no ha cambiado el mundo, pero ha cambiado el mundo de Nico y<br \/>\nmio. Gracias por el premio\u201d, dec\u00eda Diego en su intervenci\u00f3n, levantando los<br \/>\naplausos de todos los asistentes.<\/span><\/div>\n<div class=\"separator\" style=\"clear: both;text-align: center\">\n<a href=\"https:\/\/www.bfv.cloud\/ajedrezeuropa\/wp-content\/uploads\/2017\/10\/TOLEDONEWSREDES.jpg\" style=\"margin-left: 1em;margin-right: 1em\"><img loading=\"lazy\" decoding=\"async\" border=\"0\" data-original-height=\"1000\" data-original-width=\"1000\" height=\"200\" src=\"https:\/\/blogger.googleusercontent.com\/img\/b\/R29vZ2xl\/AVvXsEhuk5FjgIpRF1RsjZz5z-DCRzfx2WGJkENN_GAWeCaGxALnrjMVoDL38WBi8Il0e8ibKaa1PjeFsMJ48Hexwyssx_z72pYEM_D-C4WyT8xf5unJW-IopPm4LME1vmGjxzPVIIlqzyRYRZs\/s200\/TOLEDO+NEWS+REDES.jpg\" width=\"200\" \/><\/a><\/div>\n<div align=\"center\" class=\"MsoNormal\" style=\"text-align: center\">\n<b><span style=\",sans-serif;font-size: 16.0pt\">Gabinete de<br \/>\nComunicaci\u00f3n<\/span><\/b><\/div>\n<div align=\"center\" class=\"MsoNormal\" style=\"text-align: center\">\n<b><span style=\",sans-serif;font-size: 16.0pt\"><br \/><\/span><\/b><\/div>\n<div class=\"MsoNormal\" style=\"text-align: left\">\n<b><span style=\",sans-serif;font-size: 16.0pt\">Agradecemos a Juani Pati\u00f1o del Gabinete de Comunicaci\u00f3n Toledo News Redes la elaboraci\u00f3n y cesi\u00f3n de la noticia que aqu\u00ed hemos publicado.<\/span><\/b><\/div>\n","protected":false},"excerpt":{"rendered":"<p>Una imagen durante la intervenci\u00f3n para agradecer&nbsp;el premioFoto Toledo News Redes F\u00e9lix Toribio reivindica el ajedrez como \u201cherramienta educativa y social\u201d \u00b7&nbsp;&nbsp;&nbsp;&nbsp;&nbsp;&nbsp; El director del proyecto \u201cNuestro Ajedrez en Europa\u201d, de las escuelas de Villafranca de los Caballeros y Alc\u00e1zar de San Juan recoge en Toledo el Premio TDAH 2017 en el \u201c\u00e1mbito social\u201d VILLAFRANCA [&hellip;]<\/p>\n","protected":false},"author":1,"featured_media":1196,"comment_status":"open","ping_status":"closed","sticky":false,"template":"","format":"standard","meta":{"footnotes":""},"categories":[1],"tags":[],"class_list":["post-1195","post","type-post","status-publish","format-standard","has-post-thumbnail","hentry","category-noticias"],"_links":{"self":[{"href":"https:\/\/www.bfv.cloud\/ajedrezeuropa\/wp-json\/wp\/v2\/posts\/1195","targetHints":{"allow":["GET"]}}],"collection":[{"href":"https:\/\/www.bfv.cloud\/ajedrezeuropa\/wp-json\/wp\/v2\/posts"}],"about":[{"href":"https:\/\/www.bfv.cloud\/ajedrezeuropa\/wp-json\/wp\/v2\/types\/post"}],"author":[{"embeddable":true,"href":"https:\/\/www.bfv.cloud\/ajedrezeuropa\/wp-json\/wp\/v2\/users\/1"}],"replies":[{"embeddable":true,"href":"https:\/\/www.bfv.cloud\/ajedrezeuropa\/wp-json\/wp\/v2\/comments?post=1195"}],"version-history":[{"count":1,"href":"https:\/\/www.bfv.cloud\/ajedrezeuropa\/wp-json\/wp\/v2\/posts\/1195\/revisions"}],"predecessor-version":[{"id":1200,"href":"https:\/\/www.bfv.cloud\/ajedrezeuropa\/wp-json\/wp\/v2\/posts\/1195\/revisions\/1200"}],"wp:featuredmedia":[{"embeddable":true,"href":"https:\/\/www.bfv.cloud\/ajedrezeuropa\/wp-json\/wp\/v2\/media\/1196"}],"wp:attachment":[{"href":"https:\/\/www.bfv.cloud\/ajedrezeuropa\/wp-json\/wp\/v2\/media?parent=1195"}],"wp:term":[{"taxonomy":"category","embeddable":true,"href":"https:\/\/www.bfv.cloud\/ajedrezeuropa\/wp-json\/wp\/v2\/categories?post=1195"},{"taxonomy":"post_tag","embeddable":true,"href":"https:\/\/www.bfv.cloud\/ajedrezeuropa\/wp-json\/wp\/v2\/tags?post=1195"}],"curies":[{"name":"wp","href":"https:\/\/api.w.org\/{rel}","templated":true}]}}