{"id":1206,"date":"2020-03-11T18:38:00","date_gmt":"2020-03-11T18:38:00","guid":{"rendered":"https:\/\/www.bfv.cloud\/ajedrezeuropa\/index.php\/2020\/03\/11\/ii-torneo-de-ajedrez-ieso-la-falcata-de-villafranca-de-los-caballeros\/"},"modified":"2025-11-20T10:28:13","modified_gmt":"2025-11-20T10:28:13","slug":"ii-torneo-de-ajedrez-ieso-la-falcata-de-villafranca-de-los-caballeros","status":"publish","type":"post","link":"https:\/\/www.bfv.cloud\/ajedrezeuropa\/ii-torneo-de-ajedrez-ieso-la-falcata-de-villafranca-de-los-caballeros\/","title":{"rendered":"II TORNEO DE AJEDREZ IESO LA FALCATA DE VILLAFRANCA DE LOS CABALLEROS"},"content":{"rendered":"<div class=\"separator\" style=\"clear: both;text-align: center\">\n<a href=\"https:\/\/www.bfv.cloud\/ajedrezeuropa\/wp-content\/uploads\/2020\/03\/CARTELTORNEOLAFALCATA2020.jpg\" style=\"clear: right;float: right;margin-bottom: 1em;margin-left: 1em\"><img fetchpriority=\"high\" decoding=\"async\" border=\"0\" data-original-height=\"1600\" data-original-width=\"1131\" height=\"400\" src=\"https:\/\/blogger.googleusercontent.com\/img\/b\/R29vZ2xl\/AVvXsEgjAJsl76Usq39SOL69HJf2D5G8HG-KJfJ6iIHm50DZDutPoHZsr8JnmPAWKckMZ2e82O1s80klgRWSVhSXGO_Yar78b1g2v0BCiKXbvrtyGCBirp84dNJqyQ8Gat8HvwujlPiIM99tO8M\/s400\/CARTEL+TORNEO+LA+FALCATA+2020.jpg\" width=\"281\" \/><\/a><\/div>\n<p><span style=\"color: red;, sans-serif;font-size: x-large\"><b><u>CANCELADO<\/u><\/b><\/span><br \/>\n<span style=\", sans-serif;font-size: large\"><br \/><\/span><br \/>\n<span style=\"font-family: arial, helvetica, sans-serif;font-size: large\">Por segundo a\u00f1o, la escuela de ajedrez de Villafranca, colabora con el IESO La Falcata en la organizaci\u00f3n y celebraci\u00f3n del Torneo de Ajedrez por Equipos de Institutos de la provincia de Toledo. Si las circunstancias de salud que vivimos lo permiten, el torneo se celebrar\u00e1 el lunes 30 de marzo en el hall principal del propio instituto. Gracias a F\u00e1tima, directora del centro, y al profesorado que colaboran en todo para hacer posible este torneo que sirve para promocionar nuestro deporte entre los j\u00f3venes de la ense\u00f1anza secundaria toledana.<\/span><\/p>\n","protected":false},"excerpt":{"rendered":"<p>CANCELADO Por segundo a\u00f1o, la escuela de ajedrez de Villafranca, colabora con el IESO La Falcata en la organizaci\u00f3n y celebraci\u00f3n del Torneo de Ajedrez por Equipos de Institutos de la provincia de Toledo. Si las circunstancias de salud que vivimos lo permiten, el torneo se celebrar\u00e1 el lunes 30 de marzo en el hall [&hellip;]<\/p>\n","protected":false},"author":1,"featured_media":1207,"comment_status":"open","ping_status":"closed","sticky":false,"template":"","format":"standard","meta":{"footnotes":""},"categories":[1],"tags":[],"class_list":["post-1206","post","type-post","status-publish","format-standard","has-post-thumbnail","hentry","category-noticias"],"_links":{"self":[{"href":"https:\/\/www.bfv.cloud\/ajedrezeuropa\/wp-json\/wp\/v2\/posts\/1206","targetHints":{"allow":["GET"]}}],"collection":[{"href":"https:\/\/www.bfv.cloud\/ajedrezeuropa\/wp-json\/wp\/v2\/posts"}],"about":[{"href":"https:\/\/www.bfv.cloud\/ajedrezeuropa\/wp-json\/wp\/v2\/types\/post"}],"author":[{"embeddable":true,"href":"https:\/\/www.bfv.cloud\/ajedrezeuropa\/wp-json\/wp\/v2\/users\/1"}],"replies":[{"embeddable":true,"href":"https:\/\/www.bfv.cloud\/ajedrezeuropa\/wp-json\/wp\/v2\/comments?post=1206"}],"version-history":[{"count":1,"href":"https:\/\/www.bfv.cloud\/ajedrezeuropa\/wp-json\/wp\/v2\/posts\/1206\/revisions"}],"predecessor-version":[{"id":1208,"href":"https:\/\/www.bfv.cloud\/ajedrezeuropa\/wp-json\/wp\/v2\/posts\/1206\/revisions\/1208"}],"wp:featuredmedia":[{"embeddable":true,"href":"https:\/\/www.bfv.cloud\/ajedrezeuropa\/wp-json\/wp\/v2\/media\/1207"}],"wp:attachment":[{"href":"https:\/\/www.bfv.cloud\/ajedrezeuropa\/wp-json\/wp\/v2\/media?parent=1206"}],"wp:term":[{"taxonomy":"category","embeddable":true,"href":"https:\/\/www.bfv.cloud\/ajedrezeuropa\/wp-json\/wp\/v2\/categories?post=1206"},{"taxonomy":"post_tag","embeddable":true,"href":"https:\/\/www.bfv.cloud\/ajedrezeuropa\/wp-json\/wp\/v2\/tags?post=1206"}],"curies":[{"name":"wp","href":"https:\/\/api.w.org\/{rel}","templated":true}]}}