{"id":1209,"date":"2016-01-26T14:46:00","date_gmt":"2016-01-26T14:46:00","guid":{"rendered":"https:\/\/www.bfv.cloud\/ajedrezeuropa\/index.php\/2016\/01\/26\/la-escuela-alcazarena-de-ajedrez-marca-distancias-en-la-3a-jornada-del-escolar\/"},"modified":"2025-11-20T10:28:20","modified_gmt":"2025-11-20T10:28:20","slug":"la-escuela-alcazarena-de-ajedrez-marca-distancias-en-la-3a-jornada-del-escolar","status":"publish","type":"post","link":"https:\/\/www.bfv.cloud\/ajedrezeuropa\/la-escuela-alcazarena-de-ajedrez-marca-distancias-en-la-3a-jornada-del-escolar\/","title":{"rendered":"LA ESCUELA ALCAZARE\u00d1A DE AJEDREZ MARCA DISTANCIAS EN LA 3\u00aa JORNADA DEL ESCOLAR"},"content":{"rendered":"<table align=\"center\" cellpadding=\"0\" cellspacing=\"0\" class=\"tr-caption-container\" style=\"float: left;margin-right: 1em;text-align: left\">\n<tbody>\n<tr>\n<td style=\"text-align: center\"><a href=\"https:\/\/www.bfv.cloud\/ajedrezeuropa\/wp-content\/uploads\/2016\/01\/SAM_2540.jpg\" style=\"clear: right;margin-bottom: 1em;margin-left: auto;margin-right: auto\"><img fetchpriority=\"high\" decoding=\"async\" border=\"0\" height=\"300\" src=\"https:\/\/blogger.googleusercontent.com\/img\/b\/R29vZ2xl\/AVvXsEh_kvXv2rhOYn5rCMMZzMwc1dUhmko8ccsjQtgy6wicGnpuHUv4EAaGeDvB39jTUJEQuEkOOA35guTxjuf00jF3V0Vo2yyt4dHoPNX-yn5HPCzf7-QxgZisEZsYyIUVBWTMZ1TFBTIBoK0\/s400\/SAM_2540.JPG\" width=\"400\" \/><\/a><\/td>\n<\/tr>\n<tr>\n<td class=\"tr-caption\" style=\"text-align: center\">Enrique y Arturo est\u00e1n realizando un gran campeonato en juego<br \/>\ny resultados<\/td>\n<\/tr>\n<\/tbody>\n<\/table>\n<p><span style=\", sans-serif\"><b>Despu\u00e9s de un intenso fin de semana de competici\u00f3n en el CRDEE de Ciudad Real las opciones de clasificar a varios de los ajedrecistas de la Escuela de Alc\u00e1zar para la fase regional se encuentran m\u00e1s altas que nunca.&nbsp;<br \/>\n<\/b><\/span><\/p>\n<p><span style=\", sans-serif\"><u>Muchas expectativas para la \u00faltima jornada<\/u><\/span><br \/>\n<span style=\", sans-serif\"><b>La doble jornada con la que los 19 jugadores alcazare\u00f1os han puesto a prueba su preparaci\u00f3n ha resultado muy favorable para las opciones de clasificaci\u00f3n de varios de ellos. De esta manera, 2 chicos y 2 chicas de la categor\u00eda infantil y una chica del cadete alcanzan las primeras posiciones de la clasificaci\u00f3n provisional, y a falta de la \u00faltima jornada del pr\u00f3ximo s\u00e1bado dependen de sus propios resultados para disputar la fase regional del Deporte en Edad Escolar.<\/b><\/span><br \/>\n<span style=\", sans-serif\"><b><br \/><\/b><\/span><br \/>\n<span style=\", sans-serif\"><u>Enrique Velasco, Arturo Mate, Isabel Marcos-Alberca y Nuria Lozano, destacan en el Infantil<\/u><\/span><\/p>\n<table align=\"center\" cellpadding=\"0\" cellspacing=\"0\" class=\"tr-caption-container\" style=\"float: right;margin-left: 1em;text-align: right\">\n<tbody>\n<tr>\n<td style=\"text-align: center\"><a href=\"https:\/\/www.bfv.cloud\/ajedrezeuropa\/wp-content\/uploads\/2016\/01\/SAM_2542.jpg\" style=\"clear: right;margin-bottom: 1em;margin-left: auto;margin-right: auto\"><img decoding=\"async\" border=\"0\" height=\"247\" src=\"https:\/\/blogger.googleusercontent.com\/img\/b\/R29vZ2xl\/AVvXsEgkaqzF2xWN41nvE5XgVYHBxw_EibK-xK7JebYO9KEUU3Y8AMiGd70oeKdkrh5Xuz9Ptr5yYiYZHuUb8wAkcRW96FJVC_XXV_rCrmapqkX-vQKktPoE7wPj7XiI54eXwGRg3bAiDxHstkI\/s400\/SAM_2542.JPG\" width=\"400\" \/><\/a><\/td>\n<\/tr>\n<tr>\n<td class=\"tr-caption\" style=\"text-align: center\">Isabel Marcos-Alberca lidera la clasificaci\u00f3n infantil femenina<\/td>\n<\/tr>\n<\/tbody>\n<\/table>\n<p><span style=\", sans-serif\"><b>Encabezando la clasificaci\u00f3n despu\u00e9s de disputadas 6 rondas en la categor\u00eda Infantil est\u00e1n: Enrique Velasco, con 6 puntos, lidera en solitario el masculino y Arturo Mate, con 5 puntos, ocupa la 4\u00aa plaza. Mientras, en el femenino, Isabel Marcos-Alberca, con 4,5 puntos, va en cabeza de la categor\u00eda y Nuria Lozano, con 4 puntos, empata con la 3\u00aa clasificada.<\/b><\/span><br \/>\n<span style=\", sans-serif\"><b>El resto de jugadores de la Escuela de Alc\u00e1zar est\u00e1n as\u00ed:<\/b><\/span><\/p>\n<table cellpadding=\"0\" cellspacing=\"0\" class=\"tr-caption-container\" style=\"float: left;margin-right: 1em;text-align: left\">\n<tbody>\n<tr>\n<td style=\"text-align: center\"><a href=\"https:\/\/www.bfv.cloud\/ajedrezeuropa\/wp-content\/uploads\/2016\/01\/SAM_2541.jpg\" style=\"clear: left;margin-bottom: 1em;margin-left: auto;margin-right: auto\"><img decoding=\"async\" border=\"0\" height=\"400\" src=\"https:\/\/blogger.googleusercontent.com\/img\/b\/R29vZ2xl\/AVvXsEgumUbOh1fJzhy8m3Yv2fx7XrjH7vnrO9iPkPUuxmXLogRvlzFWWgesdT_bkduSeyn_aPqhvzrSYrnG9FV7GCAUKfGHE3zyRgMNUaLLIvVoO36HVYOR_pYcg-Bv6Q4g4p8sq-sgTb2vuSU\/s400\/SAM_2541.JPG\" width=\"330\" \/><\/a><\/td>\n<\/tr>\n<tr>\n<td class=\"tr-caption\" style=\"text-align: center\">Nuria y Pablo en las primeras mesas<\/td>\n<\/tr>\n<\/tbody>\n<\/table>\n<p><span style=\", sans-serif\"><b>Con 3,5 puntos: Pablo Vela; con 3 puntos: Daniel Climent, Arsenio L\u00f3pez y Clara Vela; con 2,5 puntos: Rub\u00e9n Monge, Roc\u00edo Arias y Roberto Yeghiazaryan; con 2 puntos: Rafael Carrasco, Sergio Arias, Adri\u00e1n Cruz y Mateo Espa\u00f1\u00f3n; y con 1,5 puntos: Marta Vela.<\/b><\/span><\/p>\n<p><span style=\", sans-serif\"><u>Marta Espinosa, 2\u00aa clasificada en el cadete femenino<\/u><\/span><br \/>\n<span style=\", sans-serif\"><b>La categor\u00eda Cadete est\u00e1 a falta de la \u00faltima ronda y las opciones de clasificaci\u00f3n para el regional se han quedado reducidas a Marta Espinosa que con 2 puntos se sit\u00faa en la 2\u00aa plaza del femenino. Por su parte, los chicos ocupan la 8\u00aa posici\u00f3n con 2,5 puntos, Julio M\u00e9rida, y la 15\u00aa con 1 punto, Samuel Ortiz.<\/b><\/span><br \/>\n<span style=\", sans-serif\"><b><br \/><\/b><\/span><br \/>\n<span style=\", sans-serif\"><u>El pr\u00f3ximo s\u00e1bado \u00faltima jornada de esta fase provincial<\/u><\/span><br \/>\n<span style=\", sans-serif\"><b>Siguiendo con el calendario establecido, el pr\u00f3ximo s\u00e1bado 30 de enero se celebrar\u00e1 la jornada final de esta fase, celebrando las dos \u00faltimas rondas del Infantil y la 6\u00aa del Cadete.<\/b><\/span><br \/>\n<span style=\", sans-serif\"><b>Esperamos que sean muchos los ajedrecistas de NUESTRO AJEDREZ EN EUROPA que alcancen los puestos de honor, aunque para todos habr\u00e1 sido una gran experiencia y unos magn\u00edficos resultados.<\/b><\/span><br \/>\n<span style=\", sans-serif\"><b><br \/><\/b><\/span><br \/>\n<span style=\", sans-serif\"><b>Para seguir los resultados y las clasificaciones de la \u00faltima jornada dejamos los enlaces con info64.org.<\/b><\/span><br \/>\n<span style=\", sans-serif\"><b><br \/><\/b><\/span><\/p>\n<div style=\"text-align: center\">\n<span style=\", sans-serif\"><b><a href=\"https:\/\/info64.org\/provincial-infantil-deporte-base-2016\/standings\">CLASIFICACI\u00d3N ESCOLAR INFANTIL CIUDAD REAL<\/a><\/b><\/span><\/div>\n<div style=\"text-align: center\">\n<span style=\", sans-serif\"><br \/><\/span><\/div>\n<div style=\"text-align: center\">\n<span style=\", sans-serif\"><a href=\"https:\/\/info64.org\/provincial-cadete-deporte-base-2015-2016\/standings\"><span style=\"color: #990000\">CLASIFICACI\u00d3N ESCOLAR CADETE CIUDAD REAL<\/span><\/a><\/span><\/div>\n<p><\/p>\n<div class=\"separator\" style=\"clear: both;text-align: center\">\n<a href=\"https:\/\/www.bfv.cloud\/ajedrezeuropa\/wp-content\/uploads\/2016\/01\/SAM_2552.jpg\" style=\"margin-left: 1em;margin-right: 1em\"><img loading=\"lazy\" decoding=\"async\" border=\"0\" height=\"402\" src=\"https:\/\/blogger.googleusercontent.com\/img\/b\/R29vZ2xl\/AVvXsEg6sy8K-BdxBt9ZR_SxxJBUhyphenhyphenW4hV3auDQyeXwDGqcFlmBS-ijYHGIihJZ-hyBxU-q0JagZn1E0ppdSlCWL_U1dPUpsGPfuXflatdMS_jSjSItSP7jYCnqmCJI8Yws16SLlVoIqTjUPmPc\/s640\/SAM_2552.JPG\" width=\"640\" \/><\/a><\/div>\n<p>\n<span style=\", sans-serif\"><u><br \/><\/u><\/span><\/p>\n","protected":false},"excerpt":{"rendered":"<p>Enrique y Arturo est\u00e1n realizando un gran campeonato en juego y resultados Despu\u00e9s de un intenso fin de semana de competici\u00f3n en el CRDEE de Ciudad Real las opciones de clasificar a varios de los ajedrecistas de la Escuela de Alc\u00e1zar para la fase regional se encuentran m\u00e1s altas que nunca.&nbsp; Muchas expectativas para la [&hellip;]<\/p>\n","protected":false},"author":1,"featured_media":1210,"comment_status":"open","ping_status":"closed","sticky":false,"template":"","format":"standard","meta":{"footnotes":""},"categories":[1],"tags":[],"class_list":["post-1209","post","type-post","status-publish","format-standard","has-post-thumbnail","hentry","category-noticias"],"_links":{"self":[{"href":"https:\/\/www.bfv.cloud\/ajedrezeuropa\/wp-json\/wp\/v2\/posts\/1209","targetHints":{"allow":["GET"]}}],"collection":[{"href":"https:\/\/www.bfv.cloud\/ajedrezeuropa\/wp-json\/wp\/v2\/posts"}],"about":[{"href":"https:\/\/www.bfv.cloud\/ajedrezeuropa\/wp-json\/wp\/v2\/types\/post"}],"author":[{"embeddable":true,"href":"https:\/\/www.bfv.cloud\/ajedrezeuropa\/wp-json\/wp\/v2\/users\/1"}],"replies":[{"embeddable":true,"href":"https:\/\/www.bfv.cloud\/ajedrezeuropa\/wp-json\/wp\/v2\/comments?post=1209"}],"version-history":[{"count":1,"href":"https:\/\/www.bfv.cloud\/ajedrezeuropa\/wp-json\/wp\/v2\/posts\/1209\/revisions"}],"predecessor-version":[{"id":1214,"href":"https:\/\/www.bfv.cloud\/ajedrezeuropa\/wp-json\/wp\/v2\/posts\/1209\/revisions\/1214"}],"wp:featuredmedia":[{"embeddable":true,"href":"https:\/\/www.bfv.cloud\/ajedrezeuropa\/wp-json\/wp\/v2\/media\/1210"}],"wp:attachment":[{"href":"https:\/\/www.bfv.cloud\/ajedrezeuropa\/wp-json\/wp\/v2\/media?parent=1209"}],"wp:term":[{"taxonomy":"category","embeddable":true,"href":"https:\/\/www.bfv.cloud\/ajedrezeuropa\/wp-json\/wp\/v2\/categories?post=1209"},{"taxonomy":"post_tag","embeddable":true,"href":"https:\/\/www.bfv.cloud\/ajedrezeuropa\/wp-json\/wp\/v2\/tags?post=1209"}],"curies":[{"name":"wp","href":"https:\/\/api.w.org\/{rel}","templated":true}]}}