{"id":1215,"date":"2011-12-09T01:13:00","date_gmt":"2011-12-09T01:13:00","guid":{"rendered":"https:\/\/www.bfv.cloud\/ajedrezeuropa\/index.php\/2011\/12\/09\/disputadas-3-rondas-del-iv-ceclub-por-equipos-s-16\/"},"modified":"2025-11-20T10:28:31","modified_gmt":"2025-11-20T10:28:31","slug":"disputadas-3-rondas-del-iv-ceclub-por-equipos-s-16","status":"publish","type":"post","link":"https:\/\/www.bfv.cloud\/ajedrezeuropa\/disputadas-3-rondas-del-iv-ceclub-por-equipos-s-16\/","title":{"rendered":"DISPUTADAS 3 RONDAS DEL IV CECLUB POR EQUIPOS S-16"},"content":{"rendered":"<p>\ufeff <\/p>\n<table cellpadding=\"0\" cellspacing=\"0\" class=\"tr-caption-container\" style=\"float: left;margin-right: 1em;text-align: left\">\n<tbody>\n<tr>\n<td style=\"text-align: center\"><a href=\"https:\/\/www.bfv.cloud\/ajedrezeuropa\/wp-content\/uploads\/2011\/12\/fotosdelCECLUBS-162011020.jpg\" style=\"clear: left;margin-bottom: 1em;margin-left: auto;margin-right: auto\"><img fetchpriority=\"high\" decoding=\"async\" border=\"0\" height=\"300\" src=\"https:\/\/blogger.googleusercontent.com\/img\/b\/R29vZ2xl\/AVvXsEjgC_HqNakTToQAd7nxwULGURQGB6F352ZnnB5seFrb5BqUN9SjvLvEAeu9RqsmSrJfl1Ii6U8LaUIBij-IWkWI-5DeqDQ8GjJsMEbfF2xL319eMJzCPz_dLH3oGRQfAYJtmEbqEm8yJ-I\/s400\/fotos+del+CECLUB++S-16+2011+020.jpg\" width=\"400\" \/><\/a><\/td>\n<\/tr>\n<tr>\n<td class=\"tr-caption\" style=\"text-align: center\">La foto corresponde a la ronda la ma\u00f1ana del d\u00eda 8<br \/>\ndonde Nuestro Ajedrez por la Igualdad<br \/>\nvenc\u00eda al equipo navarro del Miquel Gurea por 3 a 1<\/td>\n<\/tr>\n<\/tbody>\n<\/table>\n<p>\ufeff <strong><span style=\"font-family: Verdana, sans-serif\">Segundo d\u00eda del Campeonato de Espa\u00f1a por Equipos sub-16 y nuestros 2 equipos est\u00e1n desarrollando un juego destacado, a pesar de que algunos resultados se nos hayan vuelto en contra. Por el momento, Nuestro Ajedrez en Europa ocupa la 9\u00aa plaza con 2 victorias y 1 derrota, habi\u00e9ndose impuesto en la ronda 1 al Mikel Gurea po 4 a 0, en 2\u00aa ronda al CDV Vallecas por 2,5 a 1,5, cayendo derrotados en la 3\u00aa por EVA-Manises (campeones de Espa\u00f1a por Equipos 2010) por 0,5 a 3,5. En la 4\u00aa ronda nos enfrentaremos con el equipo catal\u00e1n del Cerdanyola en partidas que dar\u00e1n comienzo ma\u00f1ana a partir de las 10.<\/span><\/strong>\ufeff\ufeff <\/p>\n<table cellpadding=\"0\" cellspacing=\"0\" class=\"tr-caption-container\" style=\"float: right;margin-left: 1em;text-align: right\">\n<tbody>\n<tr>\n<td style=\"text-align: center\"><a href=\"https:\/\/www.bfv.cloud\/ajedrezeuropa\/wp-content\/uploads\/2011\/12\/fotoscampeonatodeEspa25C325B1aClubSub-16002.jpg\" style=\"clear: left;margin-bottom: 1em;margin-left: auto;margin-right: auto\"><img decoding=\"async\" border=\"0\" height=\"300\" src=\"https:\/\/blogger.googleusercontent.com\/img\/b\/R29vZ2xl\/AVvXsEjn8SWaGQfr9WUJfJzcctWGdUwztvNdhBRRUy1upRNs3p66O9U2M2EMs46AwOfIR5hIaIh1-SL0NNhZm97NzUdZ5ROwJe1n5fktAGrTjd_augvsi6zrPjRbwd3GxsbRD2kEX0NQgnsR8rs\/s400\/fotos+campeonato+de+Espa%25C3%25B1a+Club+Sub-16+002.jpg\" width=\"400\" \/><\/a><\/td>\n<\/tr>\n<tr>\n<td class=\"tr-caption\" style=\"text-align: center\">Todo est\u00e1 preparado para que comience la ronda 3<\/td>\n<\/tr>\n<\/tbody>\n<\/table>\n<p>\ufeff\ufeff\ufeff <\/p>\n<table cellpadding=\"0\" cellspacing=\"0\" class=\"tr-caption-container\" style=\"float: left;margin-right: 1em;text-align: left\">\n<tbody>\n<tr>\n<td style=\"text-align: center\"><a href=\"https:\/\/www.bfv.cloud\/ajedrezeuropa\/wp-content\/uploads\/2011\/12\/fotoscampeonatodeEspa25C325B1aClubSub-16001.jpg\" style=\"clear: left;margin-bottom: 1em;margin-left: auto;margin-right: auto\"><img decoding=\"async\" border=\"0\" height=\"240\" src=\"https:\/\/blogger.googleusercontent.com\/img\/b\/R29vZ2xl\/AVvXsEgUx7FGi0NtQHyszRxOKrB_HgEVbeEJLYNT-c-4JufHL8Jz_X_pmDRpMKjuyWoph4IHbNK4VRO648b49S9WczCsb3QrVVHGPt1moFx8Q37eT-RCkE4IgeJVGgtImvsJ-Dc3kwn1pD4WCe4\/s320\/fotos+campeonato+de+Espa%25C3%25B1a+Club+Sub-16+001.jpg\" width=\"320\" \/><\/a><\/td>\n<\/tr>\n<tr>\n<td class=\"tr-caption\" style=\"text-align: center\">Ronda 3: Nuestro Ajedrez en Europa se enfrenta en<br \/>\nla mesa 1 al vigente campe\u00f3n de Espa\u00f1a de la <br \/>\ncategor\u00eda EVA-Manises. El resultado final de <br \/>\n0,5 a 3,5 supone la 1\u00aa derrota del torneo<\/td>\n<\/tr>\n<\/tbody>\n<\/table>\n<p>\ufeff<br \/>\n<strong><span style=\"font-family: Verdana, sans-serif\">El campeonato se juega en el palacio de cristal del hotel Bali de Benidorm, participando en esta edici\u00f3n 23 equipos con un total de 124 ajedrecistas inscritos, lo que supone un nuevo record&nbsp;de asistencia. Al comienzo de la ronda 3 el equipo de \u00abEuropa\u00bb ocupaba la 3\u00aa plaza de la clasificaci\u00f3n provisional, mientras el de \u00abLa Igualdad\u00bb se situaba en 13\u00aa posici\u00f3n.<\/span><\/strong><br \/>\n\ufeff <\/p>\n<table cellpadding=\"0\" cellspacing=\"0\" class=\"tr-caption-container\" style=\"float: left;margin-right: 1em;text-align: left\">\n<tbody>\n<tr>\n<td style=\"text-align: center\"><a href=\"https:\/\/www.bfv.cloud\/ajedrezeuropa\/wp-content\/uploads\/2011\/12\/fotoscampeonatodeEspa25C325B1aClubSub-16006.jpg\" style=\"clear: left;margin-bottom: 1em;margin-left: auto;margin-right: auto\"><img loading=\"lazy\" decoding=\"async\" border=\"0\" height=\"240\" src=\"https:\/\/blogger.googleusercontent.com\/img\/b\/R29vZ2xl\/AVvXsEjJ_j53Br_3rQWOrXlL0gFKHyyBc5VVJHfrzIfwkEK5fEiP6xYPi686iPQMf4SrlVkFMRWfVgeC-jaOl4mGrURroGiPdYXs_KOwX28qMCnuA7Zhnvn8UWEZFOw3o1TaEiEhndE7mUX_MGE\/s320\/fotos+campeonato+de+Espa%25C3%25B1a+Club+Sub-16+006.jpg\" width=\"320\" \/><\/a><\/td>\n<\/tr>\n<tr>\n<td class=\"tr-caption\" style=\"text-align: center\">En la ronda 3, \u00abel sistema suizo\u00bb, vuelve a<br \/>\nemparejar al equipo&nbsp;de \u00abLa Igualdad\u00bb con el anterior<br \/>\nadversario del equipo de \u00abEuropa\u00bb<\/td>\n<\/tr>\n<\/tbody>\n<\/table>\n<p>\ufeff <strong><span style=\"font-family: Verdana, sans-serif\"><\/span><\/strong><br \/>\n<strong><span style=\"font-family: Verdana, sans-serif\">La pr\u00f3xima ronda ser\u00e1 la 4\u00aa, enfretando a Nuestro Ajedrez por la Igualdad con el Club de Ajedrez Sestao. Esperamos y deseamos que siga la racha de buen juego acompa\u00f1ada con unos resultados adecuados.<\/span><\/strong><br \/>\n<strong><span style=\"font-family: Verdana\">Por otra parte, se est\u00e1 celebrando el torneo de Nuevas Generaciones&nbsp;sub-16 con la participaci\u00f3n de nuestro&nbsp;jugador Carlos \u00c1lvarez. Carlos afronta la doble jornada de ma\u00f1ana con 2,5 puntos de 3&nbsp;&nbsp;<\/span><\/strong>&nbsp;\ufeff\ufeff\ufeff\ufeff<br \/>\n\ufeff\ufeff <\/p>\n<table cellpadding=\"0\" cellspacing=\"0\" class=\"tr-caption-container\" style=\"margin-left: auto;margin-right: auto;text-align: center\">\n<tbody>\n<tr>\n<td style=\"text-align: center\"><a href=\"https:\/\/www.bfv.cloud\/ajedrezeuropa\/wp-content\/uploads\/2011\/12\/fotoscampeonatodeEspa25C325B1aClubSub-16004.jpg\" style=\"clear: right;margin-bottom: 1em;margin-left: auto;margin-right: auto\"><img loading=\"lazy\" decoding=\"async\" border=\"0\" height=\"300\" src=\"https:\/\/blogger.googleusercontent.com\/img\/b\/R29vZ2xl\/AVvXsEgWl4noNsc5JXskXLczRiurc5gwcZC3pp_dQhQqnCzPp-_1AUkkfkmVnVRKGPcJGZWbTKR_91M7GOX2Q7fSiSWRQrhJrV2oRurpvutrHzwRmliUNsoSsq9OyuFHQT23yL5MPEf5wrbzxOI\/s400\/fotos+campeonato+de+Espa%25C3%25B1a+Club+Sub-16+004.jpg\" width=\"400\" \/><\/a><\/td>\n<\/tr>\n<tr>\n<td class=\"tr-caption\" style=\"text-align: center\">En la mesa 5 de la 3\u00aa ronda, los componentes del<br \/>\nequipo de Nuestro Ajedrez por la Igualdad van a<br \/>\niniciar sus partidas contra el CDV<\/td>\n<\/tr>\n<\/tbody>\n<\/table>\n<p>\ufeff\ufeff\ufeff\ufeff\ufeff\ufeff\ufeff <\/p>\n<table cellpadding=\"0\" cellspacing=\"0\" class=\"tr-caption-container\" style=\"float: left;margin-right: 1em;text-align: left\">\n<tbody>\n<tr>\n<td style=\"text-align: center\"><a href=\"https:\/\/www.bfv.cloud\/ajedrezeuropa\/wp-content\/uploads\/2011\/12\/fotoscampeonatodeEspa25C325B1aClubSub-16009.jpg\" style=\"clear: left;margin-bottom: 1em;margin-left: auto;margin-right: auto\"><img loading=\"lazy\" decoding=\"async\" border=\"0\" height=\"240\" src=\"https:\/\/blogger.googleusercontent.com\/img\/b\/R29vZ2xl\/AVvXsEgCLk7Q0Wk8JbOVfzBHzvPZ5ookVl4VJYTzdipGOe4ZCDqEsF6lEkt_pgwlah8z0sPsIyJ7b2k496y6IcLMLufd8KFTkOnw2GM89RbOB17zlfstwQZdWuTEcztIf1Nhsw5aVHS4ANhX7uU\/s320\/fotos+campeonato+de+Espa%25C3%25B1a+Club+Sub-16+009.jpg\" width=\"320\" \/><\/a><\/td>\n<\/tr>\n<tr>\n<td class=\"tr-caption\" style=\"text-align: center\">El equipo de Nuestro Ajedrez por la Igualdad al<br \/>\ncompleto, acompa\u00f1ados de su entrenador el<br \/>\ngm Herminio Herr\u00e1iz<\/td>\n<\/tr>\n<\/tbody>\n<\/table>\n<p>\ufeff <\/p>\n<div class=\"separator\" style=\"clear: both;text-align: center\"><\/div>\n<div class=\"separator\" style=\"clear: both;text-align: center\"><\/div>\n<table align=\"center\" cellpadding=\"0\" cellspacing=\"0\" class=\"tr-caption-container\" style=\"margin-left: auto;margin-right: auto;text-align: center\">\n<tbody>\n<tr>\n<td style=\"text-align: center\"><a href=\"https:\/\/www.bfv.cloud\/ajedrezeuropa\/wp-content\/uploads\/2011\/12\/fotosdelCECLUBS-162011018.jpg\" style=\"margin-left: auto;margin-right: auto\"><img loading=\"lazy\" decoding=\"async\" border=\"0\" height=\"300\" src=\"https:\/\/blogger.googleusercontent.com\/img\/b\/R29vZ2xl\/AVvXsEgXG-xO7e56abCBXYJM-tCTcKom-2NzXLa6opl8jzACn_ioQzmKQSfiyhCn500-Q6Cdaylz9syWHdeAdnWWDwOwOZXLB5mA4CzJpcE_sM7XIu8U9tITOA6_1y8saMU_660BKZNpsWgbGn4\/s400\/fotos+del+CECLUB++S-16+2011+018.jpg\" width=\"400\" \/><\/a><\/td>\n<\/tr>\n<tr>\n<td class=\"tr-caption\" style=\"text-align: center\">Desde lo alto del palacio de cristal del hotel Bali de Benidorm<br \/>\nencontramos los enfrentamientos de la 1\u00aa ronda de nuestros<br \/>\nequipos<\/td>\n<\/tr>\n<\/tbody>\n<\/table>\n<p>\ufeff\ufeff <\/p>\n<table align=\"center\" cellpadding=\"0\" cellspacing=\"0\" class=\"tr-caption-container\" style=\"margin-left: auto;margin-right: auto;text-align: center\">\n<tbody>\n<tr>\n<td style=\"text-align: center\"><a href=\"https:\/\/www.bfv.cloud\/ajedrezeuropa\/wp-content\/uploads\/2011\/12\/fotosdelCECLUBenblancoynegroS-162011019.jpg\" style=\"margin-left: auto;margin-right: auto\"><img loading=\"lazy\" decoding=\"async\" border=\"0\" height=\"300\" src=\"https:\/\/blogger.googleusercontent.com\/img\/b\/R29vZ2xl\/AVvXsEgSJq55qpDcvpmbqI5zWg-LvG3acUExTV4ULjvmy8rgymGWDiWoZTcbmM5tsO41XzHte2WkvTiinH8uBbk33GVT_D5AnSrTyLSxD4N7pKAHeqDRPX2OiiTCdBIYLSR5KtgMZ4DYBoU4Ffk\/s400\/fotos+del+CECLUB+en+blanco+y+negro++S-16+2011+019.jpg\" width=\"400\" \/><\/a><\/td>\n<\/tr>\n<tr>\n<td class=\"tr-caption\" style=\"text-align: center\">Ronda 2: El 3\u00ba del ranking CDV de Vallecas cae 1,5 a 2,5 <br \/>\nante Nuestro Ajedrez en Europa<\/td>\n<\/tr>\n<\/tbody>\n<\/table>\n<p>\ufeff\ufeff<\/p>\n","protected":false},"excerpt":{"rendered":"<p>\ufeff La foto corresponde a la ronda la ma\u00f1ana del d\u00eda 8 donde Nuestro Ajedrez por la Igualdad venc\u00eda al equipo navarro del Miquel Gurea por 3 a 1 \ufeff Segundo d\u00eda del Campeonato de Espa\u00f1a por Equipos sub-16 y nuestros 2 equipos est\u00e1n desarrollando un juego destacado, a pesar de que algunos resultados se [&hellip;]<\/p>\n","protected":false},"author":1,"featured_media":1216,"comment_status":"open","ping_status":"closed","sticky":false,"template":"","format":"standard","meta":{"footnotes":""},"categories":[1],"tags":[],"class_list":["post-1215","post","type-post","status-publish","format-standard","has-post-thumbnail","hentry","category-noticias"],"_links":{"self":[{"href":"https:\/\/www.bfv.cloud\/ajedrezeuropa\/wp-json\/wp\/v2\/posts\/1215","targetHints":{"allow":["GET"]}}],"collection":[{"href":"https:\/\/www.bfv.cloud\/ajedrezeuropa\/wp-json\/wp\/v2\/posts"}],"about":[{"href":"https:\/\/www.bfv.cloud\/ajedrezeuropa\/wp-json\/wp\/v2\/types\/post"}],"author":[{"embeddable":true,"href":"https:\/\/www.bfv.cloud\/ajedrezeuropa\/wp-json\/wp\/v2\/users\/1"}],"replies":[{"embeddable":true,"href":"https:\/\/www.bfv.cloud\/ajedrezeuropa\/wp-json\/wp\/v2\/comments?post=1215"}],"version-history":[{"count":1,"href":"https:\/\/www.bfv.cloud\/ajedrezeuropa\/wp-json\/wp\/v2\/posts\/1215\/revisions"}],"predecessor-version":[{"id":1224,"href":"https:\/\/www.bfv.cloud\/ajedrezeuropa\/wp-json\/wp\/v2\/posts\/1215\/revisions\/1224"}],"wp:featuredmedia":[{"embeddable":true,"href":"https:\/\/www.bfv.cloud\/ajedrezeuropa\/wp-json\/wp\/v2\/media\/1216"}],"wp:attachment":[{"href":"https:\/\/www.bfv.cloud\/ajedrezeuropa\/wp-json\/wp\/v2\/media?parent=1215"}],"wp:term":[{"taxonomy":"category","embeddable":true,"href":"https:\/\/www.bfv.cloud\/ajedrezeuropa\/wp-json\/wp\/v2\/categories?post=1215"},{"taxonomy":"post_tag","embeddable":true,"href":"https:\/\/www.bfv.cloud\/ajedrezeuropa\/wp-json\/wp\/v2\/tags?post=1215"}],"curies":[{"name":"wp","href":"https:\/\/api.w.org\/{rel}","templated":true}]}}