{"id":122,"date":"2010-08-29T10:00:00","date_gmt":"2010-08-29T10:00:00","guid":{"rendered":"https:\/\/www.bfv.cloud\/ajedrezeuropa\/index.php\/2010\/08\/29\/celebrado-el-vii-trofeo-para-ninos-de-verano\/"},"modified":"2025-11-20T10:13:36","modified_gmt":"2025-11-20T10:13:36","slug":"celebrado-el-vii-trofeo-para-ninos-de-verano","status":"publish","type":"post","link":"https:\/\/www.bfv.cloud\/ajedrezeuropa\/celebrado-el-vii-trofeo-para-ninos-de-verano\/","title":{"rendered":"CELEBRADO EL VII TROFEO PARA NI\u00d1OS DE VERANO"},"content":{"rendered":"<div class=\"separator\" style=\"clear: both;text-align: center\"><a href=\"https:\/\/www.bfv.cloud\/ajedrezeuropa\/wp-content\/uploads\/2010\/08\/ENTREGADETROFEOJOSELUIS.jpg\" style=\"clear: right;float: right;margin-bottom: 1em;margin-left: 1em\"><img decoding=\"async\" border=\"0\" src=\"https:\/\/blogger.googleusercontent.com\/img\/b\/R29vZ2xl\/AVvXsEjFXgqNm7r1Ap2CqyA7R2aL1XqdnVVQ_7jeY_V4cxNZfZKIrbzEOyiwebGLbsn7PAazTSL8QY7YeWOmRXW7kUe1SR5lRGdbtW56O63o2V0eridJlcDOuYXemEGkRvHE0-rA0JuCTHMdTMg\/s320\/ENTREGA+DE+TROFEO+JOSE+LUIS.jpg\" \/><\/a>En la tarde de ayer celebramos la s\u00e9ptima edici\u00f3n del trofeo de ajedrez para ni\u00f1os de Villafranca que, como siempre, estuvo&nbsp;reservado para chicos y chicas menores de 16 a\u00f1os. En las im\u00e1genes se recoge un momento de la entrega de premios y una vista de parte del aula del ajedrez en la casa de la cultura que sirvi\u00f3 como sala de juego. Al acto de entrega de premios acudieron el alcalde de Villafranca, Antonio Gal\u00e1n, y el concejal de deportes, Emiliano \u00c1vila.&nbsp;&nbsp;&nbsp;&nbsp;&nbsp;&nbsp;&nbsp;&nbsp;&nbsp;&nbsp;&nbsp;&nbsp;&nbsp;&nbsp;&nbsp;&nbsp;&nbsp;&nbsp;&nbsp;&nbsp;&nbsp;&nbsp;&nbsp;&nbsp;&nbsp;&nbsp;&nbsp;&nbsp;&nbsp;&nbsp;&nbsp;&nbsp;&nbsp;&nbsp;&nbsp;&nbsp;&nbsp;&nbsp;&nbsp; <\/div>\n<div class=\"separator\" style=\"clear: both;text-align: center\"><a href=\"https:\/\/www.bfv.cloud\/ajedrezeuropa\/wp-content\/uploads\/2010\/08\/SALADEJUEGO.jpg\" style=\"clear: left;float: left;margin-bottom: 1em;margin-right: 1em\"><img decoding=\"async\" border=\"0\" src=\"https:\/\/blogger.googleusercontent.com\/img\/b\/R29vZ2xl\/AVvXsEibxCra80yWp3WEkLP3ZvXvGwpjqvfDXAXOj-ZuW4Jp44plP99fYiLOtbcb_B2zbPSCcQGZLog3kgCx1VBfnb8Zd02ij0HQ8SGPZ2bM7eru2PWTdupdND1FvgA8WfGlhnJdosqRHUcb1xE\/s320\/SALA+DE+JUEGO.jpg\" \/><\/a>&nbsp; <\/div>\n<div class=\"separator\" style=\"clear: both;text-align: center\">El cuadro de honor fue:&nbsp;&nbsp;&nbsp;<strong>Campe\u00f3n: Jorge Sim\u00f3n.&nbsp;&nbsp;&nbsp;&nbsp;&nbsp;&nbsp;&nbsp;&nbsp; Campeona: Silvia Toribio.&nbsp; <\/strong><\/div>\n<div class=\"separator\" style=\"clear: both;text-align: center\"><strong>&nbsp;&nbsp;&nbsp;&nbsp;&nbsp;&nbsp;&nbsp;&nbsp;&nbsp;&nbsp;&nbsp;&nbsp;&nbsp;&nbsp;&nbsp;&nbsp;&nbsp;&nbsp;&nbsp;&nbsp;&nbsp;&nbsp;&nbsp;&nbsp;&nbsp;&nbsp;&nbsp;&nbsp;&nbsp;&nbsp;&nbsp;&nbsp;&nbsp;&nbsp;&nbsp;&nbsp;&nbsp;&nbsp;&nbsp;&nbsp;&nbsp;&nbsp; Campe\u00f3n S-12: Jos\u00e9 Luis D\u00edaz.&nbsp;Campeona S-12: Mar\u00eda Oliver.<\/strong><\/div>\n<div class=\"separator\" style=\"clear: both;text-align: center\"><strong>&nbsp;&nbsp;&nbsp;&nbsp;&nbsp;&nbsp;&nbsp;&nbsp;&nbsp;&nbsp;&nbsp;&nbsp;&nbsp;&nbsp;&nbsp;&nbsp;&nbsp;&nbsp;&nbsp;&nbsp;&nbsp;&nbsp;&nbsp;&nbsp;&nbsp;&nbsp;&nbsp;&nbsp;&nbsp;&nbsp;&nbsp;&nbsp;&nbsp;&nbsp;&nbsp;&nbsp;&nbsp;&nbsp;&nbsp;&nbsp;&nbsp; Campe\u00f3n S-8: Enrique Velasco.&nbsp;&nbsp; Campeona S-8: Paula Velasco.<\/strong><\/div>\n<div align=\"left\" class=\"separator\" style=\"clear: both;text-align: center\">Enhorabuena a todos los chicos y chicas que han participado en el torneo y en la escuela de verano.<\/div>\n<div class=\"separator\" style=\"clear: both;text-align: center\">\n<\/div>\n<div class=\"separator\" style=\"clear: both;text-align: center\">\n<\/div>\n","protected":false},"excerpt":{"rendered":"<p>En la tarde de ayer celebramos la s\u00e9ptima edici\u00f3n del trofeo de ajedrez para ni\u00f1os de Villafranca que, como siempre, estuvo&nbsp;reservado para chicos y chicas menores de 16 a\u00f1os. En las im\u00e1genes se recoge un momento de la entrega de premios y una vista de parte del aula del ajedrez en la casa de la [&hellip;]<\/p>\n","protected":false},"author":1,"featured_media":123,"comment_status":"open","ping_status":"closed","sticky":false,"template":"","format":"standard","meta":{"footnotes":""},"categories":[1],"tags":[],"class_list":["post-122","post","type-post","status-publish","format-standard","has-post-thumbnail","hentry","category-noticias"],"_links":{"self":[{"href":"https:\/\/www.bfv.cloud\/ajedrezeuropa\/wp-json\/wp\/v2\/posts\/122","targetHints":{"allow":["GET"]}}],"collection":[{"href":"https:\/\/www.bfv.cloud\/ajedrezeuropa\/wp-json\/wp\/v2\/posts"}],"about":[{"href":"https:\/\/www.bfv.cloud\/ajedrezeuropa\/wp-json\/wp\/v2\/types\/post"}],"author":[{"embeddable":true,"href":"https:\/\/www.bfv.cloud\/ajedrezeuropa\/wp-json\/wp\/v2\/users\/1"}],"replies":[{"embeddable":true,"href":"https:\/\/www.bfv.cloud\/ajedrezeuropa\/wp-json\/wp\/v2\/comments?post=122"}],"version-history":[{"count":1,"href":"https:\/\/www.bfv.cloud\/ajedrezeuropa\/wp-json\/wp\/v2\/posts\/122\/revisions"}],"predecessor-version":[{"id":125,"href":"https:\/\/www.bfv.cloud\/ajedrezeuropa\/wp-json\/wp\/v2\/posts\/122\/revisions\/125"}],"wp:featuredmedia":[{"embeddable":true,"href":"https:\/\/www.bfv.cloud\/ajedrezeuropa\/wp-json\/wp\/v2\/media\/123"}],"wp:attachment":[{"href":"https:\/\/www.bfv.cloud\/ajedrezeuropa\/wp-json\/wp\/v2\/media?parent=122"}],"wp:term":[{"taxonomy":"category","embeddable":true,"href":"https:\/\/www.bfv.cloud\/ajedrezeuropa\/wp-json\/wp\/v2\/categories?post=122"},{"taxonomy":"post_tag","embeddable":true,"href":"https:\/\/www.bfv.cloud\/ajedrezeuropa\/wp-json\/wp\/v2\/tags?post=122"}],"curies":[{"name":"wp","href":"https:\/\/api.w.org\/{rel}","templated":true}]}}