{"id":1225,"date":"2017-07-26T22:07:00","date_gmt":"2017-07-26T22:07:00","guid":{"rendered":"https:\/\/www.bfv.cloud\/ajedrezeuropa\/index.php\/2017\/07\/26\/isabel-marcos-alberca-y-roberto-lopez-en-el-campeonato-de-espana-sub-16\/"},"modified":"2025-11-20T10:28:35","modified_gmt":"2025-11-20T10:28:35","slug":"isabel-marcos-alberca-y-roberto-lopez-en-el-campeonato-de-espana-sub-16","status":"publish","type":"post","link":"https:\/\/www.bfv.cloud\/ajedrezeuropa\/isabel-marcos-alberca-y-roberto-lopez-en-el-campeonato-de-espana-sub-16\/","title":{"rendered":"ISABEL MARCOS-ALBERCA Y ROBERTO L\u00d3PEZ EN EL CAMPEONATO DE ESPA\u00d1A SUB-16"},"content":{"rendered":"<table cellpadding=\"0\" cellspacing=\"0\" class=\"tr-caption-container\" style=\"float: left;margin-right: 1em;text-align: left\">\n<tbody>\n<tr>\n<td style=\"text-align: center\"><a href=\"https:\/\/www.bfv.cloud\/ajedrezeuropa\/wp-content\/uploads\/2017\/07\/IMG-20170725-WA001.jpg\" style=\"clear: left;margin-bottom: 1em;margin-left: auto;margin-right: auto\"><img fetchpriority=\"high\" decoding=\"async\" border=\"0\" data-original-height=\"1219\" data-original-width=\"837\" height=\"640\" src=\"https:\/\/blogger.googleusercontent.com\/img\/b\/R29vZ2xl\/AVvXsEiv2V2XIAHNSJ7J6zXG-cYRR0YP1-j4GOQbvfs4hTf9SdKCftRdTqF_nVpganXEtBID7mYX6xV_Rq5bPBcRAPAVkQUIVsyUB0ok4xp-NOQVI2oLygBMVBDrLIZ4ph_I_nCfvzhH6G065aI\/s640\/IMG-20170725-WA001.jpg\" width=\"436\" \/><\/a><\/td>\n<\/tr>\n<tr>\n<td class=\"tr-caption\" style=\"text-align: center\">Roberto e Isabel junto a su entrenador en este<br \/>Campeonato de Espa\u00f1a, Isaac Lozano<\/td>\n<\/tr>\n<\/tbody>\n<\/table>\n<p>&nbsp;<span style=\"font-family: Trebuchet MS, sans-serif;font-size: large\">Desde el pasado lunes se disputa en el hotel Best Western de Salobre\u00f1a el Campeonato de Espa\u00f1a de la categor\u00eda sub-16, con la presencia de Roberto L\u00f3pez N\u00fa\u00f1ez e Isabel Marcos-Alberca Lizcano.&nbsp;<\/span><br \/>\n<span style=\"font-family: Trebuchet MS, sans-serif;font-size: large\">Hasta ahora, Roberto, suma 2 puntos, mientras Isabel ha conseguido 1. Este nacional sub-16 cuenta con 115 participantes, cifra sensiblemente inferior a las categor\u00edas celebradas anteriormente, y como consecuencia se convierte en un torneo mucho m\u00e1s exigente desde las primeras rondas.&nbsp;<\/span><\/p>\n<table cellpadding=\"0\" cellspacing=\"0\" class=\"tr-caption-container\" style=\"float: right;margin-left: 1em;text-align: right\">\n<tbody>\n<tr>\n<td style=\"text-align: center\"><a href=\"https:\/\/www.bfv.cloud\/ajedrezeuropa\/wp-content\/uploads\/2017\/07\/IMG-20170726-WA006.jpg\" style=\"clear: right;margin-bottom: 1em;margin-left: auto;margin-right: auto\"><img decoding=\"async\" border=\"0\" data-original-height=\"1600\" data-original-width=\"1200\" height=\"400\" src=\"https:\/\/blogger.googleusercontent.com\/img\/b\/R29vZ2xl\/AVvXsEjaOmEk52PhqcT4TOWt9fa8CfgodtO5XFBBgVAT2AzFOFTh5z9hIgH2snpLRVGVGsYz5w6tUnLtQSSYqMgNzNlqMV_vtFIIzVEbsrJgqTYZdAys8qQobJEbYoLdCRVFgZUyMRAEBFKP9ek\/s400\/IMG-20170726-WA006.jpg\" width=\"300\" \/><\/a><\/td>\n<\/tr>\n<tr>\n<td class=\"tr-caption\" style=\"text-align: center\">Isabel disputa su primer Campeonato de Espa\u00f1a<br \/>individual sub-16<\/td>\n<\/tr>\n<\/tbody>\n<\/table>\n<p>\n<span style=\"font-family: Trebuchet MS, sans-serif;font-size: large\">Isabel y Roberto, junto al resto de participantes de Castilla-La Mancha, est\u00e1n entrenados por Isaac Lozano Osorio, jugador del equipo absoluto de Nuestro Ajedrez en Europa y antiguo alumno de la escuela de Villafranca.<\/span><br \/>\n<span style=\"font-family: Trebuchet MS, sans-serif;font-size: large\"><br \/><\/span><br \/>\n<span style=\"font-family: Trebuchet MS, sans-serif;font-size: large\">Quedan por delante 4 rondas decisivas en las que nuestros dos jugadores pondr\u00e1n toda su ilusi\u00f3n y su mejor juego sobre el tablero. Les deseamos una buena competici\u00f3n, mucho aprendizaje y que disfruten del torneo.<\/span><br \/>\n<span style=\"font-family: Trebuchet MS, sans-serif;font-size: large\">Este es el enlace para seguir los resultados y clasificaciones:<\/span><\/p>\n<div style=\"text-align: center\">\n<span style=\"font-family: Trebuchet MS, sans-serif;font-size: large\"><a href=\"https:\/\/info64.org\/campeonato-de-espana-sub-16-2017\/player_info?origin=CTM\">RESULTADOS Y CLASIFICACIONES CAMPEONATO DE ESPA\u00d1A SUB-16 JUGADORES CTM<\/a><\/span><\/div>\n<table align=\"center\" cellpadding=\"0\" cellspacing=\"0\" class=\"tr-caption-container\" style=\"margin-left: auto;margin-right: auto;text-align: center\">\n<tbody>\n<tr>\n<td style=\"text-align: center\"><a href=\"https:\/\/www.bfv.cloud\/ajedrezeuropa\/wp-content\/uploads\/2017\/07\/IMG-20170726-WA012.jpg\" style=\"margin-left: auto;margin-right: auto\"><img decoding=\"async\" border=\"0\" data-original-height=\"1010\" data-original-width=\"1463\" height=\"440\" src=\"https:\/\/blogger.googleusercontent.com\/img\/b\/R29vZ2xl\/AVvXsEigkcCquExQ2746uYBYUlvQ434mbbe7FncyRRXnL5UeDHiNHKcTnrVn-wC8CMN2vWMaNRnzHmMasPx3aRuZBQyWRA1KjBTdYXLcToWbQ9JhP-WUGC_tZyKWyiqBbHBdJx_Kzt5HnRsCeik\/s640\/IMG-20170726-WA012.jpg\" width=\"640\" \/><\/a><\/td>\n<\/tr>\n<tr>\n<td class=\"tr-caption\" style=\"text-align: center\">Roberto L\u00f3pez frente a la WFM Mireya Represa<\/td>\n<\/tr>\n<\/tbody>\n<\/table>\n<p><\/p>\n","protected":false},"excerpt":{"rendered":"<p>Roberto e Isabel junto a su entrenador en esteCampeonato de Espa\u00f1a, Isaac Lozano &nbsp;Desde el pasado lunes se disputa en el hotel Best Western de Salobre\u00f1a el Campeonato de Espa\u00f1a de la categor\u00eda sub-16, con la presencia de Roberto L\u00f3pez N\u00fa\u00f1ez e Isabel Marcos-Alberca Lizcano.&nbsp; Hasta ahora, Roberto, suma 2 puntos, mientras Isabel ha conseguido [&hellip;]<\/p>\n","protected":false},"author":1,"featured_media":1226,"comment_status":"open","ping_status":"closed","sticky":false,"template":"","format":"standard","meta":{"footnotes":""},"categories":[1],"tags":[],"class_list":["post-1225","post","type-post","status-publish","format-standard","has-post-thumbnail","hentry","category-noticias"],"_links":{"self":[{"href":"https:\/\/www.bfv.cloud\/ajedrezeuropa\/wp-json\/wp\/v2\/posts\/1225","targetHints":{"allow":["GET"]}}],"collection":[{"href":"https:\/\/www.bfv.cloud\/ajedrezeuropa\/wp-json\/wp\/v2\/posts"}],"about":[{"href":"https:\/\/www.bfv.cloud\/ajedrezeuropa\/wp-json\/wp\/v2\/types\/post"}],"author":[{"embeddable":true,"href":"https:\/\/www.bfv.cloud\/ajedrezeuropa\/wp-json\/wp\/v2\/users\/1"}],"replies":[{"embeddable":true,"href":"https:\/\/www.bfv.cloud\/ajedrezeuropa\/wp-json\/wp\/v2\/comments?post=1225"}],"version-history":[{"count":1,"href":"https:\/\/www.bfv.cloud\/ajedrezeuropa\/wp-json\/wp\/v2\/posts\/1225\/revisions"}],"predecessor-version":[{"id":1229,"href":"https:\/\/www.bfv.cloud\/ajedrezeuropa\/wp-json\/wp\/v2\/posts\/1225\/revisions\/1229"}],"wp:featuredmedia":[{"embeddable":true,"href":"https:\/\/www.bfv.cloud\/ajedrezeuropa\/wp-json\/wp\/v2\/media\/1226"}],"wp:attachment":[{"href":"https:\/\/www.bfv.cloud\/ajedrezeuropa\/wp-json\/wp\/v2\/media?parent=1225"}],"wp:term":[{"taxonomy":"category","embeddable":true,"href":"https:\/\/www.bfv.cloud\/ajedrezeuropa\/wp-json\/wp\/v2\/categories?post=1225"},{"taxonomy":"post_tag","embeddable":true,"href":"https:\/\/www.bfv.cloud\/ajedrezeuropa\/wp-json\/wp\/v2\/tags?post=1225"}],"curies":[{"name":"wp","href":"https:\/\/api.w.org\/{rel}","templated":true}]}}