{"id":1230,"date":"2012-05-12T22:20:00","date_gmt":"2012-05-12T22:20:00","guid":{"rendered":"https:\/\/www.bfv.cloud\/ajedrezeuropa\/index.php\/2012\/05\/12\/a-vueltas-con-las-elecciones-de-la-faclm\/"},"modified":"2025-11-20T10:28:36","modified_gmt":"2025-11-20T10:28:36","slug":"a-vueltas-con-las-elecciones-de-la-faclm","status":"publish","type":"post","link":"https:\/\/www.bfv.cloud\/ajedrezeuropa\/a-vueltas-con-las-elecciones-de-la-faclm\/","title":{"rendered":"A VUELTAS CON LAS ELECCIONES DE LA FACLM"},"content":{"rendered":"<div class=\"separator\" style=\"clear: both;text-align: center\"><a href=\"https:\/\/www.bfv.cloud\/ajedrezeuropa\/wp-content\/uploads\/2012\/05\/CARTELBALIBRONCE2.jpg\" style=\"margin-left: 1em;margin-right: 1em\"><img fetchpriority=\"high\" decoding=\"async\" border=\"0\" height=\"282\" src=\"https:\/\/blogger.googleusercontent.com\/img\/b\/R29vZ2xl\/AVvXsEitT3OFuTLI4WJ0XkSwZ5KjM607-_yTgT55lGjUPACUkqn80NVmaiGU57yRTas-JqjYhzIxzO6yKHeUoapFUtuo0sDa_uZKkkgCk4gm1AorUL5pSqp3rrbaJmGE48DZsRu300t8Th_YITE\/s400\/CARTEL+BALI+BRONCE+2.JPG\" width=\"400\" \/><\/a><\/div>\n<div class=\"separator\" style=\"clear: both;text-align: center\">\n<\/div>\n<div class=\"separator\" style=\"clear: both;text-align: center\"><span style=\"color: blue;font-family: Verdana, sans-serif\"><strong>La verdad es que est\u00e1 resultando muy interesante este periodo electoral para la Asamblea de la FACLM, ya que por primera vez algunos candidatos est\u00e1n dando a conocer sus opiniones, a veces con tal desprop\u00f3sito que no llegamos a entender si piensa lo uno o lo contrario, aunque \u00e9ste es otro problema. Admitiendo lo positivo del planteamiento, desde el punto de vista del acceso a la informaci\u00f3n, no dejo de sorprenderme de que alg\u00fan candidato de la lista \u201coficialista\u201d nos escriba para decirnos que \u00e9l quiere transparencia en las cuentas pero que la crisis actual y sus compa\u00f1eros de candidatura seguramente no lo permitan. Adem\u00e1s, a\u00f1ade otra \u201cperla\u201d en el plano econ\u00f3mico cuando dice que con ideas no se soluciona la liquidez de esta federaci\u00f3n. \u00a1\u00a1Toma ya!!, ah\u00ed va un proyecto de altura, ahora que se apuesta por los emprendedores con ideas, \u00e9l a descubierto que lo mejor es no pensar mucho y que es m\u00e1s rentable tumbarse a la bartola, bajo la poca sombra que ofrece el delegado que le cobija. Sin embargo, s\u00ed parece estar muy seguro de querer representar a los que no estar\u00e1n en la Asamblea. Tomando el \u201cromanticismo\u201d por bandera, suponemos que despu\u00e9s de salir elegido se convertir\u00e1 en un \u201clobby\u201d o grupo de presi\u00f3n interno, haciendo llegar el eco de los sin voz. Por supuesto, con tanto disparate, no nos queda claro si en realidad sabe que se ha alineado con los mismos que durante 6 a\u00f1os han asistido sin pesta\u00f1ear al hundimiento del ajedrez regional. <\/strong><\/span><\/div>\n<p><span style=\"color: blue;font-family: Verdana, sans-serif\"><strong>Ahora bien, un punto y aparte merece otro de los postulantes que nos ha complacido con sus pensamientos m\u00e1s profundos. Queremos acusar recibo del panfleto electoralista enviado a nuestro correo electr\u00f3nico por el candidato del estamento de deportistas, Sr. Nieto, hasta hace poco presidente de la FACLM y cabeza visible de la lista continuista u oficialista. Nos alegra que, por fin, despu\u00e9s de 6 a\u00f1os de ejercer el poder, el presidente saliente se haya dignado en presentar a estas elecciones algo m\u00e1s que su persona y nos ofrezca un esbozo de sus futuras intenciones. Por cierto, \u00a1\u00a1que magn\u00edfica coincidencia!!, est\u00e1 pensando en realizar todas las propuestas que nosotros presentamos hace un mes. Desde aqu\u00ed un gran y merecido aplauso a este se\u00f1or que, ante su falta de ideas, prefiere copiar las nuestras. \u00a1\u00a1Bravo!!. Aunque, hablando en serio, \u00bfqu\u00e9 credibilidad tiene este se\u00f1or? <\/strong><\/span><br \/>\n<span style=\"color: blue;font-family: Verdana, sans-serif\"><strong>Que este se\u00f1or diga, ahora, que se va a preocupar por las escuelas deportivas municipales y por la promoci\u00f3n del ajedrez es todo un descubrimiento tras 6 a\u00f1os de absoluta inhibici\u00f3n en el gradual deterioro y posterior desaparici\u00f3n de una numerosa cantidad de escuelas, por ejemplo en la provincia de Toledo donde ordena y manda su vicepresidente. Que este se\u00f1or diga, ahora, que va a colaborar con las instituciones p\u00fablicas para la creaci\u00f3n de escuelas de ajedrez suena a mofa, sobre todo despu\u00e9s de haber ninguneado a los dirigentes del deporte en nuestra regi\u00f3n no acudiendo a las reuniones a las que se le convocaba en representaci\u00f3n de todo el ajedrez castellano-manchego. Que hable, ahora, de un gabinete de prensa, cuando algunas de sus delegaciones se han encargado de envilecer este mundo con falsas e indecentes notas de prensa, resulta incre\u00edble. Que manifieste su satisfacci\u00f3n por no incurrir en d\u00e9ficit cuando el 90% del presupuesto federativo se dedica a pagar gastos corrientes y de personal administrativo y organizativo, quedando reducida a una m\u00ednima expresi\u00f3n la inversi\u00f3n en formaci\u00f3n y promoci\u00f3n deportiva dedicada a j\u00f3venes, ni\u00f1os y ni\u00f1as, es irrisorio. Aunque lo verdaderamente lamentable es la apropiaci\u00f3n que hace de los \u00e9xitos y el esfuerzo de jugadores y clubes, atribuy\u00e9ndose a su excelente \u201cpol\u00edtica\u201d deportiva los triunfos individuales y por equipos en las competiciones nacionales. <\/strong><\/span><\/p>\n<p><span style=\"color: blue;font-family: Verdana, sans-serif\"><strong>Sr. Nieto, usted y alg\u00fan delegado, amigo suyo, son un lastre para el ajedrez de Castilla-La Mancha. Sr. Nieto, como no queremos quitarle ning\u00fan m\u00e9rito, debemos reconocerle dos grandes \u00e9xitos personales e intransferibles: el m\u00e1s significativo de todos es que, bajo su largo y penoso mandato, ha obtenido todas las normas de gran maestro poniendo zancadillas a quien ha considerado que no le segu\u00eda el juego y no era lo suficientemente pelota.<\/strong><\/span><br \/>\n<span style=\"color: blue;font-family: Verdana, sans-serif\"><strong>Su extraordinario segundo \u00e9xito ha consistido en obtener el t\u00edtulo de organizador internacional, a base de fomentar la presencia de personajes grises y revanchistas en el entorno de la federaci\u00f3n y de sus delegaciones provinciales.<\/strong><\/span><\/p>\n<p><span style=\"font-family: Verdana, sans-serif\">&nbsp;<\/span><span style=\"color: blue;font-family: Verdana, sans-serif\"><strong>\u00bfEs \u00e9ste el futuro tan prometedor que nos augura? &#8230;&nbsp;<\/strong><\/span><br \/>\n<span style=\"color: blue;font-family: Verdana, sans-serif\"><strong>&#8230; \u00bfPor qu\u00e9 no?. \u00a1\u00a1Vamos a ser positivos!!. Creamos que en realidad piensa todo lo que copia y copia todo lo que piensa. Creamos que todo lo va a hacer a partir de ma\u00f1ana y que simplemente se ha tomado 6 a\u00f1os de reflexi\u00f3n y relax para acometer con m\u00e1s fuerza los gloriosos 48 meses&nbsp;que vendr\u00e1n. Es m\u00e1s, seamos ingenuos y pensemos lo grato que ser\u00eda que llevara a cabo todas nuestras propuestas. Podemos llegar a creer que no ser\u00e1 necesario defender nada en la Asamblea de la FACLM y que, por tanto, \u00bfpara qu\u00e9 vamos a esforzarnos en ir a las reuniones de Albacete?.&nbsp;<\/strong><\/span><br \/>\n<span style=\"font-family: Verdana, sans-serif\">&nbsp;<\/span><span style=\"color: blue;font-family: Verdana, sans-serif\"><strong>\u00a1\u00a1Ya est\u00e1!!, por mayor\u00eda simple, pero ha vencido. Hemos llegado al convencimiento de que, despu\u00e9s de lo que promete, ser\u00e1 usted el mejor ejecutor de nuestras ideas y proyectos. \u00a1\u00a1D\u00e9mosle un voto de confianza!!. Confiemos en su \u00e1nimo resuelto y decidido.<\/strong><\/span><br \/>\n<span style=\"color: blue;font-family: Verdana, sans-serif\"><strong>Veremos, Sr. Nieto, veremos \u2026<\/strong><\/span><br \/>\n<span style=\"color: blue\"><strong><\/strong><\/span><br \/>\n<span style=\"color: blue\"><strong><\/strong><\/span><\/p>\n","protected":false},"excerpt":{"rendered":"<p>La verdad es que est\u00e1 resultando muy interesante este periodo electoral para la Asamblea de la FACLM, ya que por primera vez algunos candidatos est\u00e1n dando a conocer sus opiniones, a veces con tal desprop\u00f3sito que no llegamos a entender si piensa lo uno o lo contrario, aunque \u00e9ste es otro problema. Admitiendo lo positivo [&hellip;]<\/p>\n","protected":false},"author":1,"featured_media":1231,"comment_status":"open","ping_status":"closed","sticky":false,"template":"","format":"standard","meta":{"footnotes":""},"categories":[1],"tags":[],"class_list":["post-1230","post","type-post","status-publish","format-standard","has-post-thumbnail","hentry","category-noticias"],"_links":{"self":[{"href":"https:\/\/www.bfv.cloud\/ajedrezeuropa\/wp-json\/wp\/v2\/posts\/1230","targetHints":{"allow":["GET"]}}],"collection":[{"href":"https:\/\/www.bfv.cloud\/ajedrezeuropa\/wp-json\/wp\/v2\/posts"}],"about":[{"href":"https:\/\/www.bfv.cloud\/ajedrezeuropa\/wp-json\/wp\/v2\/types\/post"}],"author":[{"embeddable":true,"href":"https:\/\/www.bfv.cloud\/ajedrezeuropa\/wp-json\/wp\/v2\/users\/1"}],"replies":[{"embeddable":true,"href":"https:\/\/www.bfv.cloud\/ajedrezeuropa\/wp-json\/wp\/v2\/comments?post=1230"}],"version-history":[{"count":1,"href":"https:\/\/www.bfv.cloud\/ajedrezeuropa\/wp-json\/wp\/v2\/posts\/1230\/revisions"}],"predecessor-version":[{"id":1232,"href":"https:\/\/www.bfv.cloud\/ajedrezeuropa\/wp-json\/wp\/v2\/posts\/1230\/revisions\/1232"}],"wp:featuredmedia":[{"embeddable":true,"href":"https:\/\/www.bfv.cloud\/ajedrezeuropa\/wp-json\/wp\/v2\/media\/1231"}],"wp:attachment":[{"href":"https:\/\/www.bfv.cloud\/ajedrezeuropa\/wp-json\/wp\/v2\/media?parent=1230"}],"wp:term":[{"taxonomy":"category","embeddable":true,"href":"https:\/\/www.bfv.cloud\/ajedrezeuropa\/wp-json\/wp\/v2\/categories?post=1230"},{"taxonomy":"post_tag","embeddable":true,"href":"https:\/\/www.bfv.cloud\/ajedrezeuropa\/wp-json\/wp\/v2\/tags?post=1230"}],"curies":[{"name":"wp","href":"https:\/\/api.w.org\/{rel}","templated":true}]}}