{"id":1233,"date":"2021-03-18T18:34:00","date_gmt":"2021-03-18T18:34:00","guid":{"rendered":"https:\/\/www.bfv.cloud\/ajedrezeuropa\/index.php\/2021\/03\/18\/el-torneo-mundial-escolar-de-la-expo-de-dubai-alcanza-la-2a-fase\/"},"modified":"2025-11-20T10:28:41","modified_gmt":"2025-11-20T10:28:41","slug":"el-torneo-mundial-escolar-de-la-expo-de-dubai-alcanza-la-2a-fase","status":"publish","type":"post","link":"https:\/\/www.bfv.cloud\/ajedrezeuropa\/el-torneo-mundial-escolar-de-la-expo-de-dubai-alcanza-la-2a-fase\/","title":{"rendered":"EL TORNEO MUNDIAL ESCOLAR DE LA EXPO DE DUBAI ALCANZA LA 2\u00aa FASE"},"content":{"rendered":"<p>&nbsp;<\/p>\n<div class=\"separator\" style=\"clear: both;text-align: center\"><a href=\"https:\/\/www.bfv.cloud\/ajedrezeuropa\/wp-content\/uploads\/2021\/03\/CARTELTORNEOMUNDIALAJEDREZEXPODUBAI.jpg\" style=\"clear: right;float: right;margin-bottom: 1em;margin-left: 1em\"><img fetchpriority=\"high\" decoding=\"async\" border=\"0\" data-original-height=\"372\" data-original-width=\"600\" height=\"248\" src=\"https:\/\/blogger.googleusercontent.com\/img\/b\/R29vZ2xl\/AVvXsEi6Zr74hVdz6SQ-pLH6dPsYdQk2WZj8ilWI0QGvypxMeFm2yWWc3sRiCrahalH5fUqsvOZZcM9C5-cOupjKWCfmH8WP0__e6R6J1FDiOoenypiwRbKLTY55o-vivR8E1iMbaECec8kSiHE\/w400-h248\/CARTEL+TORNEO+MUNDIAL+AJEDREZ+EXPO+DUBAI.jpg\" width=\"400\" \/><\/a><\/div>\n<\/p>\n<p class=\"MsoNormal\" style=\"line-height: normal;margin-bottom: .0001pt;margin-bottom: 0cm;text-align: justify\"><b><u><span style=\"font-family: Verdana, sans-serif;font-size: 12pt\">El Colegio de la<br \/>\nSant\u00edsima Trinidad en la 2\u00aa fase del Torneo<\/span><\/u><\/b><\/p>\n<p class=\"MsoNormal\" style=\"line-height: normal;margin-bottom: .0001pt;margin-bottom: 0cm;text-align: justify\"><span style=\"font-family: Verdana, sans-serif;font-size: 12pt\">Ya ha comenzado<br \/>\nla 2\u00aa fase del Torneo Mundial por Equipos de la Exposici\u00f3n Universal de Dubai.<br \/>\nEl colegio <\/span><b style=\"font-family: Verdana, sans-serif;font-size: 12pt\">Sant\u00edsima Trinidad de Alc\u00e1zar de San Juan<\/b><span style=\"font-family: Verdana, sans-serif;font-size: 12pt\"> ha quedado<br \/>\nencuadrado dentro del grupo N, junto a los siguientes equipos:<\/span><\/p>\n<p class=\"MsoNormal\" style=\"line-height: normal;margin-bottom: .0001pt;margin-bottom: 0cm;text-align: justify\"><b><span style=\"font-family: Verdana, sans-serif;font-size: 12pt\">&nbsp;<\/span><\/b><\/p>\n<p class=\"MsoNormal\" style=\"line-height: normal;margin-bottom: .0001pt;margin-bottom: 0cm;text-align: justify\">\n<table cellpadding=\"0\" cellspacing=\"0\" class=\"tr-caption-container\" style=\"float: right\">\n<tbody>\n<tr>\n<td style=\"text-align: center\"><a href=\"https:\/\/www.bfv.cloud\/ajedrezeuropa\/wp-content\/uploads\/2021\/03\/JAIMEVILA325C225BASUB10.jpg\" style=\"clear: right;margin-bottom: 1em;margin-left: auto;margin-right: auto\"><img decoding=\"async\" border=\"0\" data-original-height=\"738\" data-original-width=\"683\" height=\"320\" src=\"https:\/\/blogger.googleusercontent.com\/img\/b\/R29vZ2xl\/AVvXsEhyE2zX7ygdUdW526897hnlt_la7OnrYUIvhAWTHtluaio3SGTmc2O-y-uDEEHhdakls6bsivxV2FjrG3TubupVUjAJS6UIxzXC-5QWRcc055d3bI82EclW4oAzQC081kXQkpSW_vsL6Gc\/s320\/JAIME+VILA+3%25C2%25BA+SUB10.jpg\" \/><\/a><\/td>\n<\/tr>\n<tr>\n<td class=\"tr-caption\" style=\"text-align: center\">Jaime Vila<\/td>\n<\/tr>\n<\/tbody>\n<\/table>\n<p><b><span lang=\"EN-US\" style=\"font-family: Verdana, sans-serif;font-size: 12pt\">&#8211; The Indian School (India)<\/span><\/b><\/p>\n<p class=\"MsoNormal\" style=\"line-height: normal;margin-bottom: .0001pt;margin-bottom: 0cm;text-align: justify\"><b><span lang=\"EN-US\" style=\"font-family: Verdana, sans-serif;font-size: 12pt\">&#8211; Matrix Chess Academy (India)<\/span><\/b><\/p>\n<p class=\"MsoNormal\" style=\"line-height: normal;margin-bottom: .0001pt;margin-bottom: 0cm;text-align: justify\"><b><span lang=\"EN-US\" style=\"font-family: Verdana, sans-serif;font-size: 12pt\">&#8211; Mart\u00edn-Andersen-Nexo-Dresden (Dresde-Alemania)<\/span><\/b><\/p>\n<p class=\"MsoNormal\" style=\"line-height: normal;margin-bottom: .0001pt;margin-bottom: 0cm;text-align: justify\"><b><span lang=\"EN-US\" style=\"font-family: Verdana, sans-serif;font-size: 12pt\">&#8211; Abu Dhabi Indian School (Dubai-EUA)<\/span><\/b><\/p>\n<p class=\"MsoNormal\" style=\"line-height: normal;margin-bottom: .0001pt;margin-bottom: 0cm;text-align: justify\"><b><span lang=\"EN-US\" style=\"font-family: Verdana, sans-serif;font-size: 12pt\">&#8211; Lauder Javne Jewish Community School<br \/>\n(Budapest-Hungr\u00eda)<\/span><\/b><\/p>\n<p class=\"MsoNormal\" style=\"line-height: normal;margin-bottom: .0001pt;margin-bottom: 0cm;text-align: justify\"><b><span style=\"font-family: Verdana, sans-serif;font-size: 12pt\">&#8211; School 37 (Buffalo-EEUU)<\/span><\/b><\/p>\n<p class=\"MsoNormal\" style=\"line-height: normal;margin-bottom: .0001pt;margin-bottom: 0cm;text-align: justify\"><b><span style=\"font-family: Verdana, sans-serif;font-size: 12pt\">&#8211; Colegio de la Presentaci\u00f3n (Espa\u00f1a)<\/span><\/b><\/p>\n<p class=\"MsoNormal\" style=\"line-height: normal;margin-bottom: .0001pt;margin-bottom: 0cm;text-align: justify\"><b><\/p>\n<table cellpadding=\"0\" cellspacing=\"0\" class=\"tr-caption-container\" style=\"float: left\">\n<tbody>\n<tr>\n<td style=\"text-align: center\"><a href=\"https:\/\/www.bfv.cloud\/ajedrezeuropa\/wp-content\/uploads\/2021\/03\/JOSEMIGUELROMERO.jpg\" style=\"clear: left;margin-bottom: 1em;margin-left: auto;margin-right: auto\"><img decoding=\"async\" border=\"0\" data-original-height=\"1000\" data-original-width=\"735\" height=\"320\" src=\"https:\/\/blogger.googleusercontent.com\/img\/b\/R29vZ2xl\/AVvXsEgVsP_1Buj38bJVkjBF-BtVyVUvaWuKBLzaSdl_GejpNYPOFvXE5CkL7zayCfp2wD3C0M2p8eieS0TKwI8o1odDBgLACcmkG5bN45bkVIR64D9DYbRJbEERjqqHnTKeYQiIziAAuKdnAgM\/s320\/JOSE+MIGUEL+ROMERO.jpg\" \/><\/a><\/td>\n<\/tr>\n<tr>\n<td class=\"tr-caption\" style=\"text-align: center\">Jos\u00e9 Miguel Romero<\/td>\n<\/tr>\n<\/tbody>\n<\/table>\n<p><\/p>\n<table cellpadding=\"0\" cellspacing=\"0\" class=\"tr-caption-container\" style=\"float: right\">\n<tbody>\n<tr>\n<td style=\"text-align: center\"><a href=\"https:\/\/www.bfv.cloud\/ajedrezeuropa\/wp-content\/uploads\/2021\/03\/LUISARIAS.jpg\" style=\"clear: right;margin-bottom: 1em;margin-left: auto;margin-right: auto\"><img decoding=\"async\" border=\"0\" data-original-height=\"1074\" data-original-width=\"748\" height=\"320\" src=\"https:\/\/blogger.googleusercontent.com\/img\/b\/R29vZ2xl\/AVvXsEiNwWY0z2k1F87ilaFPJHrncFK-dtTfqT9npj8X7Y7SOYU7navyJVpzBiDliDk-5_HNsqf6Vb8_kMXn4pqVI2zo8X7I3QKX2mV8iv_gXxJ6JKzgdoC19PAiXwpY4FDGDctDaZvOZYAQeZM\/s320\/LUIS+ARIAS.jpg\" \/><\/a><\/td>\n<\/tr>\n<tr>\n<td class=\"tr-caption\" style=\"text-align: center\">Luis Arias<\/td>\n<\/tr>\n<\/tbody>\n<\/table>\n<p><\/p>\n<table cellpadding=\"0\" cellspacing=\"0\" class=\"tr-caption-container\" style=\"float: left\">\n<tbody>\n<tr>\n<td style=\"text-align: center\"><a href=\"https:\/\/www.bfv.cloud\/ajedrezeuropa\/wp-content\/uploads\/2021\/03\/ALONSOLOPEZ.jpg\" style=\"clear: left;margin-bottom: 1em;margin-left: auto;margin-right: auto\"><img decoding=\"async\" border=\"0\" data-original-height=\"971\" data-original-width=\"789\" height=\"320\" src=\"https:\/\/blogger.googleusercontent.com\/img\/b\/R29vZ2xl\/AVvXsEheJmBFgzASLc6gKTw2HYdRcmd6WHhKl8Xos1JdOjnX0Phb_hmpP5iTJdWd81kSol_8ndijGjNxYaTdltLrbJPKp6S9al50Swd4O9u8QJlGPvzhZ1qsNT9vOcTx9V79hH6A-SBlqPz5e8c\/s320\/ALONSO+LOPEZ.jpg\" \/><\/a><\/td>\n<\/tr>\n<tr>\n<td class=\"tr-caption\" style=\"text-align: center\">Alonso L\u00f3pez<\/td>\n<\/tr>\n<\/tbody>\n<\/table>\n<p><\/p>\n<table cellpadding=\"0\" cellspacing=\"0\" class=\"tr-caption-container\" style=\"margin-left: auto;margin-right: auto;text-align: center\">\n<tbody>\n<tr>\n<td style=\"text-align: center\"><a href=\"https:\/\/www.bfv.cloud\/ajedrezeuropa\/wp-content\/uploads\/2021\/03\/ANGELCOLLADO.jpg\" style=\"clear: right;margin-bottom: 1em;margin-left: auto;margin-right: auto\"><img decoding=\"async\" border=\"0\" data-original-height=\"768\" data-original-width=\"1024\" src=\"https:\/\/blogger.googleusercontent.com\/img\/b\/R29vZ2xl\/AVvXsEihhCP4RDBz18sF25KdF4ACzTTXaff9WtU-bwRgd7YSO5treg3pufLH5_TII0D6feT3bbCk9vH7A1Xc_s7rQ-vKvm63EMZlBJqXiPs5Wal_mmE5EqlDfnMLtU6KtlP8IdwUtM9xxQHtXcU\/s320\/ANGEL+COLLADO.jpg\" width=\"320\" \/><\/a><\/td>\n<\/tr>\n<tr>\n<td class=\"tr-caption\" style=\"text-align: center\">\u00c1ngel Collado<\/td>\n<\/tr>\n<\/tbody>\n<\/table>\n<p><span style=\"font-family: Verdana, sans-serif;font-size: 12pt\"><br \/><\/span><\/b><\/p>\n<p class=\"MsoNormal\" style=\"line-height: normal;margin-bottom: .0001pt;margin-bottom: 0cm;text-align: justify\"><b><span style=\"font-family: Verdana, sans-serif;font-size: 12pt\">&nbsp;<\/span><\/b><span style=\"font-family: Verdana, sans-serif;font-size: 12pt\">La primera ronda<br \/>\nde este grupo comenzar\u00e1 el 25 de marzo con el enfrentamiento entre los dos<br \/>\ncolegios espa\u00f1oles y acabar\u00e1 el&nbsp; 20 de<br \/>\nabril con el equipo de <\/span><b style=\"font-family: Verdana, sans-serif;font-size: 12pt\">Nuestro Ajedrez en Europa<\/b><span style=\"font-family: Verdana, sans-serif;font-size: 12pt\"> jugando contra uno de<br \/>\nlos equipos hind\u00faes. El resto del calendario se ha apretado considerablemente<br \/>\npara el equipo de las <\/span><b style=\"font-family: Verdana, sans-serif;font-size: 12pt\">escuelas de Alc\u00e1zar y Villafranca<\/b><span style=\"font-family: Verdana, sans-serif;font-size: 12pt\">, con partidas el<br \/>\n6, 7, 8, 13 y 15 de abril.<\/span><\/p>\n<p class=\"MsoNormal\" style=\"line-height: normal;margin-bottom: .0001pt;margin-bottom: 0cm;text-align: justify\"><span style=\"font-family: Verdana, sans-serif;font-size: 12pt\">&nbsp;<\/span><b><i><u><span style=\"font-family: Verdana, sans-serif;font-size: 12pt\">Una competici\u00f3n en juego<br \/>\ncon 120 equipos<\/span><\/u><\/i><\/b><span style=\"font-family: Verdana, sans-serif;font-size: 12pt\">&nbsp;<\/span><\/p>\n<p class=\"MsoNormal\" style=\"line-height: normal;margin-bottom: .0001pt;margin-bottom: 0cm;text-align: justify\"><span style=\"font-family: Verdana, sans-serif;font-size: 12pt\">Casi 1.000 chicos y chicas de todo el<br \/>\nmundo componen los 120 equipos clasificados para esta nueva etapa del Torneo<br \/>\nMundial de la Expo que disput\u00f3 su primera partida de la 2\u00aa fase el pasado<br \/>\nmi\u00e9rcoles 16 de marzo. Recordemos que en este periodo hay 15 grupos de 8<br \/>\nequipos y que se clasificar\u00e1n para la semifinal los 2 primeros de cada grupo.<\/span><span style=\"font-family: Verdana, sans-serif;font-size: 12pt\">&nbsp;<\/span><\/p>\n<p class=\"MsoNormal\" style=\"line-height: normal;margin-bottom: .0001pt;margin-bottom: 0cm;text-align: justify\"><span style=\"font-family: Verdana, sans-serif;font-size: 12pt\">Aqu\u00ed dejamos el enlace con la p\u00e1gina<br \/>\noficial del Torneo:<\/span><\/p>\n<\/p>\n<p class=\"MsoNormal\" style=\"line-height: normal;margin-bottom: .0001pt;margin-bottom: 0cm;text-align: justify\"><span class=\"MsoHyperlink\"><span style=\",sans-serif;font-size: 12.0pt\"><a href=\"https:\/\/events.chess24.com\/school-tournament\/\">https:\/\/events.chess24.com\/school-tournament\/<\/a><\/span><\/span><\/p>\n<p><\/p>\n","protected":false},"excerpt":{"rendered":"<p>&nbsp; El Colegio de la Sant\u00edsima Trinidad en la 2\u00aa fase del Torneo Ya ha comenzado la 2\u00aa fase del Torneo Mundial por Equipos de la Exposici\u00f3n Universal de Dubai. El colegio Sant\u00edsima Trinidad de Alc\u00e1zar de San Juan ha quedado encuadrado dentro del grupo N, junto a los siguientes equipos: &nbsp; Jaime Vila &#8211; [&hellip;]<\/p>\n","protected":false},"author":1,"featured_media":1234,"comment_status":"open","ping_status":"closed","sticky":false,"template":"","format":"standard","meta":{"footnotes":""},"categories":[1],"tags":[],"class_list":["post-1233","post","type-post","status-publish","format-standard","has-post-thumbnail","hentry","category-noticias"],"_links":{"self":[{"href":"https:\/\/www.bfv.cloud\/ajedrezeuropa\/wp-json\/wp\/v2\/posts\/1233","targetHints":{"allow":["GET"]}}],"collection":[{"href":"https:\/\/www.bfv.cloud\/ajedrezeuropa\/wp-json\/wp\/v2\/posts"}],"about":[{"href":"https:\/\/www.bfv.cloud\/ajedrezeuropa\/wp-json\/wp\/v2\/types\/post"}],"author":[{"embeddable":true,"href":"https:\/\/www.bfv.cloud\/ajedrezeuropa\/wp-json\/wp\/v2\/users\/1"}],"replies":[{"embeddable":true,"href":"https:\/\/www.bfv.cloud\/ajedrezeuropa\/wp-json\/wp\/v2\/comments?post=1233"}],"version-history":[{"count":1,"href":"https:\/\/www.bfv.cloud\/ajedrezeuropa\/wp-json\/wp\/v2\/posts\/1233\/revisions"}],"predecessor-version":[{"id":1240,"href":"https:\/\/www.bfv.cloud\/ajedrezeuropa\/wp-json\/wp\/v2\/posts\/1233\/revisions\/1240"}],"wp:featuredmedia":[{"embeddable":true,"href":"https:\/\/www.bfv.cloud\/ajedrezeuropa\/wp-json\/wp\/v2\/media\/1234"}],"wp:attachment":[{"href":"https:\/\/www.bfv.cloud\/ajedrezeuropa\/wp-json\/wp\/v2\/media?parent=1233"}],"wp:term":[{"taxonomy":"category","embeddable":true,"href":"https:\/\/www.bfv.cloud\/ajedrezeuropa\/wp-json\/wp\/v2\/categories?post=1233"},{"taxonomy":"post_tag","embeddable":true,"href":"https:\/\/www.bfv.cloud\/ajedrezeuropa\/wp-json\/wp\/v2\/tags?post=1233"}],"curies":[{"name":"wp","href":"https:\/\/api.w.org\/{rel}","templated":true}]}}