{"id":1241,"date":"2014-03-24T21:14:00","date_gmt":"2014-03-24T21:14:00","guid":{"rendered":"https:\/\/www.bfv.cloud\/ajedrezeuropa\/index.php\/2014\/03\/24\/4-nuevos-trofeos-para-la-escuela-de-ajedrez-de-alcazar\/"},"modified":"2025-11-20T10:28:43","modified_gmt":"2025-11-20T10:28:43","slug":"4-nuevos-trofeos-para-la-escuela-de-ajedrez-de-alcazar","status":"publish","type":"post","link":"https:\/\/www.bfv.cloud\/ajedrezeuropa\/4-nuevos-trofeos-para-la-escuela-de-ajedrez-de-alcazar\/","title":{"rendered":"4 NUEVOS TROFEOS PARA LA ESCUELA DE AJEDREZ DE ALC\u00c1ZAR"},"content":{"rendered":"<table cellpadding=\"0\" cellspacing=\"0\" class=\"tr-caption-container\" style=\"float: right;margin-left: 1em;text-align: right\">\n<tbody>\n<tr>\n<td style=\"text-align: center\"><a href=\"https:\/\/www.bfv.cloud\/ajedrezeuropa\/wp-content\/uploads\/2014\/03\/FOTOSEDADESCREAL001.jpg\" style=\"clear: right;margin-bottom: 1em;margin-left: auto;margin-right: auto\"><img fetchpriority=\"high\" decoding=\"async\" border=\"0\" src=\"https:\/\/www.bfv.cloud\/ajedrezeuropa\/wp-content\/uploads\/2014\/03\/FOTOSEDADESCREAL001.jpg\" height=\"310\" width=\"400\" \/><\/a><\/td>\n<\/tr>\n<tr>\n<td class=\"tr-caption\" style=\"text-align: center\">Los 9 jugadores de la escuela alcazare\u00f1a que han finalizado el campeonato<br \/>\ncon los 4 trofeos ganados<\/td>\n<\/tr>\n<\/tbody>\n<\/table>\n<div class=\"MsoTitle\" style=\"text-align: justify\">\n<span style=\"font-size: 12.0pt\"><u><span style=\"font-family: Verdana, sans-serif\">En<br \/>\nel campeonato provincial por edades de Ciudad Real<\/span><\/u><\/span><span style=\"font-size: 12pt\">&nbsp; &nbsp; &nbsp; &nbsp; &nbsp; &nbsp; &nbsp; &nbsp; &nbsp; &nbsp; &nbsp; &nbsp; &nbsp; &nbsp; &nbsp; &nbsp; <\/span><span style=\"font-family: Verdana, sans-serif;font-size: 12pt\">Con un t\u00edtulo de campe\u00f3n provincial<br \/>\nsub-16 para Javier Valdepe\u00f1as, dos subcampeonatos para Nuria Lozano en sub-10 e<br \/>\nIsabel Marcos-Alberca en sub-12, y un tercer puesto para Cosimo de Giorgi en<br \/>\nsub-18, finalizaba la participaci\u00f3n de la escuela de ajedrez de Alc\u00e1zar en el<br \/>\ncampeonato por edades de Ciudad Real. Javier se alzaba con la victoria en la<br \/>\ncategor\u00eda sub-16 sumando los 6 puntos posibles, aventajando en 2 a sus<br \/>\ninmediatos seguidores. Mientras, Nuria e Isabel, empataban a puntos con las<br \/>\ncampeonas de sus respectivas categor\u00edas, decidiendo por peque\u00f1os m\u00e1rgenes los<br \/>\nsistemas de desempates y dej\u00e1ndolas, finalmente, en la 2\u00aa posici\u00f3n. La otra<br \/>\nplaza de honor era conseguida por Cosimo Leonardo de Giorgi tras sumar 3 puntos<br \/>\nen su primer a\u00f1o dentro del sub-18. Tambi\u00e9n por un corto margen en los<br \/>\ndesempates, Arturo Mate, conclu\u00eda 4\u00ba clasificado del sub-12 empatado a 4,5<br \/>\npuntos con el segundo y el tercero, despu\u00e9s de realizar un buen juego en la<br \/>\nmayor\u00eda de sus partidas al igual que su compa\u00f1ero Enrique Velasco, que quedaba<br \/>\nsituado en 7\u00aa posici\u00f3n, pero que pod\u00eda haberla mejorado notablemente de no<br \/>\nhaber sido por alg\u00fan despiste en el final de sus partidas. El sub-12 lo<br \/>\ncompletaban, Julia Meza, 4\u00aa plaza femenina y Pablo Vela en la posici\u00f3n 16\u00aa, con<br \/>\n3 puntos cada uno. La otra jugadora alcazare\u00f1a que ha finalizado la competici\u00f3n<br \/>\nha sido Marta Espinosa, 4\u00aa clasificada en la categor\u00eda sub-14 femenina.<\/span><\/div>\n<div class=\"MsoTitle\" style=\"text-align: justify\">\n<\/div>\n<div class=\"MsoTitle\" style=\"text-align: justify\">\n<span style=\"font-size: 12.0pt\"><span style=\"font-family: Verdana, sans-serif\"><u>Unos<br \/>\nbuenos resultados en un campeonato accidentado para algunos de nuestros<br \/>\njugadores<\/u><\/span><\/span><\/div>\n<div class=\"MsoTitle\" style=\"text-align: justify\">\n<span style=\"font-family: Verdana, sans-serif;font-size: 12pt\">Valorando positivamente el juego y<br \/>\nlos resultados de todos los chicos y chicas de Nuestro Ajedrez en Europa que<br \/>\nhan finalizado los distintos torneos, es necesario indicar la existencia de<br \/>\nalgunas complicaciones que han impedido que 3 de nuestros jugadores puedan<br \/>\ncompletar su participaci\u00f3n en las dos jornadas del pasado fin de semana.<br \/>\nMotivos de salud y coincidencia con otros compromisos y actividades, provocaron<br \/>\nque Carlos \u00c1lvarez en el sub-18, Julio M\u00e9rida en sub-14 y \u00c1lvaro S\u00e1nchez-Mateos<br \/>\nen sub-12, no pudieran asistir a las 4 \u00faltimas rondas, reduci\u00e9ndose<br \/>\nconsiderablemente nuestras opciones de victoria en 3 categor\u00edas importantes de<br \/>\neste provincial.<\/span><span style=\"font-family: Verdana, sans-serif;font-size: 12pt\">&nbsp;&nbsp;<\/span><\/div>\n<div class=\"MsoTitle\" style=\"text-align: justify\">\n<\/div>\n<div class=\"MsoTitle\" style=\"text-align: justify\">\n<span style=\"font-size: 12.0pt\"><span style=\"font-family: Verdana, sans-serif\"><u>El<br \/>\nregional por edades de Horche<\/u><\/span><\/span><span style=\"font-size: 12pt\">&nbsp;<\/span><\/div>\n<p><\/p>\n<div class=\"MsoTitle\" style=\"text-align: justify\">\n<span style=\"font-size: 12pt\"><span style=\"font-family: Verdana, sans-serif\">La pr\u00f3xima cita con los campeonatos<br \/>\noficiales de ajedrez en esta temporada ser\u00e1 la que se celebrar\u00e1 en la poblaci\u00f3n<br \/>\nde Horche (Guadalajara) durante los d\u00edas 11, 12, 13 y 14 de abril. En esta<br \/>\nocasi\u00f3n, el Campeonato Regional por Edades, repetir\u00e1 su sede de hace 3 a\u00f1os en<br \/>\nel hotel La Ca\u00f1ada con alguna novedad digna de menci\u00f3n. As\u00ed, destacamos que se<br \/>\nha llegado al acuerdo, entre los clubes y la delegaci\u00f3n de ajedrez de Ciudad<br \/>\nReal, de poner a disposici\u00f3n de todos los participantes de esta provincia un autob\u00fas<br \/>\npara el viaje de ida y regreso a Horche. Este transporte ser\u00e1 gratuito y<br \/>\nsustituye a la subvenci\u00f3n para los campeones provinciales que se daba algunas<br \/>\ntemporadas.<\/span><\/span><\/div>\n","protected":false},"excerpt":{"rendered":"<p>Los 9 jugadores de la escuela alcazare\u00f1a que han finalizado el campeonato con los 4 trofeos ganados En el campeonato provincial por edades de Ciudad Real&nbsp; &nbsp; &nbsp; &nbsp; &nbsp; &nbsp; &nbsp; &nbsp; &nbsp; &nbsp; &nbsp; &nbsp; &nbsp; &nbsp; &nbsp; &nbsp; Con un t\u00edtulo de campe\u00f3n provincial sub-16 para Javier Valdepe\u00f1as, dos subcampeonatos para Nuria [&hellip;]<\/p>\n","protected":false},"author":1,"featured_media":1242,"comment_status":"open","ping_status":"closed","sticky":false,"template":"","format":"standard","meta":{"footnotes":""},"categories":[1],"tags":[],"class_list":["post-1241","post","type-post","status-publish","format-standard","has-post-thumbnail","hentry","category-noticias"],"_links":{"self":[{"href":"https:\/\/www.bfv.cloud\/ajedrezeuropa\/wp-json\/wp\/v2\/posts\/1241","targetHints":{"allow":["GET"]}}],"collection":[{"href":"https:\/\/www.bfv.cloud\/ajedrezeuropa\/wp-json\/wp\/v2\/posts"}],"about":[{"href":"https:\/\/www.bfv.cloud\/ajedrezeuropa\/wp-json\/wp\/v2\/types\/post"}],"author":[{"embeddable":true,"href":"https:\/\/www.bfv.cloud\/ajedrezeuropa\/wp-json\/wp\/v2\/users\/1"}],"replies":[{"embeddable":true,"href":"https:\/\/www.bfv.cloud\/ajedrezeuropa\/wp-json\/wp\/v2\/comments?post=1241"}],"version-history":[{"count":1,"href":"https:\/\/www.bfv.cloud\/ajedrezeuropa\/wp-json\/wp\/v2\/posts\/1241\/revisions"}],"predecessor-version":[{"id":1243,"href":"https:\/\/www.bfv.cloud\/ajedrezeuropa\/wp-json\/wp\/v2\/posts\/1241\/revisions\/1243"}],"wp:featuredmedia":[{"embeddable":true,"href":"https:\/\/www.bfv.cloud\/ajedrezeuropa\/wp-json\/wp\/v2\/media\/1242"}],"wp:attachment":[{"href":"https:\/\/www.bfv.cloud\/ajedrezeuropa\/wp-json\/wp\/v2\/media?parent=1241"}],"wp:term":[{"taxonomy":"category","embeddable":true,"href":"https:\/\/www.bfv.cloud\/ajedrezeuropa\/wp-json\/wp\/v2\/categories?post=1241"},{"taxonomy":"post_tag","embeddable":true,"href":"https:\/\/www.bfv.cloud\/ajedrezeuropa\/wp-json\/wp\/v2\/tags?post=1241"}],"curies":[{"name":"wp","href":"https:\/\/api.w.org\/{rel}","templated":true}]}}