{"id":1244,"date":"2011-02-21T00:55:00","date_gmt":"2011-02-21T00:55:00","guid":{"rendered":"https:\/\/www.bfv.cloud\/ajedrezeuropa\/index.php\/2011\/02\/21\/nuestro-ajedrez-en-europa-de-villafranca-vence-en-el-escolar-de-toledo\/"},"modified":"2025-11-20T10:28:57","modified_gmt":"2025-11-20T10:28:57","slug":"nuestro-ajedrez-en-europa-de-villafranca-vence-en-el-escolar-de-toledo","status":"publish","type":"post","link":"https:\/\/www.bfv.cloud\/ajedrezeuropa\/nuestro-ajedrez-en-europa-de-villafranca-vence-en-el-escolar-de-toledo\/","title":{"rendered":"NUESTRO AJEDREZ EN EUROPA DE VILLAFRANCA VENCE EN EL ESCOLAR DE TOLEDO"},"content":{"rendered":"<p>\ufeff <\/p>\n<table cellpadding=\"0\" cellspacing=\"0\" class=\"tr-caption-container\" style=\"float: left;margin-right: 1em;text-align: left\">\n<tbody>\n<tr>\n<td style=\"text-align: center\"><a href=\"https:\/\/www.bfv.cloud\/ajedrezeuropa\/wp-content\/uploads\/2011\/02\/1Ao2AoY3AoDELPROVINCIALYESCOLARDELCADETETOLEDANO.jpg\" style=\"clear: left;margin-bottom: 1em;margin-left: auto;margin-right: auto\"><img fetchpriority=\"high\" decoding=\"async\" border=\"0\" height=\"400\" src=\"https:\/\/www.bfv.cloud\/ajedrezeuropa\/wp-content\/uploads\/2011\/02\/125C225BA225C225BAY325C225BADELPROVINCIALYESCOLARDELCADETETOLEDANO.jpg\" width=\"345\" \/><\/a><\/td>\n<\/tr>\n<tr>\n<td class=\"tr-caption\" style=\"text-align: center\">Daniel, campe\u00f3n del cadete y del provincial sub-16, Santiago y Jorge,<br \/>\nsubcampeones conjuntamente de ambas categor\u00edas.<\/td>\n<\/tr>\n<\/tbody>\n<\/table>\n<p>\ufeff <\/p>\n<div style=\"text-align: center\">&nbsp;<strong><u><span style=\", sans-serif\">El triunfo de un proyecto \u00fanico en Castilla-La Mancha.<\/span><\/u><\/strong><\/div>\n<div style=\"text-align: center\"><strong><span style=\"font-family: Trebuchet MS\">Es muy probable que el pasado s\u00e1bado hayamos escrito una de las p\u00e1ginas m\u00e1s importantes de la peque\u00f1a historia del&nbsp;ajedrez en Toledo. Nuestros 18 jugadores participantes en los campeonatos provinciales&nbsp;escolares y por categor\u00edas han culminado una actuaci\u00f3n ejemplar, tanto en el terreno de los resultados obtenidos como en el de la deportividad y combatividad demostrada.&nbsp;El trabajo realizado por sus entrenadores y preparadores, Elizbar Ubilava, Herminio Herr\u00e1iz, Ana Isabel Gonz\u00e1lez Berruga y el resto de monitores deportivos de nuestras escuelas, as\u00ed como nuestro psic\u00f3logo Juan Carlos Avil\u00e9s, vuelve a dar sus frutos traducido en&nbsp;1 campe\u00f3n y 2 campeonas, 2 subcampeones y&nbsp;3 subcampeonas. Les mandamos, desde aqu\u00ed,&nbsp;un agradecido abrazo a todos ellos. <\/span><\/strong><\/div>\n<div style=\"text-align: center\"><strong><span style=\"font-family: Trebuchet MS\">Vayamos ahora&nbsp;desglosando estos impresionantes resultados, que son los mejores obtenidos por el conjunto de nuestro proyecto a lo largo de los a\u00f1os de su participaci\u00f3n en esta competici\u00f3n.<\/span><\/strong><\/div>\n<div style=\"text-align: center\">\n<\/div>\n<div style=\"text-align: center\"><strong><em><u><span style=\"font-family: Trebuchet MS\">Campeonato Escolar Cadete y sub-16&nbsp;(jugado a 6 rondas):<\/span><\/u><\/em><\/strong><\/div>\n<div style=\"text-align: center\">\n<\/div>\n<div style=\"text-align: center\"><strong><span style=\"font-family: Trebuchet MS\"><em><u>Campe\u00f3n:<\/u><\/em> Daniel P\u00edriz, con 4,5 puntos.&nbsp;<\/span><\/strong><\/div>\n<div style=\"text-align: center\"><strong><span style=\"font-family: Trebuchet MS\"><em><u>Subcampeones<\/u><\/em> (ex aequo): Santiago Talavera y Jorge Sim\u00f3n, tambi\u00e9n con 4,5 puntos.<\/span><\/strong><\/div>\n<div style=\"text-align: center\"><strong><span style=\"font-family: Trebuchet MS\">Los 3 pertenecen a la escuela de Villafranca y han quedado clasificados para el Campeonato Escolar Cadete de Castilla-La Mancha, as\u00ed como para el Campeonato Regional por Edades en la categor\u00eda sub-16.&nbsp;Recordemos que estos chicos, junto a Sergio Valencia y Daniel Salas, son los vigentes campeones regionales y novenos nacionales sub-16 por equipos.<\/span><\/strong><\/div>\n<table cellpadding=\"0\" cellspacing=\"0\" class=\"tr-caption-container\" style=\"float: right;margin-left: 1em;text-align: right\">\n<tbody>\n<tr>\n<td style=\"text-align: center\"><a href=\"https:\/\/www.bfv.cloud\/ajedrezeuropa\/wp-content\/uploads\/2011\/02\/SILVIA2AaDELPROVINCIALINFANTIL.jpg\" style=\"clear: right;margin-bottom: 1em;margin-left: auto;margin-right: auto\"><img decoding=\"async\" border=\"0\" height=\"400\" src=\"https:\/\/www.bfv.cloud\/ajedrezeuropa\/wp-content\/uploads\/2011\/02\/SILVIA225C225AADELPROVINCIALINFANTIL.jpg\" width=\"263\" \/><\/a><\/td>\n<\/tr>\n<tr>\n<td class=\"tr-caption\" style=\"text-align: center\">Silvia recibiendo de \u00d3scar, representante de la <br \/>\nDiputaci\u00f3n de Toledo, el trofeo de <br \/>\nsubcampeona del infantil femenino y <br \/>\n2\u00aa clasificada de chicas del sub-14.<\/td>\n<\/tr>\n<\/tbody>\n<\/table>\n<p>\n\ufeff\ufeff \ufeff \ufeff\ufeff\ufeff\ufeff <\/p>\n<table cellpadding=\"0\" cellspacing=\"0\" class=\"tr-caption-container\" style=\"float: left;margin-right: 1em;text-align: left\">\n<tbody>\n<tr>\n<td style=\"text-align: center\"><a href=\"https:\/\/www.bfv.cloud\/ajedrezeuropa\/wp-content\/uploads\/2011\/02\/IRENESIMANCAMPEONAS-12.jpg\" style=\"clear: left;margin-bottom: 1em;margin-left: auto;margin-right: auto\"><img decoding=\"async\" border=\"0\" height=\"400\" src=\"https:\/\/www.bfv.cloud\/ajedrezeuropa\/wp-content\/uploads\/2011\/02\/IRENESIM25C32593NCAMPEONAS-12.jpg\" width=\"182\" \/><\/a><\/td>\n<\/tr>\n<tr>\n<td class=\"tr-caption\" style=\"text-align: center\">Irene, campeona provincial&nbsp;sub-12 y <br \/>\n4\u00aa plaza en el infantil femenino. Ella forma parte<br \/>\nimportante del presente y del pr\u00f3ximo futuro&nbsp;de<br \/>\nNuestro Ajedrez en Europa.<\/td>\n<\/tr>\n<\/tbody>\n<\/table>\n<p>\ufeff\ufeff\ufeff\ufeff\ufeff\ufeff\ufeff <br \/>\n\ufeff <\/p>\n<table cellpadding=\"0\" cellspacing=\"0\" class=\"tr-caption-container\" style=\"float: right;margin-left: 1em;text-align: right\">\n<tbody>\n<tr>\n<td style=\"text-align: center\"><a href=\"https:\/\/www.bfv.cloud\/ajedrezeuropa\/wp-content\/uploads\/2011\/02\/MARA\u008dAYPAULACONSUSTROFEOS.jpg\" style=\"clear: right;margin-bottom: 1em;margin-left: auto;margin-right: auto\"><img loading=\"lazy\" decoding=\"async\" border=\"0\" height=\"400\" src=\"https:\/\/www.bfv.cloud\/ajedrezeuropa\/wp-content\/uploads\/2011\/02\/MAR25C3258DAYPAULACONSUSTROFEOS.jpg\" width=\"375\" \/><\/a><\/td>\n<\/tr>\n<tr>\n<td class=\"tr-caption\" style=\"text-align: center\">Mar\u00eda y Paula, nuestras jovenc\u00edsimas campeona y subcampeona&nbsp;de Toledo<br \/>\n&nbsp;del femenino en la categor\u00eda sub-10. Las dos tienen 7 a\u00f1os de edad y<br \/>\nson parte del prometedor futuro de nuestro proyecto.<\/td>\n<\/tr>\n<\/tbody>\n<\/table>\n<p><strong><em><u><span style=\", sans-serif\">Campeonato Escolar Infantil (sub-14, sub-12 y sub-10)<\/span><\/u><\/em><\/strong><br \/>\n<strong><em><u><span style=\", sans-serif\">(jugado a 8 rondas):<\/span><\/u><\/em><\/strong><\/p>\n<p><strong><span style=\"font-family: Trebuchet MS\"><em><u>Subcampeona infantil y sub-14:<\/u><\/em> Silvia Toribio, con 6 puntos, empatada con la campeona (Laura Alonso de Bargas),&nbsp;y la 3\u00aa clasificada (Clara Jim\u00e9nez de Mora). Para Silvia&nbsp;ser\u00e1 su primera participaci\u00f3n en la fase regional del escolar y su 4\u00ba a\u00f1o consecutivo en el auton\u00f3mico por edades.&nbsp;<\/span><\/strong><br \/>\n<strong><span style=\"font-family: Trebuchet MS\"><em><u>Campeona sub-12<\/u><\/em>: Irene Sim\u00f3n, con 5,5 puntos, tambi\u00e9n ha alcanzado una destacada 4\u00aa plaza del infantil. Tanto Irene como Silvia forman parte del equipo de Nuestro Ajedrez por la Igualdad que ocup\u00f3 la 18\u00aa posici\u00f3n en la fase final del Campeonato de Espa\u00f1a por Equipos de Club Sub-16 en diciembre de 2010.<\/span><\/strong><br \/>\n<strong><span style=\"font-family: Trebuchet MS\"><em><u>Campeona sub-10:<\/u><\/em> Mar\u00eda Oliver, en su 2\u00aa participaci\u00f3n y a pesar de competir en una categor\u00eda superior a la de su edad (Sub-8), consigue 3,5 puntos.<\/span><\/strong><br \/>\n<strong><span style=\"font-family: Trebuchet MS\"><em><u>Subcampeona sub-10:<\/u><\/em> Paula Velasco, 2,5 puntos, primer a\u00f1o en competici\u00f3n y ya nos representar\u00e1 en un regional.<\/span><\/strong><br \/>\n<strong><span style=\"font-family: Trebuchet MS\">\u00a1\u00a1 Bravo por estas dos chicas de tan s\u00f3lo 7 a\u00f1os, fruto de los proyectos de igualdad y trabajo espec\u00edfico femenino puestos en marcha por nuestras escuelas de Alc\u00e1zar y Villafranca !!<\/span><\/strong><\/p>\n<table align=\"center\" cellpadding=\"0\" cellspacing=\"0\" class=\"tr-caption-container\" style=\"margin-left: auto;margin-right: auto;text-align: center\">\n<tbody>\n<tr>\n<td style=\"text-align: center\"><a href=\"https:\/\/www.bfv.cloud\/ajedrezeuropa\/wp-content\/uploads\/2011\/02\/GRUPODELAESCUELAII.jpg\" style=\"margin-left: auto;margin-right: auto\"><img loading=\"lazy\" decoding=\"async\" border=\"0\" height=\"240\" src=\"https:\/\/blogger.googleusercontent.com\/img\/b\/R29vZ2xl\/AVvXsEht1FGTHisqkoP4FnKF8VjIwgrx_SgwBEKSKhJH1gxMV9zsHzgZdKsTPO86f9-yZkbsGzB0MGH57kQqnCu0NGa7v1eAsUQ-F9b0WQ10hQ0XBAGXvxz8pVss6WcDoqZWk7pby3nGNKzEbOY\/s400\/GRUPO+DE+LA+ESCUELA+II.jpg\" width=\"400\" \/><\/a><\/td>\n<\/tr>\n<tr>\n<td class=\"tr-caption\" style=\"text-align: center\">Un magn\u00edfico grupo para el recuerdo, todos los participantes del escolar<br \/>\n2011 de nuestro proyecto toledano, acompa\u00f1ados de Clara Jim\u00e9nez,<br \/>\n3\u00aa clasificada del infantil femenino y jugadora de la<br \/>\ndesgraciadamente desaparecida escuela de Mora.<\/td>\n<\/tr>\n<\/tbody>\n<\/table>\n<p>\ufeff <span style=\", sans-serif\"><strong>Adem\u00e1s, en categor\u00eda cadete, hemos estado muy bien representados por:<\/strong><\/span><br \/>\n<span style=\", sans-serif\"><strong>Sergio Valencia, 9\u00ba en la clasificaci\u00f3n final con 3,5 puntos y Jes\u00fas Mar\u00eda Bricio, 11\u00ba&nbsp;tambi\u00e9n con 3,5 puntos.<\/strong><\/span><br \/>\n<span style=\", sans-serif\"><strong>En la categor\u00eda infantil, a parte de los ya citados, hay que destacar la brillante participaci\u00f3n de Jos\u00e9 Luis y Ra\u00fal D\u00edaz Guerrero, situados en 16\u00aa y 20\u00aa posici\u00f3n finalmente con 5 puntos, pero luchando hasta la ronda final por entrar en los puestos de honor. <\/strong><\/span><br \/>\n<span style=\", sans-serif\"><strong>Por su parte, Iv\u00e1n Valencia (S-10), con 4 puntos en el lugar 45\u00ba; Alex Cristian Roman (S-10), con 3 puntos en el lugar 64\u00ba; Eva S\u00e1nchez (S-14), con 3 puntos en la 67\u00aa plaza; Andrea S\u00e1nchez (S-12), con 3 puntos en la 71\u00aa plaza; y \u00d3scar Roncero (S-8), con 3 puntos en la 72\u00aa posici\u00f3n; han podido disfrutar de la competici\u00f3n, muchos de ellos en su primer a\u00f1o de participaci\u00f3n.\ufeff\ufeff<\/strong><\/span>\ufeff <\/p>\n<table cellpadding=\"0\" cellspacing=\"0\" class=\"tr-caption-container\" style=\"float: left;margin-right: 1em;text-align: left\">\n<tbody>\n<tr>\n<td style=\"text-align: center\"><a href=\"https:\/\/www.bfv.cloud\/ajedrezeuropa\/wp-content\/uploads\/2011\/02\/PROVINCIALEDADESBLANCA.jpg\" style=\"clear: left;margin-bottom: 1em;margin-left: auto;margin-right: auto\"><img loading=\"lazy\" decoding=\"async\" border=\"0\" height=\"300\" src=\"https:\/\/blogger.googleusercontent.com\/img\/b\/R29vZ2xl\/AVvXsEjsOuNNgb648oiT6vbd37Yb39z_RR5HxW6yuCU0i8F8BcPVW-20M6ujxySHKQv3voMCWSY0-B3UKywqtMrEKc0xY_fgE6sKx75rzsCUnBU4fwvURXfKpN37r4V52rb90ctyxlh2cY4iBxY\/s400\/PROVINCIAL+EDADES+BLANCA.jpg\" width=\"400\" \/><\/a><\/td>\n<\/tr>\n<tr>\n<td class=\"tr-caption\" style=\"text-align: center\">Blanca, 2\u00aa clasificada femenina del provincial sub-18 y una<br \/>\nde las actuales preparadoras del grupo de iniciaci\u00f3n de la <br \/>\nescuela de Villafranca.<\/td>\n<\/tr>\n<\/tbody>\n<\/table>\n<p>\ufeff<br \/>\n\ufeff\ufeff <br \/>\n<strong><span style=\", sans-serif\">Para finalizar el apartado de resultados, vamos a indicar que en la categor\u00eda sub-18, nuestra jugadora Blanca Y\u00e9benes obtuvo la 2\u00aa plaza femenina con 2 puntos de&nbsp;5 posibles, despu\u00e9s de perder varias partidas en los apuros de tiempo.<\/span><\/strong><br \/>\n<strong><span style=\"font-family: Trebuchet MS\">Mientras, Alba P\u00edriz, quedaba situada en la 3\u00aa posici\u00f3n del sub-12 femenino con 5 puntos de un total de 8 rondas, realizando un espl\u00e9ndido campeonato.<\/span><\/strong>\ufeff\ufeff\ufeff\ufeff <\/p>\n<table cellpadding=\"0\" cellspacing=\"0\" class=\"tr-caption-container\" style=\"float: right;margin-left: 1em;text-align: right\">\n<tbody>\n<tr>\n<td style=\"text-align: center\"><a href=\"https:\/\/www.bfv.cloud\/ajedrezeuropa\/wp-content\/uploads\/2011\/02\/ALBAPA\u008dRIZ3AaCLASIFICADADELS-12.jpg\" style=\"clear: right;margin-bottom: 1em;margin-left: auto;margin-right: auto\"><img loading=\"lazy\" decoding=\"async\" border=\"0\" height=\"240\" src=\"https:\/\/www.bfv.cloud\/ajedrezeuropa\/wp-content\/uploads\/2011\/02\/ALBAP25C3258DRIZ325C225AACLASIFICADADELS-12.jpg\" width=\"320\" \/><\/a><\/td>\n<\/tr>\n<tr>\n<td class=\"tr-caption\" style=\"text-align: center\">Alba, 3\u00aa&nbsp;posici\u00f3n de ni\u00f1as del provincial sub-12, se ha quedado<br \/>\na un paso de su clasificaci\u00f3n para el regional por edades, aunque <br \/>\nesperamos que tambi\u00e9n forme parte de nuestro numeroso grupo <br \/>\nde participantes en Horche (Guadalajara).<\/td>\n<\/tr>\n<\/tbody>\n<\/table>\n<p>\ufeff\ufeff\ufeff\ufeff\ufeff&nbsp;\ufeff<\/p>\n<table cellpadding=\"0\" cellspacing=\"0\" class=\"tr-caption-container\" style=\"clear: left;float: left;margin-bottom: 1em;text-align: left\">\n<tbody>\n<tr>\n<td style=\"text-align: center\"><a href=\"https:\/\/www.bfv.cloud\/ajedrezeuropa\/wp-content\/uploads\/2011\/02\/SERGIO.jpg\" style=\"clear: left;margin-bottom: 1em;margin-left: auto;margin-right: auto\"><img loading=\"lazy\" decoding=\"async\" border=\"0\" height=\"320\" src=\"https:\/\/blogger.googleusercontent.com\/img\/b\/R29vZ2xl\/AVvXsEgwi7rOFRdDWop2ZoPrTqcCtUwupNtb9_az8I9GX8jy_bYKKeYRbGIYCndSV6W6jfXihKa8NGL9ZzECvajdQWRGHlABn-fFv5PsitWoGAZp5iiarVOizXrWm4g44YoMSHM9iVfPsKu7SiI\/s320\/SERGIO.jpg\" width=\"240\" \/><\/a><\/td>\n<\/tr>\n<tr>\n<td class=\"tr-caption\" style=\"text-align: center\">Sergio, 9\u00ba puesto en el cadete con 3,5 puntos de&nbsp; posibles. <br \/>\nQueremos&nbsp;distinguirle por sus <br \/>\na\u00f1os de dedicaci\u00f3n al ajedrez y a nuestros equipos en<br \/>\ntodas sus categor\u00edas, escuelas, sub-16 y absoluto.<\/td>\n<\/tr>\n<\/tbody>\n<\/table>\n<p>\ufeff\ufeff<\/p>\n<div style=\"border-bottom: medium none;border-left: medium none;border-right: medium none;border-top: medium none\">\n<\/div>\n<div style=\"border-bottom: medium none;border-left: medium none;border-right: medium none;border-top: medium none\">\n<\/div>\n<div style=\"border-bottom: medium none;border-left: medium none;border-right: medium none;border-top: medium none\">\n<\/div>\n<div style=\"border-bottom: medium none;border-left: medium none;border-right: medium none;border-top: medium none\">\n<\/div>\n<div style=\"border-bottom: medium none;border-left: medium none;border-right: medium none;border-top: medium none\">\n<\/div>\n<div style=\"border-bottom: medium none;border-left: medium none;border-right: medium none;border-top: medium none\">\n<\/div>\n<div style=\"border-bottom: medium none;border-left: medium none;border-right: medium none;border-top: medium none\">\n<\/div>\n<div style=\"border-bottom: medium none;border-left: medium none;border-right: medium none;border-top: medium none\">\n<\/div>\n<div style=\"border-bottom: medium none;border-left: medium none;border-right: medium none;border-top: medium none\">\n<\/div>\n<div style=\"border-bottom: medium none;border-left: medium none;border-right: medium none;border-top: medium none\">\n<\/div>\n<div style=\"border-bottom: medium none;border-left: medium none;border-right: medium none;border-top: medium none\">\n<\/div>\n<div style=\"border-bottom: medium none;border-left: medium none;border-right: medium none;border-top: medium none\">\n<\/div>\n<div style=\"border-bottom: medium none;border-left: medium none;border-right: medium none;border-top: medium none\">\n<\/div>\n<div style=\"border-bottom: medium none;border-left: medium none;border-right: medium none;border-top: medium none\"><strong><span style=\", sans-serif\"><em><u>LA NECESIDAD DE UN CAMBIO DE MODELO FEDERATIVO.<\/u><\/em><\/span><\/strong><br \/>\n<strong><span style=\", sans-serif\">Queremos aprovechar esta ocasi\u00f3n, para&nbsp;expresar la preocupaci\u00f3n con la que observamos algunos acontecimientos que conciernen a este mundo del ajedrez en nuestra regi\u00f3n y tambi\u00e9n en la provincia de Toledo. Entendemos que m\u00e1s all\u00e1 de las diferencias de opini\u00f3n, es posible y aconsejable buscar el acuerdo y no la imposici\u00f3n unilateral. Creemos que, m\u00e1s tarde o m\u00e1s temprano, las instituciones p\u00fablicas que financian nuestro deporte ser\u00e1n conocedoras de las arbitrariedades que algunos gestores federativos se permiten cometer con el benepl\u00e1cito y el aplauso del amigo de conveniencia que, curiosamente, siempre se ve favorecido por&nbsp;las decisiones de aquellos.<\/span><\/strong><\/div>\n<div style=\"border-bottom: medium none;border-left: medium none;border-right: medium none;border-top: medium none\"><strong><span style=\", sans-serif\">En pocas ocasiones las m\u00e1s complejas ecuaciones matem\u00e1ticas cuentan con una soluci\u00f3n tan elemental y l\u00f3gica, sin que resulten forzadas por el recurrente \u00abdestino\u00bb o por la mano indecente de alg\u00fan \u00abilustre\u00bb conspirador, aficionado habitualmente al c\u00e1lculo de probabilidades ventajistas.<\/span><\/strong>&nbsp;\ufeff\ufeff\ufeff\ufeff\ufeff\ufeff\ufeff\ufeff\ufeff <\/div>\n<table align=\"center\" cellpadding=\"0\" cellspacing=\"0\" class=\"tr-caption-container\" style=\"margin-left: 1em;margin-right: 1em;text-align: center\">\n<tbody>\n<tr>\n<td style=\"border-bottom: medium none;border-left: medium none;border-right: medium none;border-top: medium none;text-align: center\"><a href=\"https:\/\/www.bfv.cloud\/ajedrezeuropa\/wp-content\/uploads\/2011\/02\/VISTADETOLEDO.jpg\" style=\"margin-left: auto;margin-right: auto\"><img loading=\"lazy\" decoding=\"async\" border=\"0\" height=\"300\" src=\"https:\/\/blogger.googleusercontent.com\/img\/b\/R29vZ2xl\/AVvXsEiJzwd8AKLMSdFbtwBcdYsoMwbNMTau4V5_cZXmqKr75aNLP8NyWKMDo9ShU3MARqUdRMdjcD39PtavAeS3jhdtd-1qUI2IfqCC2TD78JZd6j5hDbBT1iw35WpQ_AcztJQLA764jlTRNtw\/s400\/VISTA+DE+TOLEDO.jpg\" width=\"400\" \/><\/a><\/td>\n<\/tr>\n<tr>\n<td class=\"tr-caption\" style=\"border-bottom: medium none;border-left: medium none;border-right: medium none;border-top: medium none;text-align: center\">\n<div style=\"border-bottom: medium none;border-left: medium none;border-right: medium none;border-top: medium none\">Una imagen de Toledo realizada el pasado s\u00e1bado. <\/div>\n<div style=\"border-bottom: medium none;border-left: medium none;border-right: medium none;border-top: medium none\">Nuestra capital regional se ha convertido en el mejor testigo<\/div>\n<div style=\"border-bottom: medium none;border-left: medium none;border-right: medium none;border-top: medium none\">de nuestros triunfos.<\/div>\n<\/td>\n<\/tr>\n<\/tbody>\n<\/table>\n<p>\ufeff<\/p>\n<div class=\"separator\" style=\"border-bottom: medium none;border-left: medium none;border-right: medium none;border-top: medium none;clear: both;text-align: center\"><\/div>\n","protected":false},"excerpt":{"rendered":"<p>\ufeff Daniel, campe\u00f3n del cadete y del provincial sub-16, Santiago y Jorge, subcampeones conjuntamente de ambas categor\u00edas. \ufeff &nbsp;El triunfo de un proyecto \u00fanico en Castilla-La Mancha. Es muy probable que el pasado s\u00e1bado hayamos escrito una de las p\u00e1ginas m\u00e1s importantes de la peque\u00f1a historia del&nbsp;ajedrez en Toledo. Nuestros 18 jugadores participantes en los [&hellip;]<\/p>\n","protected":false},"author":1,"featured_media":1245,"comment_status":"open","ping_status":"closed","sticky":false,"template":"","format":"standard","meta":{"footnotes":""},"categories":[1],"tags":[],"class_list":["post-1244","post","type-post","status-publish","format-standard","has-post-thumbnail","hentry","category-noticias"],"_links":{"self":[{"href":"https:\/\/www.bfv.cloud\/ajedrezeuropa\/wp-json\/wp\/v2\/posts\/1244","targetHints":{"allow":["GET"]}}],"collection":[{"href":"https:\/\/www.bfv.cloud\/ajedrezeuropa\/wp-json\/wp\/v2\/posts"}],"about":[{"href":"https:\/\/www.bfv.cloud\/ajedrezeuropa\/wp-json\/wp\/v2\/types\/post"}],"author":[{"embeddable":true,"href":"https:\/\/www.bfv.cloud\/ajedrezeuropa\/wp-json\/wp\/v2\/users\/1"}],"replies":[{"embeddable":true,"href":"https:\/\/www.bfv.cloud\/ajedrezeuropa\/wp-json\/wp\/v2\/comments?post=1244"}],"version-history":[{"count":1,"href":"https:\/\/www.bfv.cloud\/ajedrezeuropa\/wp-json\/wp\/v2\/posts\/1244\/revisions"}],"predecessor-version":[{"id":1259,"href":"https:\/\/www.bfv.cloud\/ajedrezeuropa\/wp-json\/wp\/v2\/posts\/1244\/revisions\/1259"}],"wp:featuredmedia":[{"embeddable":true,"href":"https:\/\/www.bfv.cloud\/ajedrezeuropa\/wp-json\/wp\/v2\/media\/1245"}],"wp:attachment":[{"href":"https:\/\/www.bfv.cloud\/ajedrezeuropa\/wp-json\/wp\/v2\/media?parent=1244"}],"wp:term":[{"taxonomy":"category","embeddable":true,"href":"https:\/\/www.bfv.cloud\/ajedrezeuropa\/wp-json\/wp\/v2\/categories?post=1244"},{"taxonomy":"post_tag","embeddable":true,"href":"https:\/\/www.bfv.cloud\/ajedrezeuropa\/wp-json\/wp\/v2\/tags?post=1244"}],"curies":[{"name":"wp","href":"https:\/\/api.w.org\/{rel}","templated":true}]}}